{"id":157654,"date":"2026-04-30T22:35:50","date_gmt":"2026-05-01T01:35:50","guid":{"rendered":"https:\/\/infoecos.com.ar\/?p=157654"},"modified":"2026-04-30T22:35:51","modified_gmt":"2026-05-01T01:35:51","slug":"opinion-queda-poco-espacio-estando-a-tiempo-de-cambiar","status":"publish","type":"post","link":"https:\/\/infoecos.com.ar\/index.php\/opinion-queda-poco-espacio-estando-a-tiempo-de-cambiar\/","title":{"rendered":"Opini\u00f3n: Queda poco espacio, estando a tiempo de cambiar"},"content":{"rendered":"\n<figure class=\"wp-block-image aligncenter size-full\"><img loading=\"lazy\" decoding=\"async\" width=\"992\" height=\"558\" src=\"https:\/\/infoecos.com.ar\/wp-content\/uploads\/2026\/04\/image-287.png\" alt=\"\" class=\"wp-image-157655\" srcset=\"https:\/\/infoecos.com.ar\/wp-content\/uploads\/2026\/04\/image-287.png 992w, https:\/\/infoecos.com.ar\/wp-content\/uploads\/2026\/04\/image-287-800x450.png 800w, https:\/\/infoecos.com.ar\/wp-content\/uploads\/2026\/04\/image-287-768x432.png 768w\" sizes=\"(max-width: 992px) 100vw, 992px\" \/><\/figure>\n\n\n\n<p><strong>Escribe: Jorge Matheus<\/strong><\/p>\n\n\n\n<p><em>Un poco tarde, pero todav\u00eda estando.<\/em><\/p>\n\n\n\n<p><em>He sentido profunda bronca esta tarde, leyendo que el presidente de la Naci\u00f3n, se\u00f1or Javier Milei (@JMilei); su Hermana @KarinaMileiOk, la que pareciera est\u00e1 por encima de sus bochornosas apariciones p\u00fablicas, GOBERNANDO; y el ministro de Relaciones Exteriores @pabloquirno con el dedito levantado en se\u00f1al de gran hecho pol\u00edtico y trascendencia, mientras que en <a href=\"https:\/\/www.facebook.com\/hashtag\/trenquelauquen?__cft__[0]=AZZqw3LTUyDKZjlq1flMMQrH84eXqfEJH_ckCZwF1hxPTw2iGsxau-CwtZZjPzEzdG5ebXFzniIX3PMYxjdDKJ3KUB2WXli-FSQUVSBgHrwMIgqfqhvuhXEqYcqWJWmXTIzUi73gfUURNRftGKL9qSrPp-hn3Zyn3gtzb4nkdXPPcWCHE0nGEcFXuTwNEzr6fM8&amp;__tn__=*NK-R\">#TrenqueLauquen<\/a> &#8211; sin ir m\u00e1s lejos &#8211; hay hombres y mujeres que piden para pagar gas \u00f3 electricidad, solicitan aportes para hacer frente a comida y medicamentos.<\/em><\/p>\n\n\n\n<p><em>Claro que si removemos en la historia pol\u00edtica m\u00e1s reciente se cometieron errores y atropellos. Refiero &#8211; concreta y puntualmente &#8211; a los mandatos de Cristina Fern\u00e1ndez de Kirchner y Alberto Fern\u00e1ndez, dando gestaci\u00f3n a constantes campa\u00f1as con ataques sistem\u00e1ticos a la calificaci\u00f3n que impusieron &#8211; <a href=\"https:\/\/www.facebook.com\/hashtag\/kukas?__cft__[0]=AZZqw3LTUyDKZjlq1flMMQrH84eXqfEJH_ckCZwF1hxPTw2iGsxau-CwtZZjPzEzdG5ebXFzniIX3PMYxjdDKJ3KUB2WXli-FSQUVSBgHrwMIgqfqhvuhXEqYcqWJWmXTIzUi73gfUURNRftGKL9qSrPp-hn3Zyn3gtzb4nkdXPPcWCHE0nGEcFXuTwNEzr6fM8&amp;__tn__=*NK-R\">#Kukas<\/a> &#8211; motorizada por adversarios que fueron parte de todos los gobiernos, enti\u00e9ndase Milei, Scioli, Bullrich, etc\u00e9tera.<\/em><\/p>\n\n\n\n<p><em>No hay m\u00e1s tiempo &#8211; creo &#8211; para seguir con esa ret\u00f3rica, responsabilizando a la \u00abcasta\u00bb, cuyos actores son dirigentes que se sostienen desde 1983, y las que utilizan la \u00abpseudo valoraci\u00f3n\u00bb en t\u00e9rminos absolutos, sin la m\u00e1s m\u00ednima idea de que se trata.<\/em><\/p>\n\n\n\n<p><em>Hay que gobernar en serio. Embarrarse los pies, soportar la cr\u00edtica, por la estanflaci\u00f3n existente en la Rep\u00fablica \u00f3 por los atropellos que se cometen desde hace dos a\u00f1os en pos de cumplir con el equilibrio fiscal \u00f3 elefanti\u00e1sica estructura del Estado.<\/em><\/p>\n\n\n\n<p><em>Que <a href=\"https:\/\/www.facebook.com\/hashtag\/carajo?__cft__[0]=AZZqw3LTUyDKZjlq1flMMQrH84eXqfEJH_ckCZwF1hxPTw2iGsxau-CwtZZjPzEzdG5ebXFzniIX3PMYxjdDKJ3KUB2WXli-FSQUVSBgHrwMIgqfqhvuhXEqYcqWJWmXTIzUi73gfUURNRftGKL9qSrPp-hn3Zyn3gtzb4nkdXPPcWCHE0nGEcFXuTwNEzr6fM8&amp;__tn__=*NK-R\">#Carajo<\/a> &#8211; esta expresi\u00f3n tan vulgar &#8211; mezclada con <a href=\"https:\/\/www.facebook.com\/hashtag\/libertad?__cft__[0]=AZZqw3LTUyDKZjlq1flMMQrH84eXqfEJH_ckCZwF1hxPTw2iGsxau-CwtZZjPzEzdG5ebXFzniIX3PMYxjdDKJ3KUB2WXli-FSQUVSBgHrwMIgqfqhvuhXEqYcqWJWmXTIzUi73gfUURNRftGKL9qSrPp-hn3Zyn3gtzb4nkdXPPcWCHE0nGEcFXuTwNEzr6fM8&amp;__tn__=*NK-R\">#Libertad<\/a>, le importa a quien padece falta de comida, servicios esenciales, salud funcionando con excelencia, y pedidos de paciencia hasta el 2032 ?.<\/em><\/p>\n\n\n\n<p><em>Por favor \u00a1\u00a1\u00a1<\/em><\/p>\n\n\n\n<p><em>Ya casi no hay lugar para proferir insultos sobre la Inflaci\u00f3n en baja, ni tampoco para pensar en <a href=\"https:\/\/www.facebook.com\/hashtag\/miner%C3%ADa?__cft__[0]=AZZqw3LTUyDKZjlq1flMMQrH84eXqfEJH_ckCZwF1hxPTw2iGsxau-CwtZZjPzEzdG5ebXFzniIX3PMYxjdDKJ3KUB2WXli-FSQUVSBgHrwMIgqfqhvuhXEqYcqWJWmXTIzUi73gfUURNRftGKL9qSrPp-hn3Zyn3gtzb4nkdXPPcWCHE0nGEcFXuTwNEzr6fM8&amp;__tn__=*NK-R\">#Miner\u00eda<\/a>, <a href=\"https:\/\/www.facebook.com\/hashtag\/litio?__cft__[0]=AZZqw3LTUyDKZjlq1flMMQrH84eXqfEJH_ckCZwF1hxPTw2iGsxau-CwtZZjPzEzdG5ebXFzniIX3PMYxjdDKJ3KUB2WXli-FSQUVSBgHrwMIgqfqhvuhXEqYcqWJWmXTIzUi73gfUURNRftGKL9qSrPp-hn3Zyn3gtzb4nkdXPPcWCHE0nGEcFXuTwNEzr6fM8&amp;__tn__=*NK-R\">#Litio<\/a> y <a href=\"https:\/\/www.facebook.com\/hashtag\/vaca?__cft__[0]=AZZqw3LTUyDKZjlq1flMMQrH84eXqfEJH_ckCZwF1hxPTw2iGsxau-CwtZZjPzEzdG5ebXFzniIX3PMYxjdDKJ3KUB2WXli-FSQUVSBgHrwMIgqfqhvuhXEqYcqWJWmXTIzUi73gfUURNRftGKL9qSrPp-hn3Zyn3gtzb4nkdXPPcWCHE0nGEcFXuTwNEzr6fM8&amp;__tn__=*NK-R\">#Vaca<\/a><a href=\"https:\/\/www.facebook.com\/hashtag\/muerta?__cft__[0]=AZZqw3LTUyDKZjlq1flMMQrH84eXqfEJH_ckCZwF1hxPTw2iGsxau-CwtZZjPzEzdG5ebXFzniIX3PMYxjdDKJ3KUB2WXli-FSQUVSBgHrwMIgqfqhvuhXEqYcqWJWmXTIzUi73gfUURNRftGKL9qSrPp-hn3Zyn3gtzb4nkdXPPcWCHE0nGEcFXuTwNEzr6fM8&amp;__tn__=*NK-R\">#Muerta<\/a>. Queda apenas &#8211; convencido lo escribo &#8211; que solo hay espacio para la vida p\u00fablica: BENEFICIOS PARA LA AUT\u00c9NTICA MAYOR\u00cdA. Espacio que &#8211; este presidente y su equipo en general &#8211; debe ocupar sepultando payasadas, gobernando con RESPONSABILIDAD NACIONAL hasta el 2027, para que en octubre de ese a\u00f1o, sea el PUEBLO el que decida si se van a quedar o deber\u00e1n irse para la llegada de otros hombres \u00f3 mujeres de la DEMOCRACIA.<\/em><\/p>\n\n\n\n<p><em>Escuch\u00e9 por la red <a href=\"https:\/\/www.facebook.com\/hashtag\/x?__cft__[0]=AZZqw3LTUyDKZjlq1flMMQrH84eXqfEJH_ckCZwF1hxPTw2iGsxau-CwtZZjPzEzdG5ebXFzniIX3PMYxjdDKJ3KUB2WXli-FSQUVSBgHrwMIgqfqhvuhXEqYcqWJWmXTIzUi73gfUURNRftGKL9qSrPp-hn3Zyn3gtzb4nkdXPPcWCHE0nGEcFXuTwNEzr6fM8&amp;__tn__=*NK-R\">#X<\/a> a la se\u00f1ora presidente de la Rep\u00fablica de M\u00e9xico, Claudia Sheinbaum Pardo @Claudiashein (video que subir\u00e9 un poco m\u00e1s tarde), refiri\u00e9ndose a medidas adoptadas por Estados Unidos que perjudican la AUTODETERMINACI\u00d3N DE LOS PUEBLOS y los deseos de una m\u00e1s arm\u00f3nica convivencia entre hermanos.<\/em><\/p>\n\n\n\n<p><strong><a href=\"https:\/\/www.facebook.com\/hashtag\/conclu%C3%AD?__cft__[0]=AZZqw3LTUyDKZjlq1flMMQrH84eXqfEJH_ckCZwF1hxPTw2iGsxau-CwtZZjPzEzdG5ebXFzniIX3PMYxjdDKJ3KUB2WXli-FSQUVSBgHrwMIgqfqhvuhXEqYcqWJWmXTIzUi73gfUURNRftGKL9qSrPp-hn3Zyn3gtzb4nkdXPPcWCHE0nGEcFXuTwNEzr6fM8&amp;__tn__=*NK-R\">#Conclu\u00ed<\/a>.<\/strong><\/p>\n\n\n\n<p><\/p>\n","protected":false},"excerpt":{"rendered":"<p>Escribe: Jorge Matheus Un poco tarde, pero todav\u00eda estando. He sentido profunda bronca esta tarde,&#8230;<\/p>\n","protected":false},"author":2,"featured_media":157655,"comment_status":"closed","ping_status":"open","sticky":false,"template":"","format":"standard","meta":{"footnotes":""},"categories":[1612],"tags":[10298,10291,156],"class_list":["post-157654","post","type-post","status-publish","format-standard","has-post-thumbnail","hentry","category-noticia-principal","tag-bloque-inferior","tag-nacional","tag-salud"],"yoast_head":"<!-- This site is optimized with the Yoast SEO plugin v23.4 - https:\/\/yoast.com\/wordpress\/plugins\/seo\/ -->\n<title>Opini\u00f3n: Queda poco espacio, estando a tiempo de cambiar - Infoecos<\/title>\n<meta name=\"robots\" content=\"index, follow, max-snippet:-1, max-image-preview:large, max-video-preview:-1\" \/>\n<link rel=\"canonical\" href=\"https:\/\/infoecos.com.ar\/index.php\/opinion-queda-poco-espacio-estando-a-tiempo-de-cambiar\/\" \/>\n<meta property=\"og:locale\" content=\"es_ES\" \/>\n<meta property=\"og:type\" content=\"article\" \/>\n<meta property=\"og:title\" content=\"Opini\u00f3n: Queda poco espacio, estando a tiempo de cambiar - Infoecos\" \/>\n<meta property=\"og:description\" content=\"Escribe: Jorge Matheus Un poco tarde, pero todav\u00eda estando. He sentido profunda bronca esta tarde,...\" \/>\n<meta property=\"og:url\" content=\"https:\/\/infoecos.com.ar\/index.php\/opinion-queda-poco-espacio-estando-a-tiempo-de-cambiar\/\" \/>\n<meta property=\"og:site_name\" content=\"Infoecos\" \/>\n<meta property=\"article:publisher\" content=\"https:\/\/www.facebook.com\/profile.php?id=100063200290284\" \/>\n<meta property=\"article:published_time\" content=\"2026-05-01T01:35:50+00:00\" \/>\n<meta property=\"article:modified_time\" content=\"2026-05-01T01:35:51+00:00\" \/>\n<meta property=\"og:image\" content=\"https:\/\/infoecos.com.ar\/wp-content\/uploads\/2026\/04\/image-287.png\" \/>\n\t<meta property=\"og:image:width\" content=\"992\" \/>\n\t<meta property=\"og:image:height\" content=\"558\" \/>\n\t<meta property=\"og:image:type\" content=\"image\/png\" \/>\n<meta name=\"author\" content=\"Jorge Matheus\" \/>\n<meta name=\"twitter:card\" content=\"summary_large_image\" \/>\n<meta name=\"twitter:creator\" content=\"@infoecos\" \/>\n<meta name=\"twitter:site\" content=\"@infoecos\" \/>\n<meta name=\"twitter:label1\" content=\"Escrito por\" \/>\n\t<meta name=\"twitter:data1\" content=\"Jorge Matheus\" \/>\n\t<meta name=\"twitter:label2\" content=\"Tiempo de lectura\" \/>\n\t<meta name=\"twitter:data2\" content=\"3 minutos\" \/>\n<script type=\"application\/ld+json\" class=\"yoast-schema-graph\">{\"@context\":\"https:\/\/schema.org\",\"@graph\":[{\"@type\":\"Article\",\"@id\":\"https:\/\/infoecos.com.ar\/index.php\/opinion-queda-poco-espacio-estando-a-tiempo-de-cambiar\/#article\",\"isPartOf\":{\"@id\":\"https:\/\/infoecos.com.ar\/index.php\/opinion-queda-poco-espacio-estando-a-tiempo-de-cambiar\/\"},\"author\":{\"name\":\"Jorge Matheus\",\"@id\":\"https:\/\/infoecos.com.ar\/#\/schema\/person\/8f5ace5ce73b4b4aac4b7245aee6f191\"},\"headline\":\"Opini\u00f3n: Queda poco espacio, estando a tiempo de cambiar\",\"datePublished\":\"2026-05-01T01:35:50+00:00\",\"dateModified\":\"2026-05-01T01:35:51+00:00\",\"mainEntityOfPage\":{\"@id\":\"https:\/\/infoecos.com.ar\/index.php\/opinion-queda-poco-espacio-estando-a-tiempo-de-cambiar\/\"},\"wordCount\":467,\"publisher\":{\"@id\":\"https:\/\/infoecos.com.ar\/#organization\"},\"image\":{\"@id\":\"https:\/\/infoecos.com.ar\/index.php\/opinion-queda-poco-espacio-estando-a-tiempo-de-cambiar\/#primaryimage\"},\"thumbnailUrl\":\"https:\/\/infoecos.com.ar\/wp-content\/uploads\/2026\/04\/image-287.png\",\"keywords\":[\"Bloque inferior\",\"Nacional\",\"SALUD\"],\"articleSection\":[\"Noticia Principal\"],\"inLanguage\":\"es\"},{\"@type\":\"WebPage\",\"@id\":\"https:\/\/infoecos.com.ar\/index.php\/opinion-queda-poco-espacio-estando-a-tiempo-de-cambiar\/\",\"url\":\"https:\/\/infoecos.com.ar\/index.php\/opinion-queda-poco-espacio-estando-a-tiempo-de-cambiar\/\",\"name\":\"Opini\u00f3n: Queda poco espacio, estando a tiempo de cambiar - Infoecos\",\"isPartOf\":{\"@id\":\"https:\/\/infoecos.com.ar\/#website\"},\"primaryImageOfPage\":{\"@id\":\"https:\/\/infoecos.com.ar\/index.php\/opinion-queda-poco-espacio-estando-a-tiempo-de-cambiar\/#primaryimage\"},\"image\":{\"@id\":\"https:\/\/infoecos.com.ar\/index.php\/opinion-queda-poco-espacio-estando-a-tiempo-de-cambiar\/#primaryimage\"},\"thumbnailUrl\":\"https:\/\/infoecos.com.ar\/wp-content\/uploads\/2026\/04\/image-287.png\",\"datePublished\":\"2026-05-01T01:35:50+00:00\",\"dateModified\":\"2026-05-01T01:35:51+00:00\",\"breadcrumb\":{\"@id\":\"https:\/\/infoecos.com.ar\/index.php\/opinion-queda-poco-espacio-estando-a-tiempo-de-cambiar\/#breadcrumb\"},\"inLanguage\":\"es\",\"potentialAction\":[{\"@type\":\"ReadAction\",\"target\":[\"https:\/\/infoecos.com.ar\/index.php\/opinion-queda-poco-espacio-estando-a-tiempo-de-cambiar\/\"]}]},{\"@type\":\"ImageObject\",\"inLanguage\":\"es\",\"@id\":\"https:\/\/infoecos.com.ar\/index.php\/opinion-queda-poco-espacio-estando-a-tiempo-de-cambiar\/#primaryimage\",\"url\":\"https:\/\/infoecos.com.ar\/wp-content\/uploads\/2026\/04\/image-287.png\",\"contentUrl\":\"https:\/\/infoecos.com.ar\/wp-content\/uploads\/2026\/04\/image-287.png\",\"width\":992,\"height\":558},{\"@type\":\"BreadcrumbList\",\"@id\":\"https:\/\/infoecos.com.ar\/index.php\/opinion-queda-poco-espacio-estando-a-tiempo-de-cambiar\/#breadcrumb\",\"itemListElement\":[{\"@type\":\"ListItem\",\"position\":1,\"name\":\"Portada\",\"item\":\"https:\/\/infoecos.com.ar\/\"},{\"@type\":\"ListItem\",\"position\":2,\"name\":\"Opini\u00f3n: Queda poco espacio, estando a tiempo de cambiar\"}]},{\"@type\":\"WebSite\",\"@id\":\"https:\/\/infoecos.com.ar\/#website\",\"url\":\"https:\/\/infoecos.com.ar\/\",\"name\":\"Infoecos\",\"description\":\"Noticias de trenque lauquen y la zona\",\"publisher\":{\"@id\":\"https:\/\/infoecos.com.ar\/#organization\"},\"alternateName\":\"Noticias\",\"potentialAction\":[{\"@type\":\"SearchAction\",\"target\":{\"@type\":\"EntryPoint\",\"urlTemplate\":\"https:\/\/infoecos.com.ar\/?s={search_term_string}\"},\"query-input\":{\"@type\":\"PropertyValueSpecification\",\"valueRequired\":true,\"valueName\":\"search_term_string\"}}],\"inLanguage\":\"es\"},{\"@type\":\"Organization\",\"@id\":\"https:\/\/infoecos.com.ar\/#organization\",\"name\":\"Infoecos\",\"alternateName\":\"Noticias\",\"url\":\"https:\/\/infoecos.com.ar\/\",\"logo\":{\"@type\":\"ImageObject\",\"inLanguage\":\"es\",\"@id\":\"https:\/\/infoecos.com.ar\/#\/schema\/logo\/image\/\",\"url\":\"https:\/\/infoecos.com.ar\/wp-content\/uploads\/2024\/03\/cropped-logo.png\",\"contentUrl\":\"https:\/\/infoecos.com.ar\/wp-content\/uploads\/2024\/03\/cropped-logo.png\",\"width\":374,\"height\":90,\"caption\":\"Infoecos\"},\"image\":{\"@id\":\"https:\/\/infoecos.com.ar\/#\/schema\/logo\/image\/\"},\"sameAs\":[\"https:\/\/www.facebook.com\/profile.php?id=100063200290284\",\"https:\/\/x.com\/infoecos\"]},{\"@type\":\"Person\",\"@id\":\"https:\/\/infoecos.com.ar\/#\/schema\/person\/8f5ace5ce73b4b4aac4b7245aee6f191\",\"name\":\"Jorge Matheus\",\"url\":\"https:\/\/infoecos.com.ar\/index.php\/author\/jomatheus\/\"}]}<\/script>\n<!-- \/ Yoast SEO plugin. -->","yoast_head_json":{"title":"Opini\u00f3n: Queda poco espacio, estando a tiempo de cambiar - Infoecos","robots":{"index":"index","follow":"follow","max-snippet":"max-snippet:-1","max-image-preview":"max-image-preview:large","max-video-preview":"max-video-preview:-1"},"canonical":"https:\/\/infoecos.com.ar\/index.php\/opinion-queda-poco-espacio-estando-a-tiempo-de-cambiar\/","og_locale":"es_ES","og_type":"article","og_title":"Opini\u00f3n: Queda poco espacio, estando a tiempo de cambiar - Infoecos","og_description":"Escribe: Jorge Matheus Un poco tarde, pero todav\u00eda estando. He sentido profunda bronca esta tarde,...","og_url":"https:\/\/infoecos.com.ar\/index.php\/opinion-queda-poco-espacio-estando-a-tiempo-de-cambiar\/","og_site_name":"Infoecos","article_publisher":"https:\/\/www.facebook.com\/profile.php?id=100063200290284","article_published_time":"2026-05-01T01:35:50+00:00","article_modified_time":"2026-05-01T01:35:51+00:00","og_image":[{"width":992,"height":558,"url":"https:\/\/infoecos.com.ar\/wp-content\/uploads\/2026\/04\/image-287.png","type":"image\/png"}],"author":"Jorge Matheus","twitter_card":"summary_large_image","twitter_creator":"@infoecos","twitter_site":"@infoecos","twitter_misc":{"Escrito por":"Jorge Matheus","Tiempo de lectura":"3 minutos"},"schema":{"@context":"https:\/\/schema.org","@graph":[{"@type":"Article","@id":"https:\/\/infoecos.com.ar\/index.php\/opinion-queda-poco-espacio-estando-a-tiempo-de-cambiar\/#article","isPartOf":{"@id":"https:\/\/infoecos.com.ar\/index.php\/opinion-queda-poco-espacio-estando-a-tiempo-de-cambiar\/"},"author":{"name":"Jorge Matheus","@id":"https:\/\/infoecos.com.ar\/#\/schema\/person\/8f5ace5ce73b4b4aac4b7245aee6f191"},"headline":"Opini\u00f3n: Queda poco espacio, estando a tiempo de cambiar","datePublished":"2026-05-01T01:35:50+00:00","dateModified":"2026-05-01T01:35:51+00:00","mainEntityOfPage":{"@id":"https:\/\/infoecos.com.ar\/index.php\/opinion-queda-poco-espacio-estando-a-tiempo-de-cambiar\/"},"wordCount":467,"publisher":{"@id":"https:\/\/infoecos.com.ar\/#organization"},"image":{"@id":"https:\/\/infoecos.com.ar\/index.php\/opinion-queda-poco-espacio-estando-a-tiempo-de-cambiar\/#primaryimage"},"thumbnailUrl":"https:\/\/infoecos.com.ar\/wp-content\/uploads\/2026\/04\/image-287.png","keywords":["Bloque inferior","Nacional","SALUD"],"articleSection":["Noticia Principal"],"inLanguage":"es"},{"@type":"WebPage","@id":"https:\/\/infoecos.com.ar\/index.php\/opinion-queda-poco-espacio-estando-a-tiempo-de-cambiar\/","url":"https:\/\/infoecos.com.ar\/index.php\/opinion-queda-poco-espacio-estando-a-tiempo-de-cambiar\/","name":"Opini\u00f3n: Queda poco espacio, estando a tiempo de cambiar - Infoecos","isPartOf":{"@id":"https:\/\/infoecos.com.ar\/#website"},"primaryImageOfPage":{"@id":"https:\/\/infoecos.com.ar\/index.php\/opinion-queda-poco-espacio-estando-a-tiempo-de-cambiar\/#primaryimage"},"image":{"@id":"https:\/\/infoecos.com.ar\/index.php\/opinion-queda-poco-espacio-estando-a-tiempo-de-cambiar\/#primaryimage"},"thumbnailUrl":"https:\/\/infoecos.com.ar\/wp-content\/uploads\/2026\/04\/image-287.png","datePublished":"2026-05-01T01:35:50+00:00","dateModified":"2026-05-01T01:35:51+00:00","breadcrumb":{"@id":"https:\/\/infoecos.com.ar\/index.php\/opinion-queda-poco-espacio-estando-a-tiempo-de-cambiar\/#breadcrumb"},"inLanguage":"es","potentialAction":[{"@type":"ReadAction","target":["https:\/\/infoecos.com.ar\/index.php\/opinion-queda-poco-espacio-estando-a-tiempo-de-cambiar\/"]}]},{"@type":"ImageObject","inLanguage":"es","@id":"https:\/\/infoecos.com.ar\/index.php\/opinion-queda-poco-espacio-estando-a-tiempo-de-cambiar\/#primaryimage","url":"https:\/\/infoecos.com.ar\/wp-content\/uploads\/2026\/04\/image-287.png","contentUrl":"https:\/\/infoecos.com.ar\/wp-content\/uploads\/2026\/04\/image-287.png","width":992,"height":558},{"@type":"BreadcrumbList","@id":"https:\/\/infoecos.com.ar\/index.php\/opinion-queda-poco-espacio-estando-a-tiempo-de-cambiar\/#breadcrumb","itemListElement":[{"@type":"ListItem","position":1,"name":"Portada","item":"https:\/\/infoecos.com.ar\/"},{"@type":"ListItem","position":2,"name":"Opini\u00f3n: Queda poco espacio, estando a tiempo de cambiar"}]},{"@type":"WebSite","@id":"https:\/\/infoecos.com.ar\/#website","url":"https:\/\/infoecos.com.ar\/","name":"Infoecos","description":"Noticias de trenque lauquen y la zona","publisher":{"@id":"https:\/\/infoecos.com.ar\/#organization"},"alternateName":"Noticias","potentialAction":[{"@type":"SearchAction","target":{"@type":"EntryPoint","urlTemplate":"https:\/\/infoecos.com.ar\/?s={search_term_string}"},"query-input":{"@type":"PropertyValueSpecification","valueRequired":true,"valueName":"search_term_string"}}],"inLanguage":"es"},{"@type":"Organization","@id":"https:\/\/infoecos.com.ar\/#organization","name":"Infoecos","alternateName":"Noticias","url":"https:\/\/infoecos.com.ar\/","logo":{"@type":"ImageObject","inLanguage":"es","@id":"https:\/\/infoecos.com.ar\/#\/schema\/logo\/image\/","url":"https:\/\/infoecos.com.ar\/wp-content\/uploads\/2024\/03\/cropped-logo.png","contentUrl":"https:\/\/infoecos.com.ar\/wp-content\/uploads\/2024\/03\/cropped-logo.png","width":374,"height":90,"caption":"Infoecos"},"image":{"@id":"https:\/\/infoecos.com.ar\/#\/schema\/logo\/image\/"},"sameAs":["https:\/\/www.facebook.com\/profile.php?id=100063200290284","https:\/\/x.com\/infoecos"]},{"@type":"Person","@id":"https:\/\/infoecos.com.ar\/#\/schema\/person\/8f5ace5ce73b4b4aac4b7245aee6f191","name":"Jorge Matheus","url":"https:\/\/infoecos.com.ar\/index.php\/author\/jomatheus\/"}]}},"featured_image_urls":{"full":["https:\/\/infoecos.com.ar\/wp-content\/uploads\/2026\/04\/image-287.png",992,558,false],"thumbnail":["https:\/\/infoecos.com.ar\/wp-content\/uploads\/2026\/04\/image-287-300x150.png",300,150,true],"medium":["https:\/\/infoecos.com.ar\/wp-content\/uploads\/2026\/04\/image-287-800x450.png",800,450,true],"medium_large":["https:\/\/infoecos.com.ar\/wp-content\/uploads\/2026\/04\/image-287-768x432.png",640,360,true],"large":["https:\/\/infoecos.com.ar\/wp-content\/uploads\/2026\/04\/image-287.png",640,360,false],"1536x1536":["https:\/\/infoecos.com.ar\/wp-content\/uploads\/2026\/04\/image-287.png",992,558,false],"2048x2048":["https:\/\/infoecos.com.ar\/wp-content\/uploads\/2026\/04\/image-287.png",992,558,false],"covernews-slider-full":["https:\/\/infoecos.com.ar\/wp-content\/uploads\/2026\/04\/image-287.png",992,558,false],"covernews-slider-center":["https:\/\/infoecos.com.ar\/wp-content\/uploads\/2026\/04\/image-287-800x500.png",800,500,true],"covernews-featured":["https:\/\/infoecos.com.ar\/wp-content\/uploads\/2026\/04\/image-287.png",992,558,false],"covernews-medium":["https:\/\/infoecos.com.ar\/wp-content\/uploads\/2026\/04\/image-287-540x340.png",540,340,true],"covernews-medium-square":["https:\/\/infoecos.com.ar\/wp-content\/uploads\/2026\/04\/image-287-400x250.png",400,250,true]},"author_info":{"info":["Jorge Matheus"]},"category_info":"<a href=\"https:\/\/infoecos.com.ar\/index.php\/category\/noticia-principal\/\" rel=\"category tag\">Noticia Principal<\/a>","tag_info":"Noticia Principal","comment_count":"0","_links":{"self":[{"href":"https:\/\/infoecos.com.ar\/index.php\/wp-json\/wp\/v2\/posts\/157654"}],"collection":[{"href":"https:\/\/infoecos.com.ar\/index.php\/wp-json\/wp\/v2\/posts"}],"about":[{"href":"https:\/\/infoecos.com.ar\/index.php\/wp-json\/wp\/v2\/types\/post"}],"author":[{"embeddable":true,"href":"https:\/\/infoecos.com.ar\/index.php\/wp-json\/wp\/v2\/users\/2"}],"replies":[{"embeddable":true,"href":"https:\/\/infoecos.com.ar\/index.php\/wp-json\/wp\/v2\/comments?post=157654"}],"version-history":[{"count":1,"href":"https:\/\/infoecos.com.ar\/index.php\/wp-json\/wp\/v2\/posts\/157654\/revisions"}],"predecessor-version":[{"id":157656,"href":"https:\/\/infoecos.com.ar\/index.php\/wp-json\/wp\/v2\/posts\/157654\/revisions\/157656"}],"wp:featuredmedia":[{"embeddable":true,"href":"https:\/\/infoecos.com.ar\/index.php\/wp-json\/wp\/v2\/media\/157655"}],"wp:attachment":[{"href":"https:\/\/infoecos.com.ar\/index.php\/wp-json\/wp\/v2\/media?parent=157654"}],"wp:term":[{"taxonomy":"category","embeddable":true,"href":"https:\/\/infoecos.com.ar\/index.php\/wp-json\/wp\/v2\/categories?post=157654"},{"taxonomy":"post_tag","embeddable":true,"href":"https:\/\/infoecos.com.ar\/index.php\/wp-json\/wp\/v2\/tags?post=157654"}],"curies":[{"name":"wp","href":"https:\/\/api.w.org\/{rel}","templated":true}]}}