{"id":157705,"date":"2026-05-01T20:38:00","date_gmt":"2026-05-01T23:38:00","guid":{"rendered":"https:\/\/infoecos.com.ar\/?p=157705"},"modified":"2026-05-01T20:38:01","modified_gmt":"2026-05-01T23:38:01","slug":"editorial-en-x-cuando-el-ajuste-pierde-humanidad-empeorando-y-sin-soluciones-en-marcha","status":"publish","type":"post","link":"https:\/\/infoecos.com.ar\/index.php\/editorial-en-x-cuando-el-ajuste-pierde-humanidad-empeorando-y-sin-soluciones-en-marcha\/","title":{"rendered":"Editorial en X: Cuando el ajuste pierde humanidad, empeorando y sin soluciones en marcha"},"content":{"rendered":"\n<p>El 3 de diciembre del 2024, durante una entrevista en El Destape Radio (AM 1070) con el periodista Ari Lijalad, el diputado nacional de La Libertad Avanza, Julio Moreno Ovalle, pronunci\u00f3 una frase que gener\u00f3 un profundo rechazo social: \u201cNo creo que los jubilados mueran si no toman los medicamentos\u201d.<\/p>\n\n\n\n<p>No fue un recorte malicioso ni una fake news. Fue una declaraci\u00f3n p\u00fablica, realizada en el contexto del debate por las restricciones del PAMI y los recortes en la cobertura de medicamentos para jubilados, mientras defend\u00eda medidas de ajuste impulsadas por el Gobierno. <\/p>\n\n\n\n<p>El problema no fue solo la frase en s\u00ed, sino lo que representa. Cuando se habla de adultos mayores, medicamentos y acceso a la salud, no se discuten n\u00fameros fr\u00edos: se habla de personas, de tratamientos esenciales y, en muchos casos, de calidad y expectativa de vida.<\/p>\n\n\n\n<p>Reducir esa realidad a una l\u00f3gica de insensibilidad pol\u00edtica expone una desconexi\u00f3n alarmante entre ciertos dirigentes y las dificultades concretas de millones de argentinos. Para un jubilado con ingresos m\u00ednimos, perder acceso a medicamentos no significa una incomodidad: puede significar deterioro, sufrimiento o riesgo real.<\/p>\n\n\n\n<p>La pol\u00edtica exige responsabilidad, especialmente cuando se legisla o se opina sobre sectores vulnerables. No todo puede justificarse bajo la bandera del ajuste o la eficiencia fiscal, mucho menos cuando el costo humano se relega a un segundo plano.<\/p>\n\n\n\n<p>Las palabras de un representante p\u00fablico importan. Porque revelan visi\u00f3n, prioridades y sensibilidad. Y cuando esa sensibilidad parece ausente frente a quienes trabajaron toda su vida, la cr\u00edtica social no solo es v\u00e1lida: es necesaria.<\/p>\n\n\n\n<p>\u00abEl episodio de Julio Moreno Ovalle no fue simplemente una frase pol\u00e9mica. Fue un recordatorio de que la gesti\u00f3n p\u00fablica necesita l\u00edmites \u00e9ticos, humanidad y conciencia social. Gobernar no deber\u00eda ser solo administrar recursos, sino entender que detr\u00e1s de cada decisi\u00f3n cr\u00edtica hay vidas en riesgo.\u00bb<\/p>\n\n\n\n<p>Sigue las publicaciones del canal Ideal Republicano en WhatsApp. Ingresa en \u00abver canal\u00bb y clica la campanita de notificaciones: <a href=\"https:\/\/t.co\/3eHLu2ZA30\" target=\"_blank\" rel=\"noreferrer noopener\">https:\/\/whatsapp.com\/channel\/0029VbCCHB09Gv7UPfcvdw3Q<\/a> <\/p>\n\n\n\n<figure class=\"wp-block-image aligncenter size-full\"><img loading=\"lazy\" decoding=\"async\" width=\"400\" height=\"400\" src=\"https:\/\/infoecos.com.ar\/wp-content\/uploads\/2026\/05\/image-12.png\" alt=\"\" class=\"wp-image-157706\"\/><\/figure>\n\n\n\n<p><strong><em>Editoriales de opini\u00f3n pol\u00edtica independiente en defensa de los valores republicanos.<\/em><\/strong><\/p>\n","protected":false},"excerpt":{"rendered":"<p>El 3 de diciembre del 2024, durante una entrevista en El Destape Radio (AM 1070)&#8230;<\/p>\n","protected":false},"author":2,"featured_media":157706,"comment_status":"closed","ping_status":"open","sticky":false,"template":"","format":"standard","meta":{"footnotes":""},"categories":[1],"tags":[97,1500,156],"class_list":["post-157705","post","type-post","status-publish","format-standard","has-post-thumbnail","hentry","category-sin-categoria","tag-economia","tag-regional","tag-salud"],"yoast_head":"<!-- This site is optimized with the Yoast SEO plugin v23.4 - https:\/\/yoast.com\/wordpress\/plugins\/seo\/ -->\n<title>Editorial en X: Cuando el ajuste pierde humanidad, empeorando y sin soluciones en marcha - Infoecos<\/title>\n<meta name=\"robots\" content=\"index, follow, max-snippet:-1, max-image-preview:large, max-video-preview:-1\" \/>\n<link rel=\"canonical\" href=\"https:\/\/infoecos.com.ar\/index.php\/editorial-en-x-cuando-el-ajuste-pierde-humanidad-empeorando-y-sin-soluciones-en-marcha\/\" \/>\n<meta property=\"og:locale\" content=\"es_ES\" \/>\n<meta property=\"og:type\" content=\"article\" \/>\n<meta property=\"og:title\" content=\"Editorial en X: Cuando el ajuste pierde humanidad, empeorando y sin soluciones en marcha - Infoecos\" \/>\n<meta property=\"og:description\" content=\"El 3 de diciembre del 2024, durante una entrevista en El Destape Radio (AM 1070)...\" \/>\n<meta property=\"og:url\" content=\"https:\/\/infoecos.com.ar\/index.php\/editorial-en-x-cuando-el-ajuste-pierde-humanidad-empeorando-y-sin-soluciones-en-marcha\/\" \/>\n<meta property=\"og:site_name\" content=\"Infoecos\" \/>\n<meta property=\"article:publisher\" content=\"https:\/\/www.facebook.com\/profile.php?id=100063200290284\" \/>\n<meta property=\"article:published_time\" content=\"2026-05-01T23:38:00+00:00\" \/>\n<meta property=\"article:modified_time\" content=\"2026-05-01T23:38:01+00:00\" \/>\n<meta property=\"og:image\" content=\"https:\/\/infoecos.com.ar\/wp-content\/uploads\/2026\/05\/image-12.png\" \/>\n\t<meta property=\"og:image:width\" content=\"400\" \/>\n\t<meta property=\"og:image:height\" content=\"400\" \/>\n\t<meta property=\"og:image:type\" content=\"image\/png\" \/>\n<meta name=\"author\" content=\"Jorge Matheus\" \/>\n<meta name=\"twitter:card\" content=\"summary_large_image\" \/>\n<meta name=\"twitter:creator\" content=\"@infoecos\" \/>\n<meta name=\"twitter:site\" content=\"@infoecos\" \/>\n<meta name=\"twitter:label1\" content=\"Escrito por\" \/>\n\t<meta name=\"twitter:data1\" content=\"Jorge Matheus\" \/>\n\t<meta name=\"twitter:label2\" content=\"Tiempo de lectura\" \/>\n\t<meta name=\"twitter:data2\" content=\"2 minutos\" \/>\n<script type=\"application\/ld+json\" class=\"yoast-schema-graph\">{\"@context\":\"https:\/\/schema.org\",\"@graph\":[{\"@type\":\"Article\",\"@id\":\"https:\/\/infoecos.com.ar\/index.php\/editorial-en-x-cuando-el-ajuste-pierde-humanidad-empeorando-y-sin-soluciones-en-marcha\/#article\",\"isPartOf\":{\"@id\":\"https:\/\/infoecos.com.ar\/index.php\/editorial-en-x-cuando-el-ajuste-pierde-humanidad-empeorando-y-sin-soluciones-en-marcha\/\"},\"author\":{\"name\":\"Jorge Matheus\",\"@id\":\"https:\/\/infoecos.com.ar\/#\/schema\/person\/8f5ace5ce73b4b4aac4b7245aee6f191\"},\"headline\":\"Editorial en X: Cuando el ajuste pierde humanidad, empeorando y sin soluciones en marcha\",\"datePublished\":\"2026-05-01T23:38:00+00:00\",\"dateModified\":\"2026-05-01T23:38:01+00:00\",\"mainEntityOfPage\":{\"@id\":\"https:\/\/infoecos.com.ar\/index.php\/editorial-en-x-cuando-el-ajuste-pierde-humanidad-empeorando-y-sin-soluciones-en-marcha\/\"},\"wordCount\":378,\"publisher\":{\"@id\":\"https:\/\/infoecos.com.ar\/#organization\"},\"image\":{\"@id\":\"https:\/\/infoecos.com.ar\/index.php\/editorial-en-x-cuando-el-ajuste-pierde-humanidad-empeorando-y-sin-soluciones-en-marcha\/#primaryimage\"},\"thumbnailUrl\":\"https:\/\/infoecos.com.ar\/wp-content\/uploads\/2026\/05\/image-12.png\",\"keywords\":[\"ECONOM\u00cdA\",\"REGIONAL\",\"SALUD\"],\"inLanguage\":\"es\"},{\"@type\":\"WebPage\",\"@id\":\"https:\/\/infoecos.com.ar\/index.php\/editorial-en-x-cuando-el-ajuste-pierde-humanidad-empeorando-y-sin-soluciones-en-marcha\/\",\"url\":\"https:\/\/infoecos.com.ar\/index.php\/editorial-en-x-cuando-el-ajuste-pierde-humanidad-empeorando-y-sin-soluciones-en-marcha\/\",\"name\":\"Editorial en X: Cuando el ajuste pierde humanidad, empeorando y sin soluciones en marcha - Infoecos\",\"isPartOf\":{\"@id\":\"https:\/\/infoecos.com.ar\/#website\"},\"primaryImageOfPage\":{\"@id\":\"https:\/\/infoecos.com.ar\/index.php\/editorial-en-x-cuando-el-ajuste-pierde-humanidad-empeorando-y-sin-soluciones-en-marcha\/#primaryimage\"},\"image\":{\"@id\":\"https:\/\/infoecos.com.ar\/index.php\/editorial-en-x-cuando-el-ajuste-pierde-humanidad-empeorando-y-sin-soluciones-en-marcha\/#primaryimage\"},\"thumbnailUrl\":\"https:\/\/infoecos.com.ar\/wp-content\/uploads\/2026\/05\/image-12.png\",\"datePublished\":\"2026-05-01T23:38:00+00:00\",\"dateModified\":\"2026-05-01T23:38:01+00:00\",\"breadcrumb\":{\"@id\":\"https:\/\/infoecos.com.ar\/index.php\/editorial-en-x-cuando-el-ajuste-pierde-humanidad-empeorando-y-sin-soluciones-en-marcha\/#breadcrumb\"},\"inLanguage\":\"es\",\"potentialAction\":[{\"@type\":\"ReadAction\",\"target\":[\"https:\/\/infoecos.com.ar\/index.php\/editorial-en-x-cuando-el-ajuste-pierde-humanidad-empeorando-y-sin-soluciones-en-marcha\/\"]}]},{\"@type\":\"ImageObject\",\"inLanguage\":\"es\",\"@id\":\"https:\/\/infoecos.com.ar\/index.php\/editorial-en-x-cuando-el-ajuste-pierde-humanidad-empeorando-y-sin-soluciones-en-marcha\/#primaryimage\",\"url\":\"https:\/\/infoecos.com.ar\/wp-content\/uploads\/2026\/05\/image-12.png\",\"contentUrl\":\"https:\/\/infoecos.com.ar\/wp-content\/uploads\/2026\/05\/image-12.png\",\"width\":400,\"height\":400},{\"@type\":\"BreadcrumbList\",\"@id\":\"https:\/\/infoecos.com.ar\/index.php\/editorial-en-x-cuando-el-ajuste-pierde-humanidad-empeorando-y-sin-soluciones-en-marcha\/#breadcrumb\",\"itemListElement\":[{\"@type\":\"ListItem\",\"position\":1,\"name\":\"Portada\",\"item\":\"https:\/\/infoecos.com.ar\/\"},{\"@type\":\"ListItem\",\"position\":2,\"name\":\"Editorial en X: Cuando el ajuste pierde humanidad, empeorando y sin soluciones en marcha\"}]},{\"@type\":\"WebSite\",\"@id\":\"https:\/\/infoecos.com.ar\/#website\",\"url\":\"https:\/\/infoecos.com.ar\/\",\"name\":\"Infoecos\",\"description\":\"Noticias de trenque lauquen y la zona\",\"publisher\":{\"@id\":\"https:\/\/infoecos.com.ar\/#organization\"},\"alternateName\":\"Noticias\",\"potentialAction\":[{\"@type\":\"SearchAction\",\"target\":{\"@type\":\"EntryPoint\",\"urlTemplate\":\"https:\/\/infoecos.com.ar\/?s={search_term_string}\"},\"query-input\":{\"@type\":\"PropertyValueSpecification\",\"valueRequired\":true,\"valueName\":\"search_term_string\"}}],\"inLanguage\":\"es\"},{\"@type\":\"Organization\",\"@id\":\"https:\/\/infoecos.com.ar\/#organization\",\"name\":\"Infoecos\",\"alternateName\":\"Noticias\",\"url\":\"https:\/\/infoecos.com.ar\/\",\"logo\":{\"@type\":\"ImageObject\",\"inLanguage\":\"es\",\"@id\":\"https:\/\/infoecos.com.ar\/#\/schema\/logo\/image\/\",\"url\":\"https:\/\/infoecos.com.ar\/wp-content\/uploads\/2024\/03\/cropped-logo.png\",\"contentUrl\":\"https:\/\/infoecos.com.ar\/wp-content\/uploads\/2024\/03\/cropped-logo.png\",\"width\":374,\"height\":90,\"caption\":\"Infoecos\"},\"image\":{\"@id\":\"https:\/\/infoecos.com.ar\/#\/schema\/logo\/image\/\"},\"sameAs\":[\"https:\/\/www.facebook.com\/profile.php?id=100063200290284\",\"https:\/\/x.com\/infoecos\"]},{\"@type\":\"Person\",\"@id\":\"https:\/\/infoecos.com.ar\/#\/schema\/person\/8f5ace5ce73b4b4aac4b7245aee6f191\",\"name\":\"Jorge Matheus\",\"url\":\"https:\/\/infoecos.com.ar\/index.php\/author\/jomatheus\/\"}]}<\/script>\n<!-- \/ Yoast SEO plugin. -->","yoast_head_json":{"title":"Editorial en X: Cuando el ajuste pierde humanidad, empeorando y sin soluciones en marcha - Infoecos","robots":{"index":"index","follow":"follow","max-snippet":"max-snippet:-1","max-image-preview":"max-image-preview:large","max-video-preview":"max-video-preview:-1"},"canonical":"https:\/\/infoecos.com.ar\/index.php\/editorial-en-x-cuando-el-ajuste-pierde-humanidad-empeorando-y-sin-soluciones-en-marcha\/","og_locale":"es_ES","og_type":"article","og_title":"Editorial en X: Cuando el ajuste pierde humanidad, empeorando y sin soluciones en marcha - Infoecos","og_description":"El 3 de diciembre del 2024, durante una entrevista en El Destape Radio (AM 1070)...","og_url":"https:\/\/infoecos.com.ar\/index.php\/editorial-en-x-cuando-el-ajuste-pierde-humanidad-empeorando-y-sin-soluciones-en-marcha\/","og_site_name":"Infoecos","article_publisher":"https:\/\/www.facebook.com\/profile.php?id=100063200290284","article_published_time":"2026-05-01T23:38:00+00:00","article_modified_time":"2026-05-01T23:38:01+00:00","og_image":[{"width":400,"height":400,"url":"https:\/\/infoecos.com.ar\/wp-content\/uploads\/2026\/05\/image-12.png","type":"image\/png"}],"author":"Jorge Matheus","twitter_card":"summary_large_image","twitter_creator":"@infoecos","twitter_site":"@infoecos","twitter_misc":{"Escrito por":"Jorge Matheus","Tiempo de lectura":"2 minutos"},"schema":{"@context":"https:\/\/schema.org","@graph":[{"@type":"Article","@id":"https:\/\/infoecos.com.ar\/index.php\/editorial-en-x-cuando-el-ajuste-pierde-humanidad-empeorando-y-sin-soluciones-en-marcha\/#article","isPartOf":{"@id":"https:\/\/infoecos.com.ar\/index.php\/editorial-en-x-cuando-el-ajuste-pierde-humanidad-empeorando-y-sin-soluciones-en-marcha\/"},"author":{"name":"Jorge Matheus","@id":"https:\/\/infoecos.com.ar\/#\/schema\/person\/8f5ace5ce73b4b4aac4b7245aee6f191"},"headline":"Editorial en X: Cuando el ajuste pierde humanidad, empeorando y sin soluciones en marcha","datePublished":"2026-05-01T23:38:00+00:00","dateModified":"2026-05-01T23:38:01+00:00","mainEntityOfPage":{"@id":"https:\/\/infoecos.com.ar\/index.php\/editorial-en-x-cuando-el-ajuste-pierde-humanidad-empeorando-y-sin-soluciones-en-marcha\/"},"wordCount":378,"publisher":{"@id":"https:\/\/infoecos.com.ar\/#organization"},"image":{"@id":"https:\/\/infoecos.com.ar\/index.php\/editorial-en-x-cuando-el-ajuste-pierde-humanidad-empeorando-y-sin-soluciones-en-marcha\/#primaryimage"},"thumbnailUrl":"https:\/\/infoecos.com.ar\/wp-content\/uploads\/2026\/05\/image-12.png","keywords":["ECONOM\u00cdA","REGIONAL","SALUD"],"inLanguage":"es"},{"@type":"WebPage","@id":"https:\/\/infoecos.com.ar\/index.php\/editorial-en-x-cuando-el-ajuste-pierde-humanidad-empeorando-y-sin-soluciones-en-marcha\/","url":"https:\/\/infoecos.com.ar\/index.php\/editorial-en-x-cuando-el-ajuste-pierde-humanidad-empeorando-y-sin-soluciones-en-marcha\/","name":"Editorial en X: Cuando el ajuste pierde humanidad, empeorando y sin soluciones en marcha - Infoecos","isPartOf":{"@id":"https:\/\/infoecos.com.ar\/#website"},"primaryImageOfPage":{"@id":"https:\/\/infoecos.com.ar\/index.php\/editorial-en-x-cuando-el-ajuste-pierde-humanidad-empeorando-y-sin-soluciones-en-marcha\/#primaryimage"},"image":{"@id":"https:\/\/infoecos.com.ar\/index.php\/editorial-en-x-cuando-el-ajuste-pierde-humanidad-empeorando-y-sin-soluciones-en-marcha\/#primaryimage"},"thumbnailUrl":"https:\/\/infoecos.com.ar\/wp-content\/uploads\/2026\/05\/image-12.png","datePublished":"2026-05-01T23:38:00+00:00","dateModified":"2026-05-01T23:38:01+00:00","breadcrumb":{"@id":"https:\/\/infoecos.com.ar\/index.php\/editorial-en-x-cuando-el-ajuste-pierde-humanidad-empeorando-y-sin-soluciones-en-marcha\/#breadcrumb"},"inLanguage":"es","potentialAction":[{"@type":"ReadAction","target":["https:\/\/infoecos.com.ar\/index.php\/editorial-en-x-cuando-el-ajuste-pierde-humanidad-empeorando-y-sin-soluciones-en-marcha\/"]}]},{"@type":"ImageObject","inLanguage":"es","@id":"https:\/\/infoecos.com.ar\/index.php\/editorial-en-x-cuando-el-ajuste-pierde-humanidad-empeorando-y-sin-soluciones-en-marcha\/#primaryimage","url":"https:\/\/infoecos.com.ar\/wp-content\/uploads\/2026\/05\/image-12.png","contentUrl":"https:\/\/infoecos.com.ar\/wp-content\/uploads\/2026\/05\/image-12.png","width":400,"height":400},{"@type":"BreadcrumbList","@id":"https:\/\/infoecos.com.ar\/index.php\/editorial-en-x-cuando-el-ajuste-pierde-humanidad-empeorando-y-sin-soluciones-en-marcha\/#breadcrumb","itemListElement":[{"@type":"ListItem","position":1,"name":"Portada","item":"https:\/\/infoecos.com.ar\/"},{"@type":"ListItem","position":2,"name":"Editorial en X: Cuando el ajuste pierde humanidad, empeorando y sin soluciones en marcha"}]},{"@type":"WebSite","@id":"https:\/\/infoecos.com.ar\/#website","url":"https:\/\/infoecos.com.ar\/","name":"Infoecos","description":"Noticias de trenque lauquen y la zona","publisher":{"@id":"https:\/\/infoecos.com.ar\/#organization"},"alternateName":"Noticias","potentialAction":[{"@type":"SearchAction","target":{"@type":"EntryPoint","urlTemplate":"https:\/\/infoecos.com.ar\/?s={search_term_string}"},"query-input":{"@type":"PropertyValueSpecification","valueRequired":true,"valueName":"search_term_string"}}],"inLanguage":"es"},{"@type":"Organization","@id":"https:\/\/infoecos.com.ar\/#organization","name":"Infoecos","alternateName":"Noticias","url":"https:\/\/infoecos.com.ar\/","logo":{"@type":"ImageObject","inLanguage":"es","@id":"https:\/\/infoecos.com.ar\/#\/schema\/logo\/image\/","url":"https:\/\/infoecos.com.ar\/wp-content\/uploads\/2024\/03\/cropped-logo.png","contentUrl":"https:\/\/infoecos.com.ar\/wp-content\/uploads\/2024\/03\/cropped-logo.png","width":374,"height":90,"caption":"Infoecos"},"image":{"@id":"https:\/\/infoecos.com.ar\/#\/schema\/logo\/image\/"},"sameAs":["https:\/\/www.facebook.com\/profile.php?id=100063200290284","https:\/\/x.com\/infoecos"]},{"@type":"Person","@id":"https:\/\/infoecos.com.ar\/#\/schema\/person\/8f5ace5ce73b4b4aac4b7245aee6f191","name":"Jorge Matheus","url":"https:\/\/infoecos.com.ar\/index.php\/author\/jomatheus\/"}]}},"featured_image_urls":{"full":["https:\/\/infoecos.com.ar\/wp-content\/uploads\/2026\/05\/image-12.png",400,400,false],"thumbnail":["https:\/\/infoecos.com.ar\/wp-content\/uploads\/2026\/05\/image-12-300x150.png",300,150,true],"medium":["https:\/\/infoecos.com.ar\/wp-content\/uploads\/2026\/05\/image-12.png",400,400,false],"medium_large":["https:\/\/infoecos.com.ar\/wp-content\/uploads\/2026\/05\/image-12.png",400,400,false],"large":["https:\/\/infoecos.com.ar\/wp-content\/uploads\/2026\/05\/image-12.png",400,400,false],"1536x1536":["https:\/\/infoecos.com.ar\/wp-content\/uploads\/2026\/05\/image-12.png",400,400,false],"2048x2048":["https:\/\/infoecos.com.ar\/wp-content\/uploads\/2026\/05\/image-12.png",400,400,false],"covernews-slider-full":["https:\/\/infoecos.com.ar\/wp-content\/uploads\/2026\/05\/image-12.png",400,400,false],"covernews-slider-center":["https:\/\/infoecos.com.ar\/wp-content\/uploads\/2026\/05\/image-12.png",400,400,false],"covernews-featured":["https:\/\/infoecos.com.ar\/wp-content\/uploads\/2026\/05\/image-12.png",400,400,false],"covernews-medium":["https:\/\/infoecos.com.ar\/wp-content\/uploads\/2026\/05\/image-12-400x340.png",400,340,true],"covernews-medium-square":["https:\/\/infoecos.com.ar\/wp-content\/uploads\/2026\/05\/image-12-400x250.png",400,250,true]},"author_info":{"info":["Jorge Matheus"]},"category_info":"<a href=\"https:\/\/infoecos.com.ar\/index.php\/category\/sin-categoria\/\" rel=\"category tag\">Sin categor\u00eda<\/a>","tag_info":"Sin categor\u00eda","comment_count":"0","_links":{"self":[{"href":"https:\/\/infoecos.com.ar\/index.php\/wp-json\/wp\/v2\/posts\/157705"}],"collection":[{"href":"https:\/\/infoecos.com.ar\/index.php\/wp-json\/wp\/v2\/posts"}],"about":[{"href":"https:\/\/infoecos.com.ar\/index.php\/wp-json\/wp\/v2\/types\/post"}],"author":[{"embeddable":true,"href":"https:\/\/infoecos.com.ar\/index.php\/wp-json\/wp\/v2\/users\/2"}],"replies":[{"embeddable":true,"href":"https:\/\/infoecos.com.ar\/index.php\/wp-json\/wp\/v2\/comments?post=157705"}],"version-history":[{"count":1,"href":"https:\/\/infoecos.com.ar\/index.php\/wp-json\/wp\/v2\/posts\/157705\/revisions"}],"predecessor-version":[{"id":157707,"href":"https:\/\/infoecos.com.ar\/index.php\/wp-json\/wp\/v2\/posts\/157705\/revisions\/157707"}],"wp:featuredmedia":[{"embeddable":true,"href":"https:\/\/infoecos.com.ar\/index.php\/wp-json\/wp\/v2\/media\/157706"}],"wp:attachment":[{"href":"https:\/\/infoecos.com.ar\/index.php\/wp-json\/wp\/v2\/media?parent=157705"}],"wp:term":[{"taxonomy":"category","embeddable":true,"href":"https:\/\/infoecos.com.ar\/index.php\/wp-json\/wp\/v2\/categories?post=157705"},{"taxonomy":"post_tag","embeddable":true,"href":"https:\/\/infoecos.com.ar\/index.php\/wp-json\/wp\/v2\/tags?post=157705"}],"curies":[{"name":"wp","href":"https:\/\/api.w.org\/{rel}","templated":true}]}}