{"id":157708,"date":"2026-05-01T20:52:47","date_gmt":"2026-05-01T23:52:47","guid":{"rendered":"https:\/\/infoecos.com.ar\/?p=157708"},"modified":"2026-05-01T20:52:48","modified_gmt":"2026-05-01T23:52:48","slug":"informe-en-x-preocupante-radiografia-social-de-la-sexta-seccion-electoral","status":"publish","type":"post","link":"https:\/\/infoecos.com.ar\/index.php\/informe-en-x-preocupante-radiografia-social-de-la-sexta-seccion-electoral\/","title":{"rendered":"Informe en X: Preocupante radiograf\u00eda social de la Sexta Secci\u00f3n Electoral"},"content":{"rendered":"\n<p>El sur bonaerense empieza a mostrar un cuadro donde la desaceleraci\u00f3n econ\u00f3mica ya se traduce en tensi\u00f3n social y cotidiana.<\/p>\n\n\n\n<p>Bah\u00eda Blanca, como centro productivo, marca el pulso. El freno del polo petroqu\u00edmico, motor hist\u00f3rico, impacta en cadena: menor actividad industrial, proveedores con menos trabajo, log\u00edstica m\u00e1s quieta y un puerto con menos dinamismo. Ese parate se traslada r\u00e1pido al comercio, que ya muestra ca\u00edda sostenida de ventas, ajustes silenciosos y menor circulaci\u00f3n.<\/p>\n\n\n\n<p>El efecto derrame alcanza de lleno a Punta Alta. Con una econom\u00eda m\u00e1s dependiente del Estado y de la Armada por la presencia de la Base de Puerto Belgrano, el deterioro del poder adquisitivo de los salarios navales empieza a sentirse muy fuerte: menos consumo, menos movimiento y comercios que pierden volumen. A eso se suma la crisis del Hospital Naval, con limitaciones en la atenci\u00f3n que terminan empujando demanda hacia Bah\u00eda, recargando a\u00fan m\u00e1s un sistema de salud que ya est\u00e1 exigido.<\/p>\n\n\n\n<p>Monte Hermoso completa el cuadro desde otro \u00e1ngulo: turismo m\u00e1s d\u00e9bil, temporadas que no compensan y ca\u00edda del gasto por visitante. El empleo estacional pierde peso y eso repercute en ingresos durante todo el a\u00f1o.<\/p>\n\n\n\n<p>En Bah\u00eda, el Hospital Municipal se convirti\u00f3 en el epicentro de la tensi\u00f3n: atiende cada vez m\u00e1s pacientes de toda la regi\u00f3n, con recursos acotados y en medio de una disputa pol\u00edtica por su financiamiento. Es la v\u00e1lvula de escape de una crisis que ya no distingue entre distritos.<\/p>\n\n\n\n<p>La particularidad de la Sexta es que combina dos motores en retroceso al mismo tiempo: el privado (polo petroqu\u00edmico) y el estatal (Armada). Cuando ambos se enfr\u00edan, el impacto es fulminante.<\/p>\n\n\n\n<figure class=\"wp-block-image aligncenter size-full\"><img loading=\"lazy\" decoding=\"async\" width=\"400\" height=\"400\" src=\"https:\/\/infoecos.com.ar\/wp-content\/uploads\/2026\/05\/image-13.png\" alt=\"\" class=\"wp-image-157709\"\/><\/figure>\n\n\n\n<p><strong>Periodista @betovaldez. Est\u00e1 en FM Millenium de lunes a viernes de 19 a 20 con <a href=\"https:\/\/x.com\/willykohan\">@willykohan<\/a>. Los s\u00e1bados de 10 a 12 en La 2&#215;4 FM 92,7. Los domingos en Rivadavia de 17 a 20 <\/strong><\/p>\n\n\n\n<p><\/p>\n","protected":false},"excerpt":{"rendered":"<p>El sur bonaerense empieza a mostrar un cuadro donde la desaceleraci\u00f3n econ\u00f3mica ya se traduce&#8230;<\/p>\n","protected":false},"author":2,"featured_media":157709,"comment_status":"closed","ping_status":"open","sticky":false,"template":"","format":"standard","meta":{"footnotes":""},"categories":[1],"tags":[10298,1500,156],"class_list":["post-157708","post","type-post","status-publish","format-standard","has-post-thumbnail","hentry","category-sin-categoria","tag-bloque-inferior","tag-regional","tag-salud"],"yoast_head":"<!-- This site is optimized with the Yoast SEO plugin v23.4 - https:\/\/yoast.com\/wordpress\/plugins\/seo\/ -->\n<title>Informe en X: Preocupante radiograf\u00eda social de la Sexta Secci\u00f3n Electoral - Infoecos<\/title>\n<meta name=\"robots\" content=\"index, follow, max-snippet:-1, max-image-preview:large, max-video-preview:-1\" \/>\n<link rel=\"canonical\" href=\"https:\/\/infoecos.com.ar\/index.php\/informe-en-x-preocupante-radiografia-social-de-la-sexta-seccion-electoral\/\" \/>\n<meta property=\"og:locale\" content=\"es_ES\" \/>\n<meta property=\"og:type\" content=\"article\" \/>\n<meta property=\"og:title\" content=\"Informe en X: Preocupante radiograf\u00eda social de la Sexta Secci\u00f3n Electoral - Infoecos\" \/>\n<meta property=\"og:description\" content=\"El sur bonaerense empieza a mostrar un cuadro donde la desaceleraci\u00f3n econ\u00f3mica ya se traduce...\" \/>\n<meta property=\"og:url\" content=\"https:\/\/infoecos.com.ar\/index.php\/informe-en-x-preocupante-radiografia-social-de-la-sexta-seccion-electoral\/\" \/>\n<meta property=\"og:site_name\" content=\"Infoecos\" \/>\n<meta property=\"article:publisher\" content=\"https:\/\/www.facebook.com\/profile.php?id=100063200290284\" \/>\n<meta property=\"article:published_time\" content=\"2026-05-01T23:52:47+00:00\" \/>\n<meta property=\"article:modified_time\" content=\"2026-05-01T23:52:48+00:00\" \/>\n<meta property=\"og:image\" content=\"https:\/\/infoecos.com.ar\/wp-content\/uploads\/2026\/05\/image-13.png\" \/>\n\t<meta property=\"og:image:width\" content=\"400\" \/>\n\t<meta property=\"og:image:height\" content=\"400\" \/>\n\t<meta property=\"og:image:type\" content=\"image\/png\" \/>\n<meta name=\"author\" content=\"Jorge Matheus\" \/>\n<meta name=\"twitter:card\" content=\"summary_large_image\" \/>\n<meta name=\"twitter:creator\" content=\"@infoecos\" \/>\n<meta name=\"twitter:site\" content=\"@infoecos\" \/>\n<meta name=\"twitter:label1\" content=\"Escrito por\" \/>\n\t<meta name=\"twitter:data1\" content=\"Jorge Matheus\" \/>\n\t<meta name=\"twitter:label2\" content=\"Tiempo de lectura\" \/>\n\t<meta name=\"twitter:data2\" content=\"2 minutos\" \/>\n<script type=\"application\/ld+json\" class=\"yoast-schema-graph\">{\"@context\":\"https:\/\/schema.org\",\"@graph\":[{\"@type\":\"Article\",\"@id\":\"https:\/\/infoecos.com.ar\/index.php\/informe-en-x-preocupante-radiografia-social-de-la-sexta-seccion-electoral\/#article\",\"isPartOf\":{\"@id\":\"https:\/\/infoecos.com.ar\/index.php\/informe-en-x-preocupante-radiografia-social-de-la-sexta-seccion-electoral\/\"},\"author\":{\"name\":\"Jorge Matheus\",\"@id\":\"https:\/\/infoecos.com.ar\/#\/schema\/person\/8f5ace5ce73b4b4aac4b7245aee6f191\"},\"headline\":\"Informe en X: Preocupante radiograf\u00eda social de la Sexta Secci\u00f3n Electoral\",\"datePublished\":\"2026-05-01T23:52:47+00:00\",\"dateModified\":\"2026-05-01T23:52:48+00:00\",\"mainEntityOfPage\":{\"@id\":\"https:\/\/infoecos.com.ar\/index.php\/informe-en-x-preocupante-radiografia-social-de-la-sexta-seccion-electoral\/\"},\"wordCount\":342,\"publisher\":{\"@id\":\"https:\/\/infoecos.com.ar\/#organization\"},\"image\":{\"@id\":\"https:\/\/infoecos.com.ar\/index.php\/informe-en-x-preocupante-radiografia-social-de-la-sexta-seccion-electoral\/#primaryimage\"},\"thumbnailUrl\":\"https:\/\/infoecos.com.ar\/wp-content\/uploads\/2026\/05\/image-13.png\",\"keywords\":[\"Bloque inferior\",\"REGIONAL\",\"SALUD\"],\"inLanguage\":\"es\"},{\"@type\":\"WebPage\",\"@id\":\"https:\/\/infoecos.com.ar\/index.php\/informe-en-x-preocupante-radiografia-social-de-la-sexta-seccion-electoral\/\",\"url\":\"https:\/\/infoecos.com.ar\/index.php\/informe-en-x-preocupante-radiografia-social-de-la-sexta-seccion-electoral\/\",\"name\":\"Informe en X: Preocupante radiograf\u00eda social de la Sexta Secci\u00f3n Electoral - Infoecos\",\"isPartOf\":{\"@id\":\"https:\/\/infoecos.com.ar\/#website\"},\"primaryImageOfPage\":{\"@id\":\"https:\/\/infoecos.com.ar\/index.php\/informe-en-x-preocupante-radiografia-social-de-la-sexta-seccion-electoral\/#primaryimage\"},\"image\":{\"@id\":\"https:\/\/infoecos.com.ar\/index.php\/informe-en-x-preocupante-radiografia-social-de-la-sexta-seccion-electoral\/#primaryimage\"},\"thumbnailUrl\":\"https:\/\/infoecos.com.ar\/wp-content\/uploads\/2026\/05\/image-13.png\",\"datePublished\":\"2026-05-01T23:52:47+00:00\",\"dateModified\":\"2026-05-01T23:52:48+00:00\",\"breadcrumb\":{\"@id\":\"https:\/\/infoecos.com.ar\/index.php\/informe-en-x-preocupante-radiografia-social-de-la-sexta-seccion-electoral\/#breadcrumb\"},\"inLanguage\":\"es\",\"potentialAction\":[{\"@type\":\"ReadAction\",\"target\":[\"https:\/\/infoecos.com.ar\/index.php\/informe-en-x-preocupante-radiografia-social-de-la-sexta-seccion-electoral\/\"]}]},{\"@type\":\"ImageObject\",\"inLanguage\":\"es\",\"@id\":\"https:\/\/infoecos.com.ar\/index.php\/informe-en-x-preocupante-radiografia-social-de-la-sexta-seccion-electoral\/#primaryimage\",\"url\":\"https:\/\/infoecos.com.ar\/wp-content\/uploads\/2026\/05\/image-13.png\",\"contentUrl\":\"https:\/\/infoecos.com.ar\/wp-content\/uploads\/2026\/05\/image-13.png\",\"width\":400,\"height\":400},{\"@type\":\"BreadcrumbList\",\"@id\":\"https:\/\/infoecos.com.ar\/index.php\/informe-en-x-preocupante-radiografia-social-de-la-sexta-seccion-electoral\/#breadcrumb\",\"itemListElement\":[{\"@type\":\"ListItem\",\"position\":1,\"name\":\"Portada\",\"item\":\"https:\/\/infoecos.com.ar\/\"},{\"@type\":\"ListItem\",\"position\":2,\"name\":\"Informe en X: Preocupante radiograf\u00eda social de la Sexta Secci\u00f3n Electoral\"}]},{\"@type\":\"WebSite\",\"@id\":\"https:\/\/infoecos.com.ar\/#website\",\"url\":\"https:\/\/infoecos.com.ar\/\",\"name\":\"Infoecos\",\"description\":\"Noticias de trenque lauquen y la zona\",\"publisher\":{\"@id\":\"https:\/\/infoecos.com.ar\/#organization\"},\"alternateName\":\"Noticias\",\"potentialAction\":[{\"@type\":\"SearchAction\",\"target\":{\"@type\":\"EntryPoint\",\"urlTemplate\":\"https:\/\/infoecos.com.ar\/?s={search_term_string}\"},\"query-input\":{\"@type\":\"PropertyValueSpecification\",\"valueRequired\":true,\"valueName\":\"search_term_string\"}}],\"inLanguage\":\"es\"},{\"@type\":\"Organization\",\"@id\":\"https:\/\/infoecos.com.ar\/#organization\",\"name\":\"Infoecos\",\"alternateName\":\"Noticias\",\"url\":\"https:\/\/infoecos.com.ar\/\",\"logo\":{\"@type\":\"ImageObject\",\"inLanguage\":\"es\",\"@id\":\"https:\/\/infoecos.com.ar\/#\/schema\/logo\/image\/\",\"url\":\"https:\/\/infoecos.com.ar\/wp-content\/uploads\/2024\/03\/cropped-logo.png\",\"contentUrl\":\"https:\/\/infoecos.com.ar\/wp-content\/uploads\/2024\/03\/cropped-logo.png\",\"width\":374,\"height\":90,\"caption\":\"Infoecos\"},\"image\":{\"@id\":\"https:\/\/infoecos.com.ar\/#\/schema\/logo\/image\/\"},\"sameAs\":[\"https:\/\/www.facebook.com\/profile.php?id=100063200290284\",\"https:\/\/x.com\/infoecos\"]},{\"@type\":\"Person\",\"@id\":\"https:\/\/infoecos.com.ar\/#\/schema\/person\/8f5ace5ce73b4b4aac4b7245aee6f191\",\"name\":\"Jorge Matheus\",\"url\":\"https:\/\/infoecos.com.ar\/index.php\/author\/jomatheus\/\"}]}<\/script>\n<!-- \/ Yoast SEO plugin. -->","yoast_head_json":{"title":"Informe en X: Preocupante radiograf\u00eda social de la Sexta Secci\u00f3n Electoral - Infoecos","robots":{"index":"index","follow":"follow","max-snippet":"max-snippet:-1","max-image-preview":"max-image-preview:large","max-video-preview":"max-video-preview:-1"},"canonical":"https:\/\/infoecos.com.ar\/index.php\/informe-en-x-preocupante-radiografia-social-de-la-sexta-seccion-electoral\/","og_locale":"es_ES","og_type":"article","og_title":"Informe en X: Preocupante radiograf\u00eda social de la Sexta Secci\u00f3n Electoral - Infoecos","og_description":"El sur bonaerense empieza a mostrar un cuadro donde la desaceleraci\u00f3n econ\u00f3mica ya se traduce...","og_url":"https:\/\/infoecos.com.ar\/index.php\/informe-en-x-preocupante-radiografia-social-de-la-sexta-seccion-electoral\/","og_site_name":"Infoecos","article_publisher":"https:\/\/www.facebook.com\/profile.php?id=100063200290284","article_published_time":"2026-05-01T23:52:47+00:00","article_modified_time":"2026-05-01T23:52:48+00:00","og_image":[{"width":400,"height":400,"url":"https:\/\/infoecos.com.ar\/wp-content\/uploads\/2026\/05\/image-13.png","type":"image\/png"}],"author":"Jorge Matheus","twitter_card":"summary_large_image","twitter_creator":"@infoecos","twitter_site":"@infoecos","twitter_misc":{"Escrito por":"Jorge Matheus","Tiempo de lectura":"2 minutos"},"schema":{"@context":"https:\/\/schema.org","@graph":[{"@type":"Article","@id":"https:\/\/infoecos.com.ar\/index.php\/informe-en-x-preocupante-radiografia-social-de-la-sexta-seccion-electoral\/#article","isPartOf":{"@id":"https:\/\/infoecos.com.ar\/index.php\/informe-en-x-preocupante-radiografia-social-de-la-sexta-seccion-electoral\/"},"author":{"name":"Jorge Matheus","@id":"https:\/\/infoecos.com.ar\/#\/schema\/person\/8f5ace5ce73b4b4aac4b7245aee6f191"},"headline":"Informe en X: Preocupante radiograf\u00eda social de la Sexta Secci\u00f3n Electoral","datePublished":"2026-05-01T23:52:47+00:00","dateModified":"2026-05-01T23:52:48+00:00","mainEntityOfPage":{"@id":"https:\/\/infoecos.com.ar\/index.php\/informe-en-x-preocupante-radiografia-social-de-la-sexta-seccion-electoral\/"},"wordCount":342,"publisher":{"@id":"https:\/\/infoecos.com.ar\/#organization"},"image":{"@id":"https:\/\/infoecos.com.ar\/index.php\/informe-en-x-preocupante-radiografia-social-de-la-sexta-seccion-electoral\/#primaryimage"},"thumbnailUrl":"https:\/\/infoecos.com.ar\/wp-content\/uploads\/2026\/05\/image-13.png","keywords":["Bloque inferior","REGIONAL","SALUD"],"inLanguage":"es"},{"@type":"WebPage","@id":"https:\/\/infoecos.com.ar\/index.php\/informe-en-x-preocupante-radiografia-social-de-la-sexta-seccion-electoral\/","url":"https:\/\/infoecos.com.ar\/index.php\/informe-en-x-preocupante-radiografia-social-de-la-sexta-seccion-electoral\/","name":"Informe en X: Preocupante radiograf\u00eda social de la Sexta Secci\u00f3n Electoral - Infoecos","isPartOf":{"@id":"https:\/\/infoecos.com.ar\/#website"},"primaryImageOfPage":{"@id":"https:\/\/infoecos.com.ar\/index.php\/informe-en-x-preocupante-radiografia-social-de-la-sexta-seccion-electoral\/#primaryimage"},"image":{"@id":"https:\/\/infoecos.com.ar\/index.php\/informe-en-x-preocupante-radiografia-social-de-la-sexta-seccion-electoral\/#primaryimage"},"thumbnailUrl":"https:\/\/infoecos.com.ar\/wp-content\/uploads\/2026\/05\/image-13.png","datePublished":"2026-05-01T23:52:47+00:00","dateModified":"2026-05-01T23:52:48+00:00","breadcrumb":{"@id":"https:\/\/infoecos.com.ar\/index.php\/informe-en-x-preocupante-radiografia-social-de-la-sexta-seccion-electoral\/#breadcrumb"},"inLanguage":"es","potentialAction":[{"@type":"ReadAction","target":["https:\/\/infoecos.com.ar\/index.php\/informe-en-x-preocupante-radiografia-social-de-la-sexta-seccion-electoral\/"]}]},{"@type":"ImageObject","inLanguage":"es","@id":"https:\/\/infoecos.com.ar\/index.php\/informe-en-x-preocupante-radiografia-social-de-la-sexta-seccion-electoral\/#primaryimage","url":"https:\/\/infoecos.com.ar\/wp-content\/uploads\/2026\/05\/image-13.png","contentUrl":"https:\/\/infoecos.com.ar\/wp-content\/uploads\/2026\/05\/image-13.png","width":400,"height":400},{"@type":"BreadcrumbList","@id":"https:\/\/infoecos.com.ar\/index.php\/informe-en-x-preocupante-radiografia-social-de-la-sexta-seccion-electoral\/#breadcrumb","itemListElement":[{"@type":"ListItem","position":1,"name":"Portada","item":"https:\/\/infoecos.com.ar\/"},{"@type":"ListItem","position":2,"name":"Informe en X: Preocupante radiograf\u00eda social de la Sexta Secci\u00f3n Electoral"}]},{"@type":"WebSite","@id":"https:\/\/infoecos.com.ar\/#website","url":"https:\/\/infoecos.com.ar\/","name":"Infoecos","description":"Noticias de trenque lauquen y la zona","publisher":{"@id":"https:\/\/infoecos.com.ar\/#organization"},"alternateName":"Noticias","potentialAction":[{"@type":"SearchAction","target":{"@type":"EntryPoint","urlTemplate":"https:\/\/infoecos.com.ar\/?s={search_term_string}"},"query-input":{"@type":"PropertyValueSpecification","valueRequired":true,"valueName":"search_term_string"}}],"inLanguage":"es"},{"@type":"Organization","@id":"https:\/\/infoecos.com.ar\/#organization","name":"Infoecos","alternateName":"Noticias","url":"https:\/\/infoecos.com.ar\/","logo":{"@type":"ImageObject","inLanguage":"es","@id":"https:\/\/infoecos.com.ar\/#\/schema\/logo\/image\/","url":"https:\/\/infoecos.com.ar\/wp-content\/uploads\/2024\/03\/cropped-logo.png","contentUrl":"https:\/\/infoecos.com.ar\/wp-content\/uploads\/2024\/03\/cropped-logo.png","width":374,"height":90,"caption":"Infoecos"},"image":{"@id":"https:\/\/infoecos.com.ar\/#\/schema\/logo\/image\/"},"sameAs":["https:\/\/www.facebook.com\/profile.php?id=100063200290284","https:\/\/x.com\/infoecos"]},{"@type":"Person","@id":"https:\/\/infoecos.com.ar\/#\/schema\/person\/8f5ace5ce73b4b4aac4b7245aee6f191","name":"Jorge Matheus","url":"https:\/\/infoecos.com.ar\/index.php\/author\/jomatheus\/"}]}},"featured_image_urls":{"full":["https:\/\/infoecos.com.ar\/wp-content\/uploads\/2026\/05\/image-13.png",400,400,false],"thumbnail":["https:\/\/infoecos.com.ar\/wp-content\/uploads\/2026\/05\/image-13-300x150.png",300,150,true],"medium":["https:\/\/infoecos.com.ar\/wp-content\/uploads\/2026\/05\/image-13.png",400,400,false],"medium_large":["https:\/\/infoecos.com.ar\/wp-content\/uploads\/2026\/05\/image-13.png",400,400,false],"large":["https:\/\/infoecos.com.ar\/wp-content\/uploads\/2026\/05\/image-13.png",400,400,false],"1536x1536":["https:\/\/infoecos.com.ar\/wp-content\/uploads\/2026\/05\/image-13.png",400,400,false],"2048x2048":["https:\/\/infoecos.com.ar\/wp-content\/uploads\/2026\/05\/image-13.png",400,400,false],"covernews-slider-full":["https:\/\/infoecos.com.ar\/wp-content\/uploads\/2026\/05\/image-13.png",400,400,false],"covernews-slider-center":["https:\/\/infoecos.com.ar\/wp-content\/uploads\/2026\/05\/image-13.png",400,400,false],"covernews-featured":["https:\/\/infoecos.com.ar\/wp-content\/uploads\/2026\/05\/image-13.png",400,400,false],"covernews-medium":["https:\/\/infoecos.com.ar\/wp-content\/uploads\/2026\/05\/image-13-400x340.png",400,340,true],"covernews-medium-square":["https:\/\/infoecos.com.ar\/wp-content\/uploads\/2026\/05\/image-13-400x250.png",400,250,true]},"author_info":{"info":["Jorge Matheus"]},"category_info":"<a href=\"https:\/\/infoecos.com.ar\/index.php\/category\/sin-categoria\/\" rel=\"category tag\">Sin categor\u00eda<\/a>","tag_info":"Sin categor\u00eda","comment_count":"0","_links":{"self":[{"href":"https:\/\/infoecos.com.ar\/index.php\/wp-json\/wp\/v2\/posts\/157708"}],"collection":[{"href":"https:\/\/infoecos.com.ar\/index.php\/wp-json\/wp\/v2\/posts"}],"about":[{"href":"https:\/\/infoecos.com.ar\/index.php\/wp-json\/wp\/v2\/types\/post"}],"author":[{"embeddable":true,"href":"https:\/\/infoecos.com.ar\/index.php\/wp-json\/wp\/v2\/users\/2"}],"replies":[{"embeddable":true,"href":"https:\/\/infoecos.com.ar\/index.php\/wp-json\/wp\/v2\/comments?post=157708"}],"version-history":[{"count":1,"href":"https:\/\/infoecos.com.ar\/index.php\/wp-json\/wp\/v2\/posts\/157708\/revisions"}],"predecessor-version":[{"id":157710,"href":"https:\/\/infoecos.com.ar\/index.php\/wp-json\/wp\/v2\/posts\/157708\/revisions\/157710"}],"wp:featuredmedia":[{"embeddable":true,"href":"https:\/\/infoecos.com.ar\/index.php\/wp-json\/wp\/v2\/media\/157709"}],"wp:attachment":[{"href":"https:\/\/infoecos.com.ar\/index.php\/wp-json\/wp\/v2\/media?parent=157708"}],"wp:term":[{"taxonomy":"category","embeddable":true,"href":"https:\/\/infoecos.com.ar\/index.php\/wp-json\/wp\/v2\/categories?post=157708"},{"taxonomy":"post_tag","embeddable":true,"href":"https:\/\/infoecos.com.ar\/index.php\/wp-json\/wp\/v2\/tags?post=157708"}],"curies":[{"name":"wp","href":"https:\/\/api.w.org\/{rel}","templated":true}]}}