{"id":157715,"date":"2026-05-01T22:28:25","date_gmt":"2026-05-02T01:28:25","guid":{"rendered":"https:\/\/infoecos.com.ar\/?p=157715"},"modified":"2026-05-01T22:28:26","modified_gmt":"2026-05-02T01:28:26","slug":"cielo-parcial-a-casi-totalmente-despejado-para-este-sabado-mientras-que-para-el-domingo-se-estiman-vientos-fuertes","status":"publish","type":"post","link":"https:\/\/infoecos.com.ar\/index.php\/cielo-parcial-a-casi-totalmente-despejado-para-este-sabado-mientras-que-para-el-domingo-se-estiman-vientos-fuertes\/","title":{"rendered":"Cielo parcial a casi totalmente despejado para este s\u00e1bado, mientras que para el domingo se estiman vientos fuertes"},"content":{"rendered":"\n<p class=\"has-text-align-center\"><strong>Servicio Meteorol\u00f3gico Nacional<\/strong><\/p>\n\n\n\n<p><strong><mark style=\"background-color:rgba(0, 0, 0, 0)\" class=\"has-inline-color has-vivid-red-color\">Cielo parcial a casi totalmente despejado para este s\u00e1bado, mientras que para el domingo se estiman vientos fuertes.<\/mark><\/strong><\/p>\n\n\n\n<figure class=\"wp-block-image aligncenter size-full\"><img loading=\"lazy\" decoding=\"async\" width=\"411\" height=\"228\" src=\"https:\/\/infoecos.com.ar\/wp-content\/uploads\/2026\/05\/image-16.png\" alt=\"\" class=\"wp-image-157716\"\/><\/figure>\n\n\n\n<p class=\"has-text-align-center\"><strong>Sensores Clim\u00e1ticos Municipalidad de Trenque Lauquen <\/strong><\/p>\n\n\n\n<p><strong><mark style=\"background-color:rgba(0, 0, 0, 0)\" class=\"has-inline-color has-vivid-red-color\">Agradable el viernes con cielo despejado durante gran parte del d\u00eda, pero con vientos del Sur soplando a 47.1 km\/h a las 15.15.<\/mark><\/strong><\/p>\n\n\n\n<figure class=\"wp-block-image size-full\"><img loading=\"lazy\" decoding=\"async\" width=\"1093\" height=\"390\" src=\"https:\/\/infoecos.com.ar\/wp-content\/uploads\/2026\/05\/image-17.png\" alt=\"\" class=\"wp-image-157717\" srcset=\"https:\/\/infoecos.com.ar\/wp-content\/uploads\/2026\/05\/image-17.png 1093w, https:\/\/infoecos.com.ar\/wp-content\/uploads\/2026\/05\/image-17-800x285.png 800w, https:\/\/infoecos.com.ar\/wp-content\/uploads\/2026\/05\/image-17-768x274.png 768w, https:\/\/infoecos.com.ar\/wp-content\/uploads\/2026\/05\/image-17-1024x365.png 1024w\" sizes=\"(max-width: 1093px) 100vw, 1093px\" \/><\/figure>\n","protected":false},"excerpt":{"rendered":"<p>Servicio Meteorol\u00f3gico Nacional Cielo parcial a casi totalmente despejado para este s\u00e1bado, mientras que para&#8230;<\/p>\n","protected":false},"author":2,"featured_media":157718,"comment_status":"closed","ping_status":"open","sticky":false,"template":"","format":"standard","meta":{"footnotes":""},"categories":[1612],"tags":[1750,156],"class_list":["post-157715","post","type-post","status-publish","format-standard","has-post-thumbnail","hentry","category-noticia-principal","tag-deporte","tag-salud"],"yoast_head":"<!-- This site is optimized with the Yoast SEO plugin v23.4 - https:\/\/yoast.com\/wordpress\/plugins\/seo\/ -->\n<title>Cielo parcial a casi totalmente despejado para este s\u00e1bado, mientras que para el domingo se estiman vientos fuertes - Infoecos<\/title>\n<meta name=\"robots\" content=\"index, follow, max-snippet:-1, max-image-preview:large, max-video-preview:-1\" \/>\n<link rel=\"canonical\" href=\"https:\/\/infoecos.com.ar\/index.php\/cielo-parcial-a-casi-totalmente-despejado-para-este-sabado-mientras-que-para-el-domingo-se-estiman-vientos-fuertes\/\" \/>\n<meta property=\"og:locale\" content=\"es_ES\" \/>\n<meta property=\"og:type\" content=\"article\" \/>\n<meta property=\"og:title\" content=\"Cielo parcial a casi totalmente despejado para este s\u00e1bado, mientras que para el domingo se estiman vientos fuertes - Infoecos\" \/>\n<meta property=\"og:description\" content=\"Servicio Meteorol\u00f3gico Nacional Cielo parcial a casi totalmente despejado para este s\u00e1bado, mientras que para...\" \/>\n<meta property=\"og:url\" content=\"https:\/\/infoecos.com.ar\/index.php\/cielo-parcial-a-casi-totalmente-despejado-para-este-sabado-mientras-que-para-el-domingo-se-estiman-vientos-fuertes\/\" \/>\n<meta property=\"og:site_name\" content=\"Infoecos\" \/>\n<meta property=\"article:publisher\" content=\"https:\/\/www.facebook.com\/profile.php?id=100063200290284\" \/>\n<meta property=\"article:published_time\" content=\"2026-05-02T01:28:25+00:00\" \/>\n<meta property=\"article:modified_time\" content=\"2026-05-02T01:28:26+00:00\" \/>\n<meta property=\"og:image\" content=\"https:\/\/infoecos.com.ar\/wp-content\/uploads\/2026\/05\/La-ciudad-11.jpg\" \/>\n\t<meta property=\"og:image:width\" content=\"1024\" \/>\n\t<meta property=\"og:image:height\" content=\"681\" \/>\n\t<meta property=\"og:image:type\" content=\"image\/jpeg\" \/>\n<meta name=\"author\" content=\"Jorge Matheus\" \/>\n<meta name=\"twitter:card\" content=\"summary_large_image\" \/>\n<meta name=\"twitter:creator\" content=\"@infoecos\" \/>\n<meta name=\"twitter:site\" content=\"@infoecos\" \/>\n<meta name=\"twitter:label1\" content=\"Escrito por\" \/>\n\t<meta name=\"twitter:data1\" content=\"Jorge Matheus\" \/>\n\t<meta name=\"twitter:label2\" content=\"Tiempo de lectura\" \/>\n\t<meta name=\"twitter:data2\" content=\"1 minuto\" \/>\n<script type=\"application\/ld+json\" class=\"yoast-schema-graph\">{\"@context\":\"https:\/\/schema.org\",\"@graph\":[{\"@type\":\"Article\",\"@id\":\"https:\/\/infoecos.com.ar\/index.php\/cielo-parcial-a-casi-totalmente-despejado-para-este-sabado-mientras-que-para-el-domingo-se-estiman-vientos-fuertes\/#article\",\"isPartOf\":{\"@id\":\"https:\/\/infoecos.com.ar\/index.php\/cielo-parcial-a-casi-totalmente-despejado-para-este-sabado-mientras-que-para-el-domingo-se-estiman-vientos-fuertes\/\"},\"author\":{\"name\":\"Jorge Matheus\",\"@id\":\"https:\/\/infoecos.com.ar\/#\/schema\/person\/8f5ace5ce73b4b4aac4b7245aee6f191\"},\"headline\":\"Cielo parcial a casi totalmente despejado para este s\u00e1bado, mientras que para el domingo se estiman vientos fuertes\",\"datePublished\":\"2026-05-02T01:28:25+00:00\",\"dateModified\":\"2026-05-02T01:28:26+00:00\",\"mainEntityOfPage\":{\"@id\":\"https:\/\/infoecos.com.ar\/index.php\/cielo-parcial-a-casi-totalmente-despejado-para-este-sabado-mientras-que-para-el-domingo-se-estiman-vientos-fuertes\/\"},\"wordCount\":72,\"publisher\":{\"@id\":\"https:\/\/infoecos.com.ar\/#organization\"},\"image\":{\"@id\":\"https:\/\/infoecos.com.ar\/index.php\/cielo-parcial-a-casi-totalmente-despejado-para-este-sabado-mientras-que-para-el-domingo-se-estiman-vientos-fuertes\/#primaryimage\"},\"thumbnailUrl\":\"https:\/\/infoecos.com.ar\/wp-content\/uploads\/2026\/05\/La-ciudad-11.jpg\",\"keywords\":[\"DEPORTE\",\"SALUD\"],\"articleSection\":[\"Noticia Principal\"],\"inLanguage\":\"es\"},{\"@type\":\"WebPage\",\"@id\":\"https:\/\/infoecos.com.ar\/index.php\/cielo-parcial-a-casi-totalmente-despejado-para-este-sabado-mientras-que-para-el-domingo-se-estiman-vientos-fuertes\/\",\"url\":\"https:\/\/infoecos.com.ar\/index.php\/cielo-parcial-a-casi-totalmente-despejado-para-este-sabado-mientras-que-para-el-domingo-se-estiman-vientos-fuertes\/\",\"name\":\"Cielo parcial a casi totalmente despejado para este s\u00e1bado, mientras que para el domingo se estiman vientos fuertes - Infoecos\",\"isPartOf\":{\"@id\":\"https:\/\/infoecos.com.ar\/#website\"},\"primaryImageOfPage\":{\"@id\":\"https:\/\/infoecos.com.ar\/index.php\/cielo-parcial-a-casi-totalmente-despejado-para-este-sabado-mientras-que-para-el-domingo-se-estiman-vientos-fuertes\/#primaryimage\"},\"image\":{\"@id\":\"https:\/\/infoecos.com.ar\/index.php\/cielo-parcial-a-casi-totalmente-despejado-para-este-sabado-mientras-que-para-el-domingo-se-estiman-vientos-fuertes\/#primaryimage\"},\"thumbnailUrl\":\"https:\/\/infoecos.com.ar\/wp-content\/uploads\/2026\/05\/La-ciudad-11.jpg\",\"datePublished\":\"2026-05-02T01:28:25+00:00\",\"dateModified\":\"2026-05-02T01:28:26+00:00\",\"breadcrumb\":{\"@id\":\"https:\/\/infoecos.com.ar\/index.php\/cielo-parcial-a-casi-totalmente-despejado-para-este-sabado-mientras-que-para-el-domingo-se-estiman-vientos-fuertes\/#breadcrumb\"},\"inLanguage\":\"es\",\"potentialAction\":[{\"@type\":\"ReadAction\",\"target\":[\"https:\/\/infoecos.com.ar\/index.php\/cielo-parcial-a-casi-totalmente-despejado-para-este-sabado-mientras-que-para-el-domingo-se-estiman-vientos-fuertes\/\"]}]},{\"@type\":\"ImageObject\",\"inLanguage\":\"es\",\"@id\":\"https:\/\/infoecos.com.ar\/index.php\/cielo-parcial-a-casi-totalmente-despejado-para-este-sabado-mientras-que-para-el-domingo-se-estiman-vientos-fuertes\/#primaryimage\",\"url\":\"https:\/\/infoecos.com.ar\/wp-content\/uploads\/2026\/05\/La-ciudad-11.jpg\",\"contentUrl\":\"https:\/\/infoecos.com.ar\/wp-content\/uploads\/2026\/05\/La-ciudad-11.jpg\",\"width\":1024,\"height\":681},{\"@type\":\"BreadcrumbList\",\"@id\":\"https:\/\/infoecos.com.ar\/index.php\/cielo-parcial-a-casi-totalmente-despejado-para-este-sabado-mientras-que-para-el-domingo-se-estiman-vientos-fuertes\/#breadcrumb\",\"itemListElement\":[{\"@type\":\"ListItem\",\"position\":1,\"name\":\"Portada\",\"item\":\"https:\/\/infoecos.com.ar\/\"},{\"@type\":\"ListItem\",\"position\":2,\"name\":\"Cielo parcial a casi totalmente despejado para este s\u00e1bado, mientras que para el domingo se estiman vientos fuertes\"}]},{\"@type\":\"WebSite\",\"@id\":\"https:\/\/infoecos.com.ar\/#website\",\"url\":\"https:\/\/infoecos.com.ar\/\",\"name\":\"Infoecos\",\"description\":\"Noticias de trenque lauquen y la zona\",\"publisher\":{\"@id\":\"https:\/\/infoecos.com.ar\/#organization\"},\"alternateName\":\"Noticias\",\"potentialAction\":[{\"@type\":\"SearchAction\",\"target\":{\"@type\":\"EntryPoint\",\"urlTemplate\":\"https:\/\/infoecos.com.ar\/?s={search_term_string}\"},\"query-input\":{\"@type\":\"PropertyValueSpecification\",\"valueRequired\":true,\"valueName\":\"search_term_string\"}}],\"inLanguage\":\"es\"},{\"@type\":\"Organization\",\"@id\":\"https:\/\/infoecos.com.ar\/#organization\",\"name\":\"Infoecos\",\"alternateName\":\"Noticias\",\"url\":\"https:\/\/infoecos.com.ar\/\",\"logo\":{\"@type\":\"ImageObject\",\"inLanguage\":\"es\",\"@id\":\"https:\/\/infoecos.com.ar\/#\/schema\/logo\/image\/\",\"url\":\"https:\/\/infoecos.com.ar\/wp-content\/uploads\/2024\/03\/cropped-logo.png\",\"contentUrl\":\"https:\/\/infoecos.com.ar\/wp-content\/uploads\/2024\/03\/cropped-logo.png\",\"width\":374,\"height\":90,\"caption\":\"Infoecos\"},\"image\":{\"@id\":\"https:\/\/infoecos.com.ar\/#\/schema\/logo\/image\/\"},\"sameAs\":[\"https:\/\/www.facebook.com\/profile.php?id=100063200290284\",\"https:\/\/x.com\/infoecos\"]},{\"@type\":\"Person\",\"@id\":\"https:\/\/infoecos.com.ar\/#\/schema\/person\/8f5ace5ce73b4b4aac4b7245aee6f191\",\"name\":\"Jorge Matheus\",\"url\":\"https:\/\/infoecos.com.ar\/index.php\/author\/jomatheus\/\"}]}<\/script>\n<!-- \/ Yoast SEO plugin. -->","yoast_head_json":{"title":"Cielo parcial a casi totalmente despejado para este s\u00e1bado, mientras que para el domingo se estiman vientos fuertes - Infoecos","robots":{"index":"index","follow":"follow","max-snippet":"max-snippet:-1","max-image-preview":"max-image-preview:large","max-video-preview":"max-video-preview:-1"},"canonical":"https:\/\/infoecos.com.ar\/index.php\/cielo-parcial-a-casi-totalmente-despejado-para-este-sabado-mientras-que-para-el-domingo-se-estiman-vientos-fuertes\/","og_locale":"es_ES","og_type":"article","og_title":"Cielo parcial a casi totalmente despejado para este s\u00e1bado, mientras que para el domingo se estiman vientos fuertes - Infoecos","og_description":"Servicio Meteorol\u00f3gico Nacional Cielo parcial a casi totalmente despejado para este s\u00e1bado, mientras que para...","og_url":"https:\/\/infoecos.com.ar\/index.php\/cielo-parcial-a-casi-totalmente-despejado-para-este-sabado-mientras-que-para-el-domingo-se-estiman-vientos-fuertes\/","og_site_name":"Infoecos","article_publisher":"https:\/\/www.facebook.com\/profile.php?id=100063200290284","article_published_time":"2026-05-02T01:28:25+00:00","article_modified_time":"2026-05-02T01:28:26+00:00","og_image":[{"width":1024,"height":681,"url":"https:\/\/infoecos.com.ar\/wp-content\/uploads\/2026\/05\/La-ciudad-11.jpg","type":"image\/jpeg"}],"author":"Jorge Matheus","twitter_card":"summary_large_image","twitter_creator":"@infoecos","twitter_site":"@infoecos","twitter_misc":{"Escrito por":"Jorge Matheus","Tiempo de lectura":"1 minuto"},"schema":{"@context":"https:\/\/schema.org","@graph":[{"@type":"Article","@id":"https:\/\/infoecos.com.ar\/index.php\/cielo-parcial-a-casi-totalmente-despejado-para-este-sabado-mientras-que-para-el-domingo-se-estiman-vientos-fuertes\/#article","isPartOf":{"@id":"https:\/\/infoecos.com.ar\/index.php\/cielo-parcial-a-casi-totalmente-despejado-para-este-sabado-mientras-que-para-el-domingo-se-estiman-vientos-fuertes\/"},"author":{"name":"Jorge Matheus","@id":"https:\/\/infoecos.com.ar\/#\/schema\/person\/8f5ace5ce73b4b4aac4b7245aee6f191"},"headline":"Cielo parcial a casi totalmente despejado para este s\u00e1bado, mientras que para el domingo se estiman vientos fuertes","datePublished":"2026-05-02T01:28:25+00:00","dateModified":"2026-05-02T01:28:26+00:00","mainEntityOfPage":{"@id":"https:\/\/infoecos.com.ar\/index.php\/cielo-parcial-a-casi-totalmente-despejado-para-este-sabado-mientras-que-para-el-domingo-se-estiman-vientos-fuertes\/"},"wordCount":72,"publisher":{"@id":"https:\/\/infoecos.com.ar\/#organization"},"image":{"@id":"https:\/\/infoecos.com.ar\/index.php\/cielo-parcial-a-casi-totalmente-despejado-para-este-sabado-mientras-que-para-el-domingo-se-estiman-vientos-fuertes\/#primaryimage"},"thumbnailUrl":"https:\/\/infoecos.com.ar\/wp-content\/uploads\/2026\/05\/La-ciudad-11.jpg","keywords":["DEPORTE","SALUD"],"articleSection":["Noticia Principal"],"inLanguage":"es"},{"@type":"WebPage","@id":"https:\/\/infoecos.com.ar\/index.php\/cielo-parcial-a-casi-totalmente-despejado-para-este-sabado-mientras-que-para-el-domingo-se-estiman-vientos-fuertes\/","url":"https:\/\/infoecos.com.ar\/index.php\/cielo-parcial-a-casi-totalmente-despejado-para-este-sabado-mientras-que-para-el-domingo-se-estiman-vientos-fuertes\/","name":"Cielo parcial a casi totalmente despejado para este s\u00e1bado, mientras que para el domingo se estiman vientos fuertes - Infoecos","isPartOf":{"@id":"https:\/\/infoecos.com.ar\/#website"},"primaryImageOfPage":{"@id":"https:\/\/infoecos.com.ar\/index.php\/cielo-parcial-a-casi-totalmente-despejado-para-este-sabado-mientras-que-para-el-domingo-se-estiman-vientos-fuertes\/#primaryimage"},"image":{"@id":"https:\/\/infoecos.com.ar\/index.php\/cielo-parcial-a-casi-totalmente-despejado-para-este-sabado-mientras-que-para-el-domingo-se-estiman-vientos-fuertes\/#primaryimage"},"thumbnailUrl":"https:\/\/infoecos.com.ar\/wp-content\/uploads\/2026\/05\/La-ciudad-11.jpg","datePublished":"2026-05-02T01:28:25+00:00","dateModified":"2026-05-02T01:28:26+00:00","breadcrumb":{"@id":"https:\/\/infoecos.com.ar\/index.php\/cielo-parcial-a-casi-totalmente-despejado-para-este-sabado-mientras-que-para-el-domingo-se-estiman-vientos-fuertes\/#breadcrumb"},"inLanguage":"es","potentialAction":[{"@type":"ReadAction","target":["https:\/\/infoecos.com.ar\/index.php\/cielo-parcial-a-casi-totalmente-despejado-para-este-sabado-mientras-que-para-el-domingo-se-estiman-vientos-fuertes\/"]}]},{"@type":"ImageObject","inLanguage":"es","@id":"https:\/\/infoecos.com.ar\/index.php\/cielo-parcial-a-casi-totalmente-despejado-para-este-sabado-mientras-que-para-el-domingo-se-estiman-vientos-fuertes\/#primaryimage","url":"https:\/\/infoecos.com.ar\/wp-content\/uploads\/2026\/05\/La-ciudad-11.jpg","contentUrl":"https:\/\/infoecos.com.ar\/wp-content\/uploads\/2026\/05\/La-ciudad-11.jpg","width":1024,"height":681},{"@type":"BreadcrumbList","@id":"https:\/\/infoecos.com.ar\/index.php\/cielo-parcial-a-casi-totalmente-despejado-para-este-sabado-mientras-que-para-el-domingo-se-estiman-vientos-fuertes\/#breadcrumb","itemListElement":[{"@type":"ListItem","position":1,"name":"Portada","item":"https:\/\/infoecos.com.ar\/"},{"@type":"ListItem","position":2,"name":"Cielo parcial a casi totalmente despejado para este s\u00e1bado, mientras que para el domingo se estiman vientos fuertes"}]},{"@type":"WebSite","@id":"https:\/\/infoecos.com.ar\/#website","url":"https:\/\/infoecos.com.ar\/","name":"Infoecos","description":"Noticias de trenque lauquen y la zona","publisher":{"@id":"https:\/\/infoecos.com.ar\/#organization"},"alternateName":"Noticias","potentialAction":[{"@type":"SearchAction","target":{"@type":"EntryPoint","urlTemplate":"https:\/\/infoecos.com.ar\/?s={search_term_string}"},"query-input":{"@type":"PropertyValueSpecification","valueRequired":true,"valueName":"search_term_string"}}],"inLanguage":"es"},{"@type":"Organization","@id":"https:\/\/infoecos.com.ar\/#organization","name":"Infoecos","alternateName":"Noticias","url":"https:\/\/infoecos.com.ar\/","logo":{"@type":"ImageObject","inLanguage":"es","@id":"https:\/\/infoecos.com.ar\/#\/schema\/logo\/image\/","url":"https:\/\/infoecos.com.ar\/wp-content\/uploads\/2024\/03\/cropped-logo.png","contentUrl":"https:\/\/infoecos.com.ar\/wp-content\/uploads\/2024\/03\/cropped-logo.png","width":374,"height":90,"caption":"Infoecos"},"image":{"@id":"https:\/\/infoecos.com.ar\/#\/schema\/logo\/image\/"},"sameAs":["https:\/\/www.facebook.com\/profile.php?id=100063200290284","https:\/\/x.com\/infoecos"]},{"@type":"Person","@id":"https:\/\/infoecos.com.ar\/#\/schema\/person\/8f5ace5ce73b4b4aac4b7245aee6f191","name":"Jorge Matheus","url":"https:\/\/infoecos.com.ar\/index.php\/author\/jomatheus\/"}]}},"featured_image_urls":{"full":["https:\/\/infoecos.com.ar\/wp-content\/uploads\/2026\/05\/La-ciudad-11.jpg",1024,681,false],"thumbnail":["https:\/\/infoecos.com.ar\/wp-content\/uploads\/2026\/05\/La-ciudad-11-300x150.jpg",300,150,true],"medium":["https:\/\/infoecos.com.ar\/wp-content\/uploads\/2026\/05\/La-ciudad-11-800x532.jpg",800,532,true],"medium_large":["https:\/\/infoecos.com.ar\/wp-content\/uploads\/2026\/05\/La-ciudad-11-768x511.jpg",640,426,true],"large":["https:\/\/infoecos.com.ar\/wp-content\/uploads\/2026\/05\/La-ciudad-11.jpg",640,426,false],"1536x1536":["https:\/\/infoecos.com.ar\/wp-content\/uploads\/2026\/05\/La-ciudad-11.jpg",1024,681,false],"2048x2048":["https:\/\/infoecos.com.ar\/wp-content\/uploads\/2026\/05\/La-ciudad-11.jpg",1024,681,false],"covernews-slider-full":["https:\/\/infoecos.com.ar\/wp-content\/uploads\/2026\/05\/La-ciudad-11.jpg",1024,681,false],"covernews-slider-center":["https:\/\/infoecos.com.ar\/wp-content\/uploads\/2026\/05\/La-ciudad-11-800x500.jpg",800,500,true],"covernews-featured":["https:\/\/infoecos.com.ar\/wp-content\/uploads\/2026\/05\/La-ciudad-11.jpg",1024,681,false],"covernews-medium":["https:\/\/infoecos.com.ar\/wp-content\/uploads\/2026\/05\/La-ciudad-11-540x340.jpg",540,340,true],"covernews-medium-square":["https:\/\/infoecos.com.ar\/wp-content\/uploads\/2026\/05\/La-ciudad-11-400x250.jpg",400,250,true]},"author_info":{"info":["Jorge Matheus"]},"category_info":"<a href=\"https:\/\/infoecos.com.ar\/index.php\/category\/noticia-principal\/\" rel=\"category tag\">Noticia Principal<\/a>","tag_info":"Noticia Principal","comment_count":"0","_links":{"self":[{"href":"https:\/\/infoecos.com.ar\/index.php\/wp-json\/wp\/v2\/posts\/157715"}],"collection":[{"href":"https:\/\/infoecos.com.ar\/index.php\/wp-json\/wp\/v2\/posts"}],"about":[{"href":"https:\/\/infoecos.com.ar\/index.php\/wp-json\/wp\/v2\/types\/post"}],"author":[{"embeddable":true,"href":"https:\/\/infoecos.com.ar\/index.php\/wp-json\/wp\/v2\/users\/2"}],"replies":[{"embeddable":true,"href":"https:\/\/infoecos.com.ar\/index.php\/wp-json\/wp\/v2\/comments?post=157715"}],"version-history":[{"count":1,"href":"https:\/\/infoecos.com.ar\/index.php\/wp-json\/wp\/v2\/posts\/157715\/revisions"}],"predecessor-version":[{"id":157719,"href":"https:\/\/infoecos.com.ar\/index.php\/wp-json\/wp\/v2\/posts\/157715\/revisions\/157719"}],"wp:featuredmedia":[{"embeddable":true,"href":"https:\/\/infoecos.com.ar\/index.php\/wp-json\/wp\/v2\/media\/157718"}],"wp:attachment":[{"href":"https:\/\/infoecos.com.ar\/index.php\/wp-json\/wp\/v2\/media?parent=157715"}],"wp:term":[{"taxonomy":"category","embeddable":true,"href":"https:\/\/infoecos.com.ar\/index.php\/wp-json\/wp\/v2\/categories?post=157715"},{"taxonomy":"post_tag","embeddable":true,"href":"https:\/\/infoecos.com.ar\/index.php\/wp-json\/wp\/v2\/tags?post=157715"}],"curies":[{"name":"wp","href":"https:\/\/api.w.org\/{rel}","templated":true}]}}