{"id":157720,"date":"2026-05-01T22:51:14","date_gmt":"2026-05-02T01:51:14","guid":{"rendered":"https:\/\/infoecos.com.ar\/?p=157720"},"modified":"2026-05-01T22:51:15","modified_gmt":"2026-05-02T01:51:15","slug":"integrantes-de-los-equipos-economicos-de-la-bolsa-de-cereales-de-bahia-blanca-rutearan-el-sudoeste-bonaerense-y-norte-pampeano","status":"publish","type":"post","link":"https:\/\/infoecos.com.ar\/index.php\/integrantes-de-los-equipos-economicos-de-la-bolsa-de-cereales-de-bahia-blanca-rutearan-el-sudoeste-bonaerense-y-norte-pampeano\/","title":{"rendered":"Integrantes de los equipos econ\u00f3micos de la Bolsa de Cereales de Bah\u00eda Blanca, rutear\u00e1n el sudoeste bonaerense y norte pampeano"},"content":{"rendered":"\n<p>Del 6 de mayo al 11 de junio, la Bolsa de Cereales y Productos de Bah\u00eda Blanca rutear\u00e1 el sudoeste bonaerense y el norte pampeano con su Gira Lanzamiento: Campa\u00f1a Fina 2026\/27.<\/p>\n\n\n\n<figure class=\"wp-block-gallery has-nested-images columns-default is-cropped wp-block-gallery-1 is-layout-flex wp-block-gallery-is-layout-flex\">\n<figure class=\"wp-block-image size-large\"><img loading=\"lazy\" decoding=\"async\" width=\"1600\" height=\"1067\" data-id=\"157727\" src=\"https:\/\/infoecos.com.ar\/wp-content\/uploads\/2026\/05\/BCP-Gira-lanzamiento-2-1600x1067.jpg\" alt=\"\" class=\"wp-image-157727\" srcset=\"https:\/\/infoecos.com.ar\/wp-content\/uploads\/2026\/05\/BCP-Gira-lanzamiento-2-1600x1067.jpg 1600w, https:\/\/infoecos.com.ar\/wp-content\/uploads\/2026\/05\/BCP-Gira-lanzamiento-2-800x533.jpg 800w, https:\/\/infoecos.com.ar\/wp-content\/uploads\/2026\/05\/BCP-Gira-lanzamiento-2-768x512.jpg 768w, https:\/\/infoecos.com.ar\/wp-content\/uploads\/2026\/05\/BCP-Gira-lanzamiento-2-1536x1024.jpg 1536w, https:\/\/infoecos.com.ar\/wp-content\/uploads\/2026\/05\/BCP-Gira-lanzamiento-2-2048x1365.jpg 2048w, https:\/\/infoecos.com.ar\/wp-content\/uploads\/2026\/05\/BCP-Gira-lanzamiento-2-1024x683.jpg 1024w\" sizes=\"(max-width: 1600px) 100vw, 1600px\" \/><\/figure>\n\n\n\n<figure class=\"wp-block-image size-large\"><img loading=\"lazy\" decoding=\"async\" width=\"1600\" height=\"1067\" data-id=\"157726\" src=\"https:\/\/infoecos.com.ar\/wp-content\/uploads\/2026\/05\/BCP-Gira-lanzamiento-3-1600x1067.jpg\" alt=\"\" class=\"wp-image-157726\" srcset=\"https:\/\/infoecos.com.ar\/wp-content\/uploads\/2026\/05\/BCP-Gira-lanzamiento-3-1600x1067.jpg 1600w, https:\/\/infoecos.com.ar\/wp-content\/uploads\/2026\/05\/BCP-Gira-lanzamiento-3-800x533.jpg 800w, https:\/\/infoecos.com.ar\/wp-content\/uploads\/2026\/05\/BCP-Gira-lanzamiento-3-768x512.jpg 768w, https:\/\/infoecos.com.ar\/wp-content\/uploads\/2026\/05\/BCP-Gira-lanzamiento-3-1536x1024.jpg 1536w, https:\/\/infoecos.com.ar\/wp-content\/uploads\/2026\/05\/BCP-Gira-lanzamiento-3-2048x1365.jpg 2048w, https:\/\/infoecos.com.ar\/wp-content\/uploads\/2026\/05\/BCP-Gira-lanzamiento-3-1024x683.jpg 1024w\" sizes=\"(max-width: 1600px) 100vw, 1600px\" \/><\/figure>\n<\/figure>\n\n\n\n<p><br><strong>Coronel Pringles, Tornquist, Coronel Su\u00e1rez, Salliquel\u00f3, A. Gonzalez Chaves\u00a0y Santa Rosa<\/strong> son las localidades seleccionadas para esta gira inaugural en la que los integrantes de los equipos de Estudios Agron\u00f3micos, Gabriel \u00c1bregos, Bel\u00e9n Cuchinelli e Ignacio Fanna; y de Estudios Econ\u00f3micos, Guadalupe Bravo, Franco Baier, Trinidad Mateos y Keila Quiroga, dar\u00e1n un panorama de la campa\u00f1a que est\u00e1 por comenzar, con informaci\u00f3n detallada sobre precios y costos, m\u00e1rgenes brutos y proyecciones de siembra; como as\u00ed tambi\u00e9n un an\u00e1lisis de las perspectivas del mercado internacional para el trigo y la cebada, de los precios a nivel local e internacional y de las exportaciones por el Puerto de Bah\u00eda Blanca. A las jornadas se sumar\u00e1n especialistas en proyecciones clim\u00e1ticas y en mercado de fertilizantes, dos variables clave que pueden condicionar esta campa\u00f1a.<\/p>\n\n\n\n<p><strong>Priorizar el encuentro\u00a0<\/strong><\/p>\n\n\n\n<p>Hasta el momento, los lanzamientos de campa\u00f1a se ven\u00edan realizando de manera online por streaming. En esta ocasi\u00f3n la BCP opta por acercarse a los productores, asesores, acopiadores y corredores buscando el di\u00e1logo, el intercambio de informaci\u00f3n y de experiencias cara a cara. La alianza con cooperativas, sociedades rurales, organizaciones y universidades es fundamental tanto para la concreci\u00f3n\u00a0de los encuentros como para ampliar la convocatoria. En este sentido, cabe aclarar que la participaci\u00f3n en los encuentros son abiertos a todo p\u00fablico y no tiene ning\u00fan costo.\u00a0<\/p>\n\n\n\n<figure class=\"wp-block-image aligncenter size-full is-resized\"><img loading=\"lazy\" decoding=\"async\" width=\"900\" height=\"1600\" src=\"https:\/\/infoecos.com.ar\/wp-content\/uploads\/2026\/05\/image-18.png\" alt=\"\" class=\"wp-image-157723\" style=\"width:276px;height:auto\" srcset=\"https:\/\/infoecos.com.ar\/wp-content\/uploads\/2026\/05\/image-18.png 900w, https:\/\/infoecos.com.ar\/wp-content\/uploads\/2026\/05\/image-18-450x800.png 450w, https:\/\/infoecos.com.ar\/wp-content\/uploads\/2026\/05\/image-18-768x1365.png 768w, https:\/\/infoecos.com.ar\/wp-content\/uploads\/2026\/05\/image-18-864x1536.png 864w\" sizes=\"(max-width: 900px) 100vw, 900px\" \/><\/figure>\n\n\n\n<p><br><br><strong>Cronograma: Gira Lanzamiento<\/strong><br>\u00a0<br><strong>6 de mayo<\/strong>: Coronel Pringles<br>Organiza BCP \/ Colabora Agronexo<br><a href=\"https:\/\/bcp.org.ar\/formularios\/Inscripcion.asp?k=p06gl0s5kbcp\">Link de inscripci\u00f3n<\/a><br>\u00a0<br><strong>21 de mayo<\/strong>: Tornquist\u00a0<br>Organiza BCP \/ Colabora Agronexo<br><a href=\"https:\/\/bcp.org.ar\/formularios\/Inscripcion.asp?k=t21nq0s5tspcb\">Link de inscripci\u00f3n<\/a><br>\u00a0<br><strong>22 de mayo<\/strong>: Coronel Su\u00e1rez\u00a0<br>Organiza BCP \/ Colabora Sociedad\u00a0Rural de Coronel Su\u00e1rez\u00a0<br><a href=\"https:\/\/bcp.org.ar\/formularios\/Inscripcion.asp?k=S22ar0z5zcpb\">Link de inscripci\u00f3n<\/a><br>\u00a0<br><strong>28 de mayo<\/strong>: La Pampa\u00a0<br>Organiza BCP \/ Colabora\u00a0Facultad de Agronom\u00eda &#8211; UNLPam<br><a href=\"https:\/\/bcp.org.ar\/formularios\/Inscripcion.asp?k=S28r0ss5avsp\">Link de inscripci\u00f3n<\/a><br>\u00a0<br><strong>4 de junio<\/strong>: Salliquel\u00f3\u00a0<br>Organiza BCP \/ Colabora Sociedad Rural de Salliquel\u00f3<br><a href=\"https:\/\/bcp.org.ar\/formularios\/Inscripcion.asp?k=S04li0qe6opsv\">Link de inscripci\u00f3n<\/a><br>\u00a0<br><strong>11 de junio<\/strong>: Adolfo Gonzales\u00a0Chavez\u00a0<br>Organiza BCP \/ Colabora ONG Desarrollar Chaves<br><a href=\"https:\/\/bcp.org.ar\/formularios\/Inscripcion.asp?k=G11za0Ca6vbzs\">Link de inscripci\u00f3n<\/a><\/p>\n\n\n\n<figure class=\"wp-block-gallery has-nested-images columns-default is-cropped wp-block-gallery-2 is-layout-flex wp-block-gallery-is-layout-flex\">\n<figure class=\"wp-block-image size-large\"><img loading=\"lazy\" decoding=\"async\" width=\"1080\" height=\"1350\" data-id=\"157724\" src=\"https:\/\/infoecos.com.ar\/wp-content\/uploads\/2026\/05\/Gira-Lanzamiento-Coronel-Pringles.png\" alt=\"\" class=\"wp-image-157724\" srcset=\"https:\/\/infoecos.com.ar\/wp-content\/uploads\/2026\/05\/Gira-Lanzamiento-Coronel-Pringles.png 1080w, https:\/\/infoecos.com.ar\/wp-content\/uploads\/2026\/05\/Gira-Lanzamiento-Coronel-Pringles-640x800.png 640w, https:\/\/infoecos.com.ar\/wp-content\/uploads\/2026\/05\/Gira-Lanzamiento-Coronel-Pringles-768x960.png 768w, https:\/\/infoecos.com.ar\/wp-content\/uploads\/2026\/05\/Gira-Lanzamiento-Coronel-Pringles-1024x1280.png 1024w\" sizes=\"(max-width: 1080px) 100vw, 1080px\" \/><\/figure>\n\n\n\n<figure class=\"wp-block-image size-large\"><img loading=\"lazy\" decoding=\"async\" width=\"1080\" height=\"1350\" data-id=\"157725\" src=\"https:\/\/infoecos.com.ar\/wp-content\/uploads\/2026\/05\/GL-Feed.png\" alt=\"\" class=\"wp-image-157725\" srcset=\"https:\/\/infoecos.com.ar\/wp-content\/uploads\/2026\/05\/GL-Feed.png 1080w, https:\/\/infoecos.com.ar\/wp-content\/uploads\/2026\/05\/GL-Feed-640x800.png 640w, https:\/\/infoecos.com.ar\/wp-content\/uploads\/2026\/05\/GL-Feed-768x960.png 768w, https:\/\/infoecos.com.ar\/wp-content\/uploads\/2026\/05\/GL-Feed-1024x1280.png 1024w\" sizes=\"(max-width: 1080px) 100vw, 1080px\" \/><\/figure>\n<\/figure>\n\n\n\n<p><strong>Con M de Mercado\u00a0<\/strong><\/p>\n\n\n\n<p>En paralelo a la Gira Lanzamiento, el martes 19 de mayo, el Ing. Agr\u00f3nomo Gabriel \u00c1bregos junto al\u00a0Lic. Franco Baier, participar\u00e1n del segmento en vivo: Martes de Mercado de Paulina Lescano, transmitido por su canal de Instagram. Es all\u00ed donde presentar\u00e1n el informe\u00a0<em>Campa\u00f1a Fina 2026\/27<\/em> que este a\u00f1o suma el aporte de la Asociaci\u00f3n Civil Fertilizar en relaci\u00f3n a la disponibilidad y costo de los fertilizantes y de Natalia Gattinoni de INTA Castelar sobre las proyecciones clim\u00e1ticas. El informe estar\u00e1 disponible, a partir de esa fecha, <a href=\"http:\/\/www.bcp.org.ar\">en la web de la BCP<\/a>.\u00a0<\/p>\n","protected":false},"excerpt":{"rendered":"<p>Del 6 de mayo al 11 de junio, la Bolsa de Cereales y Productos de&#8230;<\/p>\n","protected":false},"author":2,"featured_media":157726,"comment_status":"closed","ping_status":"open","sticky":false,"template":"","format":"standard","meta":{"footnotes":""},"categories":[1612],"tags":[1750,155],"class_list":["post-157720","post","type-post","status-publish","format-standard","has-post-thumbnail","hentry","category-noticia-principal","tag-deporte","tag-politica"],"yoast_head":"<!-- This site is optimized with the Yoast SEO plugin v23.4 - https:\/\/yoast.com\/wordpress\/plugins\/seo\/ -->\n<title>Integrantes de los equipos econ\u00f3micos de la Bolsa de Cereales de Bah\u00eda Blanca, rutear\u00e1n el sudoeste bonaerense y norte pampeano - Infoecos<\/title>\n<meta name=\"robots\" content=\"index, follow, max-snippet:-1, max-image-preview:large, max-video-preview:-1\" \/>\n<link rel=\"canonical\" href=\"https:\/\/infoecos.com.ar\/index.php\/integrantes-de-los-equipos-economicos-de-la-bolsa-de-cereales-de-bahia-blanca-rutearan-el-sudoeste-bonaerense-y-norte-pampeano\/\" \/>\n<meta property=\"og:locale\" content=\"es_ES\" \/>\n<meta property=\"og:type\" content=\"article\" \/>\n<meta property=\"og:title\" content=\"Integrantes de los equipos econ\u00f3micos de la Bolsa de Cereales de Bah\u00eda Blanca, rutear\u00e1n el sudoeste bonaerense y norte pampeano - Infoecos\" \/>\n<meta property=\"og:description\" content=\"Del 6 de mayo al 11 de junio, la Bolsa de Cereales y Productos de...\" \/>\n<meta property=\"og:url\" content=\"https:\/\/infoecos.com.ar\/index.php\/integrantes-de-los-equipos-economicos-de-la-bolsa-de-cereales-de-bahia-blanca-rutearan-el-sudoeste-bonaerense-y-norte-pampeano\/\" \/>\n<meta property=\"og:site_name\" content=\"Infoecos\" \/>\n<meta property=\"article:publisher\" content=\"https:\/\/www.facebook.com\/profile.php?id=100063200290284\" \/>\n<meta property=\"article:published_time\" content=\"2026-05-02T01:51:14+00:00\" \/>\n<meta property=\"article:modified_time\" content=\"2026-05-02T01:51:15+00:00\" \/>\n<meta property=\"og:image\" content=\"https:\/\/infoecos.com.ar\/wp-content\/uploads\/2026\/05\/BCP-Gira-lanzamiento-3-scaled.jpg\" \/>\n\t<meta property=\"og:image:width\" content=\"2560\" \/>\n\t<meta property=\"og:image:height\" content=\"1706\" \/>\n\t<meta property=\"og:image:type\" content=\"image\/jpeg\" \/>\n<meta name=\"author\" content=\"Jorge Matheus\" \/>\n<meta name=\"twitter:card\" content=\"summary_large_image\" \/>\n<meta name=\"twitter:creator\" content=\"@infoecos\" \/>\n<meta name=\"twitter:site\" content=\"@infoecos\" \/>\n<meta name=\"twitter:label1\" content=\"Escrito por\" \/>\n\t<meta name=\"twitter:data1\" content=\"Jorge Matheus\" \/>\n\t<meta name=\"twitter:label2\" content=\"Tiempo de lectura\" \/>\n\t<meta name=\"twitter:data2\" content=\"4 minutos\" \/>\n<script type=\"application\/ld+json\" class=\"yoast-schema-graph\">{\"@context\":\"https:\/\/schema.org\",\"@graph\":[{\"@type\":\"Article\",\"@id\":\"https:\/\/infoecos.com.ar\/index.php\/integrantes-de-los-equipos-economicos-de-la-bolsa-de-cereales-de-bahia-blanca-rutearan-el-sudoeste-bonaerense-y-norte-pampeano\/#article\",\"isPartOf\":{\"@id\":\"https:\/\/infoecos.com.ar\/index.php\/integrantes-de-los-equipos-economicos-de-la-bolsa-de-cereales-de-bahia-blanca-rutearan-el-sudoeste-bonaerense-y-norte-pampeano\/\"},\"author\":{\"name\":\"Jorge Matheus\",\"@id\":\"https:\/\/infoecos.com.ar\/#\/schema\/person\/8f5ace5ce73b4b4aac4b7245aee6f191\"},\"headline\":\"Integrantes de los equipos econ\u00f3micos de la Bolsa de Cereales de Bah\u00eda Blanca, rutear\u00e1n el sudoeste bonaerense y norte pampeano\",\"datePublished\":\"2026-05-02T01:51:14+00:00\",\"dateModified\":\"2026-05-02T01:51:15+00:00\",\"mainEntityOfPage\":{\"@id\":\"https:\/\/infoecos.com.ar\/index.php\/integrantes-de-los-equipos-economicos-de-la-bolsa-de-cereales-de-bahia-blanca-rutearan-el-sudoeste-bonaerense-y-norte-pampeano\/\"},\"wordCount\":491,\"publisher\":{\"@id\":\"https:\/\/infoecos.com.ar\/#organization\"},\"image\":{\"@id\":\"https:\/\/infoecos.com.ar\/index.php\/integrantes-de-los-equipos-economicos-de-la-bolsa-de-cereales-de-bahia-blanca-rutearan-el-sudoeste-bonaerense-y-norte-pampeano\/#primaryimage\"},\"thumbnailUrl\":\"https:\/\/infoecos.com.ar\/wp-content\/uploads\/2026\/05\/BCP-Gira-lanzamiento-3-scaled.jpg\",\"keywords\":[\"DEPORTE\",\"POL\u00cdTICA\"],\"articleSection\":[\"Noticia Principal\"],\"inLanguage\":\"es\"},{\"@type\":\"WebPage\",\"@id\":\"https:\/\/infoecos.com.ar\/index.php\/integrantes-de-los-equipos-economicos-de-la-bolsa-de-cereales-de-bahia-blanca-rutearan-el-sudoeste-bonaerense-y-norte-pampeano\/\",\"url\":\"https:\/\/infoecos.com.ar\/index.php\/integrantes-de-los-equipos-economicos-de-la-bolsa-de-cereales-de-bahia-blanca-rutearan-el-sudoeste-bonaerense-y-norte-pampeano\/\",\"name\":\"Integrantes de los equipos econ\u00f3micos de la Bolsa de Cereales de Bah\u00eda Blanca, rutear\u00e1n el sudoeste bonaerense y norte pampeano - Infoecos\",\"isPartOf\":{\"@id\":\"https:\/\/infoecos.com.ar\/#website\"},\"primaryImageOfPage\":{\"@id\":\"https:\/\/infoecos.com.ar\/index.php\/integrantes-de-los-equipos-economicos-de-la-bolsa-de-cereales-de-bahia-blanca-rutearan-el-sudoeste-bonaerense-y-norte-pampeano\/#primaryimage\"},\"image\":{\"@id\":\"https:\/\/infoecos.com.ar\/index.php\/integrantes-de-los-equipos-economicos-de-la-bolsa-de-cereales-de-bahia-blanca-rutearan-el-sudoeste-bonaerense-y-norte-pampeano\/#primaryimage\"},\"thumbnailUrl\":\"https:\/\/infoecos.com.ar\/wp-content\/uploads\/2026\/05\/BCP-Gira-lanzamiento-3-scaled.jpg\",\"datePublished\":\"2026-05-02T01:51:14+00:00\",\"dateModified\":\"2026-05-02T01:51:15+00:00\",\"breadcrumb\":{\"@id\":\"https:\/\/infoecos.com.ar\/index.php\/integrantes-de-los-equipos-economicos-de-la-bolsa-de-cereales-de-bahia-blanca-rutearan-el-sudoeste-bonaerense-y-norte-pampeano\/#breadcrumb\"},\"inLanguage\":\"es\",\"potentialAction\":[{\"@type\":\"ReadAction\",\"target\":[\"https:\/\/infoecos.com.ar\/index.php\/integrantes-de-los-equipos-economicos-de-la-bolsa-de-cereales-de-bahia-blanca-rutearan-el-sudoeste-bonaerense-y-norte-pampeano\/\"]}]},{\"@type\":\"ImageObject\",\"inLanguage\":\"es\",\"@id\":\"https:\/\/infoecos.com.ar\/index.php\/integrantes-de-los-equipos-economicos-de-la-bolsa-de-cereales-de-bahia-blanca-rutearan-el-sudoeste-bonaerense-y-norte-pampeano\/#primaryimage\",\"url\":\"https:\/\/infoecos.com.ar\/wp-content\/uploads\/2026\/05\/BCP-Gira-lanzamiento-3-scaled.jpg\",\"contentUrl\":\"https:\/\/infoecos.com.ar\/wp-content\/uploads\/2026\/05\/BCP-Gira-lanzamiento-3-scaled.jpg\",\"width\":2560,\"height\":1706},{\"@type\":\"BreadcrumbList\",\"@id\":\"https:\/\/infoecos.com.ar\/index.php\/integrantes-de-los-equipos-economicos-de-la-bolsa-de-cereales-de-bahia-blanca-rutearan-el-sudoeste-bonaerense-y-norte-pampeano\/#breadcrumb\",\"itemListElement\":[{\"@type\":\"ListItem\",\"position\":1,\"name\":\"Portada\",\"item\":\"https:\/\/infoecos.com.ar\/\"},{\"@type\":\"ListItem\",\"position\":2,\"name\":\"Integrantes de los equipos econ\u00f3micos de la Bolsa de Cereales de Bah\u00eda Blanca, rutear\u00e1n el sudoeste bonaerense y norte pampeano\"}]},{\"@type\":\"WebSite\",\"@id\":\"https:\/\/infoecos.com.ar\/#website\",\"url\":\"https:\/\/infoecos.com.ar\/\",\"name\":\"Infoecos\",\"description\":\"Noticias de trenque lauquen y la zona\",\"publisher\":{\"@id\":\"https:\/\/infoecos.com.ar\/#organization\"},\"alternateName\":\"Noticias\",\"potentialAction\":[{\"@type\":\"SearchAction\",\"target\":{\"@type\":\"EntryPoint\",\"urlTemplate\":\"https:\/\/infoecos.com.ar\/?s={search_term_string}\"},\"query-input\":{\"@type\":\"PropertyValueSpecification\",\"valueRequired\":true,\"valueName\":\"search_term_string\"}}],\"inLanguage\":\"es\"},{\"@type\":\"Organization\",\"@id\":\"https:\/\/infoecos.com.ar\/#organization\",\"name\":\"Infoecos\",\"alternateName\":\"Noticias\",\"url\":\"https:\/\/infoecos.com.ar\/\",\"logo\":{\"@type\":\"ImageObject\",\"inLanguage\":\"es\",\"@id\":\"https:\/\/infoecos.com.ar\/#\/schema\/logo\/image\/\",\"url\":\"https:\/\/infoecos.com.ar\/wp-content\/uploads\/2024\/03\/cropped-logo.png\",\"contentUrl\":\"https:\/\/infoecos.com.ar\/wp-content\/uploads\/2024\/03\/cropped-logo.png\",\"width\":374,\"height\":90,\"caption\":\"Infoecos\"},\"image\":{\"@id\":\"https:\/\/infoecos.com.ar\/#\/schema\/logo\/image\/\"},\"sameAs\":[\"https:\/\/www.facebook.com\/profile.php?id=100063200290284\",\"https:\/\/x.com\/infoecos\"]},{\"@type\":\"Person\",\"@id\":\"https:\/\/infoecos.com.ar\/#\/schema\/person\/8f5ace5ce73b4b4aac4b7245aee6f191\",\"name\":\"Jorge Matheus\",\"url\":\"https:\/\/infoecos.com.ar\/index.php\/author\/jomatheus\/\"}]}<\/script>\n<!-- \/ Yoast SEO plugin. -->","yoast_head_json":{"title":"Integrantes de los equipos econ\u00f3micos de la Bolsa de Cereales de Bah\u00eda Blanca, rutear\u00e1n el sudoeste bonaerense y norte pampeano - Infoecos","robots":{"index":"index","follow":"follow","max-snippet":"max-snippet:-1","max-image-preview":"max-image-preview:large","max-video-preview":"max-video-preview:-1"},"canonical":"https:\/\/infoecos.com.ar\/index.php\/integrantes-de-los-equipos-economicos-de-la-bolsa-de-cereales-de-bahia-blanca-rutearan-el-sudoeste-bonaerense-y-norte-pampeano\/","og_locale":"es_ES","og_type":"article","og_title":"Integrantes de los equipos econ\u00f3micos de la Bolsa de Cereales de Bah\u00eda Blanca, rutear\u00e1n el sudoeste bonaerense y norte pampeano - Infoecos","og_description":"Del 6 de mayo al 11 de junio, la Bolsa de Cereales y Productos de...","og_url":"https:\/\/infoecos.com.ar\/index.php\/integrantes-de-los-equipos-economicos-de-la-bolsa-de-cereales-de-bahia-blanca-rutearan-el-sudoeste-bonaerense-y-norte-pampeano\/","og_site_name":"Infoecos","article_publisher":"https:\/\/www.facebook.com\/profile.php?id=100063200290284","article_published_time":"2026-05-02T01:51:14+00:00","article_modified_time":"2026-05-02T01:51:15+00:00","og_image":[{"width":2560,"height":1706,"url":"https:\/\/infoecos.com.ar\/wp-content\/uploads\/2026\/05\/BCP-Gira-lanzamiento-3-scaled.jpg","type":"image\/jpeg"}],"author":"Jorge Matheus","twitter_card":"summary_large_image","twitter_creator":"@infoecos","twitter_site":"@infoecos","twitter_misc":{"Escrito por":"Jorge Matheus","Tiempo de lectura":"4 minutos"},"schema":{"@context":"https:\/\/schema.org","@graph":[{"@type":"Article","@id":"https:\/\/infoecos.com.ar\/index.php\/integrantes-de-los-equipos-economicos-de-la-bolsa-de-cereales-de-bahia-blanca-rutearan-el-sudoeste-bonaerense-y-norte-pampeano\/#article","isPartOf":{"@id":"https:\/\/infoecos.com.ar\/index.php\/integrantes-de-los-equipos-economicos-de-la-bolsa-de-cereales-de-bahia-blanca-rutearan-el-sudoeste-bonaerense-y-norte-pampeano\/"},"author":{"name":"Jorge Matheus","@id":"https:\/\/infoecos.com.ar\/#\/schema\/person\/8f5ace5ce73b4b4aac4b7245aee6f191"},"headline":"Integrantes de los equipos econ\u00f3micos de la Bolsa de Cereales de Bah\u00eda Blanca, rutear\u00e1n el sudoeste bonaerense y norte pampeano","datePublished":"2026-05-02T01:51:14+00:00","dateModified":"2026-05-02T01:51:15+00:00","mainEntityOfPage":{"@id":"https:\/\/infoecos.com.ar\/index.php\/integrantes-de-los-equipos-economicos-de-la-bolsa-de-cereales-de-bahia-blanca-rutearan-el-sudoeste-bonaerense-y-norte-pampeano\/"},"wordCount":491,"publisher":{"@id":"https:\/\/infoecos.com.ar\/#organization"},"image":{"@id":"https:\/\/infoecos.com.ar\/index.php\/integrantes-de-los-equipos-economicos-de-la-bolsa-de-cereales-de-bahia-blanca-rutearan-el-sudoeste-bonaerense-y-norte-pampeano\/#primaryimage"},"thumbnailUrl":"https:\/\/infoecos.com.ar\/wp-content\/uploads\/2026\/05\/BCP-Gira-lanzamiento-3-scaled.jpg","keywords":["DEPORTE","POL\u00cdTICA"],"articleSection":["Noticia Principal"],"inLanguage":"es"},{"@type":"WebPage","@id":"https:\/\/infoecos.com.ar\/index.php\/integrantes-de-los-equipos-economicos-de-la-bolsa-de-cereales-de-bahia-blanca-rutearan-el-sudoeste-bonaerense-y-norte-pampeano\/","url":"https:\/\/infoecos.com.ar\/index.php\/integrantes-de-los-equipos-economicos-de-la-bolsa-de-cereales-de-bahia-blanca-rutearan-el-sudoeste-bonaerense-y-norte-pampeano\/","name":"Integrantes de los equipos econ\u00f3micos de la Bolsa de Cereales de Bah\u00eda Blanca, rutear\u00e1n el sudoeste bonaerense y norte pampeano - Infoecos","isPartOf":{"@id":"https:\/\/infoecos.com.ar\/#website"},"primaryImageOfPage":{"@id":"https:\/\/infoecos.com.ar\/index.php\/integrantes-de-los-equipos-economicos-de-la-bolsa-de-cereales-de-bahia-blanca-rutearan-el-sudoeste-bonaerense-y-norte-pampeano\/#primaryimage"},"image":{"@id":"https:\/\/infoecos.com.ar\/index.php\/integrantes-de-los-equipos-economicos-de-la-bolsa-de-cereales-de-bahia-blanca-rutearan-el-sudoeste-bonaerense-y-norte-pampeano\/#primaryimage"},"thumbnailUrl":"https:\/\/infoecos.com.ar\/wp-content\/uploads\/2026\/05\/BCP-Gira-lanzamiento-3-scaled.jpg","datePublished":"2026-05-02T01:51:14+00:00","dateModified":"2026-05-02T01:51:15+00:00","breadcrumb":{"@id":"https:\/\/infoecos.com.ar\/index.php\/integrantes-de-los-equipos-economicos-de-la-bolsa-de-cereales-de-bahia-blanca-rutearan-el-sudoeste-bonaerense-y-norte-pampeano\/#breadcrumb"},"inLanguage":"es","potentialAction":[{"@type":"ReadAction","target":["https:\/\/infoecos.com.ar\/index.php\/integrantes-de-los-equipos-economicos-de-la-bolsa-de-cereales-de-bahia-blanca-rutearan-el-sudoeste-bonaerense-y-norte-pampeano\/"]}]},{"@type":"ImageObject","inLanguage":"es","@id":"https:\/\/infoecos.com.ar\/index.php\/integrantes-de-los-equipos-economicos-de-la-bolsa-de-cereales-de-bahia-blanca-rutearan-el-sudoeste-bonaerense-y-norte-pampeano\/#primaryimage","url":"https:\/\/infoecos.com.ar\/wp-content\/uploads\/2026\/05\/BCP-Gira-lanzamiento-3-scaled.jpg","contentUrl":"https:\/\/infoecos.com.ar\/wp-content\/uploads\/2026\/05\/BCP-Gira-lanzamiento-3-scaled.jpg","width":2560,"height":1706},{"@type":"BreadcrumbList","@id":"https:\/\/infoecos.com.ar\/index.php\/integrantes-de-los-equipos-economicos-de-la-bolsa-de-cereales-de-bahia-blanca-rutearan-el-sudoeste-bonaerense-y-norte-pampeano\/#breadcrumb","itemListElement":[{"@type":"ListItem","position":1,"name":"Portada","item":"https:\/\/infoecos.com.ar\/"},{"@type":"ListItem","position":2,"name":"Integrantes de los equipos econ\u00f3micos de la Bolsa de Cereales de Bah\u00eda Blanca, rutear\u00e1n el sudoeste bonaerense y norte pampeano"}]},{"@type":"WebSite","@id":"https:\/\/infoecos.com.ar\/#website","url":"https:\/\/infoecos.com.ar\/","name":"Infoecos","description":"Noticias de trenque lauquen y la zona","publisher":{"@id":"https:\/\/infoecos.com.ar\/#organization"},"alternateName":"Noticias","potentialAction":[{"@type":"SearchAction","target":{"@type":"EntryPoint","urlTemplate":"https:\/\/infoecos.com.ar\/?s={search_term_string}"},"query-input":{"@type":"PropertyValueSpecification","valueRequired":true,"valueName":"search_term_string"}}],"inLanguage":"es"},{"@type":"Organization","@id":"https:\/\/infoecos.com.ar\/#organization","name":"Infoecos","alternateName":"Noticias","url":"https:\/\/infoecos.com.ar\/","logo":{"@type":"ImageObject","inLanguage":"es","@id":"https:\/\/infoecos.com.ar\/#\/schema\/logo\/image\/","url":"https:\/\/infoecos.com.ar\/wp-content\/uploads\/2024\/03\/cropped-logo.png","contentUrl":"https:\/\/infoecos.com.ar\/wp-content\/uploads\/2024\/03\/cropped-logo.png","width":374,"height":90,"caption":"Infoecos"},"image":{"@id":"https:\/\/infoecos.com.ar\/#\/schema\/logo\/image\/"},"sameAs":["https:\/\/www.facebook.com\/profile.php?id=100063200290284","https:\/\/x.com\/infoecos"]},{"@type":"Person","@id":"https:\/\/infoecos.com.ar\/#\/schema\/person\/8f5ace5ce73b4b4aac4b7245aee6f191","name":"Jorge Matheus","url":"https:\/\/infoecos.com.ar\/index.php\/author\/jomatheus\/"}]}},"featured_image_urls":{"full":["https:\/\/infoecos.com.ar\/wp-content\/uploads\/2026\/05\/BCP-Gira-lanzamiento-3-scaled.jpg",2560,1706,false],"thumbnail":["https:\/\/infoecos.com.ar\/wp-content\/uploads\/2026\/05\/BCP-Gira-lanzamiento-3-300x150.jpg",300,150,true],"medium":["https:\/\/infoecos.com.ar\/wp-content\/uploads\/2026\/05\/BCP-Gira-lanzamiento-3-800x533.jpg",800,533,true],"medium_large":["https:\/\/infoecos.com.ar\/wp-content\/uploads\/2026\/05\/BCP-Gira-lanzamiento-3-768x512.jpg",640,427,true],"large":["https:\/\/infoecos.com.ar\/wp-content\/uploads\/2026\/05\/BCP-Gira-lanzamiento-3-1600x1067.jpg",640,427,true],"1536x1536":["https:\/\/infoecos.com.ar\/wp-content\/uploads\/2026\/05\/BCP-Gira-lanzamiento-3-1536x1024.jpg",1536,1024,true],"2048x2048":["https:\/\/infoecos.com.ar\/wp-content\/uploads\/2026\/05\/BCP-Gira-lanzamiento-3-2048x1365.jpg",2048,1365,true],"covernews-slider-full":["https:\/\/infoecos.com.ar\/wp-content\/uploads\/2026\/05\/BCP-Gira-lanzamiento-3-1115x715.jpg",1115,715,true],"covernews-slider-center":["https:\/\/infoecos.com.ar\/wp-content\/uploads\/2026\/05\/BCP-Gira-lanzamiento-3-800x500.jpg",800,500,true],"covernews-featured":["https:\/\/infoecos.com.ar\/wp-content\/uploads\/2026\/05\/BCP-Gira-lanzamiento-3-1024x683.jpg",1024,683,true],"covernews-medium":["https:\/\/infoecos.com.ar\/wp-content\/uploads\/2026\/05\/BCP-Gira-lanzamiento-3-540x340.jpg",540,340,true],"covernews-medium-square":["https:\/\/infoecos.com.ar\/wp-content\/uploads\/2026\/05\/BCP-Gira-lanzamiento-3-400x250.jpg",400,250,true]},"author_info":{"info":["Jorge Matheus"]},"category_info":"<a href=\"https:\/\/infoecos.com.ar\/index.php\/category\/noticia-principal\/\" rel=\"category tag\">Noticia Principal<\/a>","tag_info":"Noticia Principal","comment_count":"0","_links":{"self":[{"href":"https:\/\/infoecos.com.ar\/index.php\/wp-json\/wp\/v2\/posts\/157720"}],"collection":[{"href":"https:\/\/infoecos.com.ar\/index.php\/wp-json\/wp\/v2\/posts"}],"about":[{"href":"https:\/\/infoecos.com.ar\/index.php\/wp-json\/wp\/v2\/types\/post"}],"author":[{"embeddable":true,"href":"https:\/\/infoecos.com.ar\/index.php\/wp-json\/wp\/v2\/users\/2"}],"replies":[{"embeddable":true,"href":"https:\/\/infoecos.com.ar\/index.php\/wp-json\/wp\/v2\/comments?post=157720"}],"version-history":[{"count":1,"href":"https:\/\/infoecos.com.ar\/index.php\/wp-json\/wp\/v2\/posts\/157720\/revisions"}],"predecessor-version":[{"id":157728,"href":"https:\/\/infoecos.com.ar\/index.php\/wp-json\/wp\/v2\/posts\/157720\/revisions\/157728"}],"wp:featuredmedia":[{"embeddable":true,"href":"https:\/\/infoecos.com.ar\/index.php\/wp-json\/wp\/v2\/media\/157726"}],"wp:attachment":[{"href":"https:\/\/infoecos.com.ar\/index.php\/wp-json\/wp\/v2\/media?parent=157720"}],"wp:term":[{"taxonomy":"category","embeddable":true,"href":"https:\/\/infoecos.com.ar\/index.php\/wp-json\/wp\/v2\/categories?post=157720"},{"taxonomy":"post_tag","embeddable":true,"href":"https:\/\/infoecos.com.ar\/index.php\/wp-json\/wp\/v2\/tags?post=157720"}],"curies":[{"name":"wp","href":"https:\/\/api.w.org\/{rel}","templated":true}]}}