{"id":157735,"date":"2026-05-02T01:48:31","date_gmt":"2026-05-02T04:48:31","guid":{"rendered":"https:\/\/infoecos.com.ar\/?p=157735"},"modified":"2026-05-02T01:48:32","modified_gmt":"2026-05-02T04:48:32","slug":"el-gobierno-de-la-provincia-de-buenos-aires-aplica-un-fuerte-ajuste-en-las-multas-de-transito","status":"publish","type":"post","link":"https:\/\/infoecos.com.ar\/index.php\/el-gobierno-de-la-provincia-de-buenos-aires-aplica-un-fuerte-ajuste-en-las-multas-de-transito\/","title":{"rendered":"El gobierno de la provincia de Buenos Aires aplica un fuerte ajuste en las multas de tr\u00e1nsito"},"content":{"rendered":"\n<figure class=\"wp-block-image alignright size-full is-resized\"><img loading=\"lazy\" decoding=\"async\" width=\"770\" height=\"440\" src=\"https:\/\/infoecos.com.ar\/wp-content\/uploads\/2026\/05\/image-19.png\" alt=\"\" class=\"wp-image-157736\" style=\"width:441px;height:auto\" srcset=\"https:\/\/infoecos.com.ar\/wp-content\/uploads\/2026\/05\/image-19.png 770w, https:\/\/infoecos.com.ar\/wp-content\/uploads\/2026\/05\/image-19-768x439.png 768w\" sizes=\"(max-width: 770px) 100vw, 770px\" \/><\/figure>\n\n\n\n<p>Las multas de tr\u00e1nsito en la provincia de Buenos Aires tendr\u00e1n un fuerte ajuste. Y para mayo y junio sufrir\u00e1n un salto del 16,8% en comparaci\u00f3n al bimestre anterior.<\/p>\n\n\n\n<p>El Gobierno bonaerense actualiz\u00f3 el monto de la unidad fija (UF) para las multas por infracciones de tr\u00e1nsito: pasar\u00e1 de $1896 a $2215 para los pr\u00f3ximos dos meses.<\/p>\n\n\n\n<p>De esta manera, manejar por encima del l\u00edmite de velocidad permitido, circular sin cobertura de seguro o sin VTV se puede castigar con hasta $2.215.000.<\/p>\n\n\n\n<p>A cu\u00e1nto pasan los nuevos valores de las multas de tr\u00e1nsito:<\/p>\n\n\n\n<p><strong>\u2013 Exceso de velocidad:<\/strong>&nbsp;entre $332.250 y $2.215.000 (entre 150 y 1.000 UF)<\/p>\n\n\n\n<p><strong>\u2013 No utilizaci\u00f3n de cascos en las motos o cinturones de seguridad en el veh\u00edculo:<\/strong>&nbsp;entre $110.750 y $221.500 (entre 50 y 100 UF)<\/p>\n\n\n\n<p><strong>\u2013 Pasar un sem\u00e1foro en rojo: entre $664.500 y $2.215.00<\/strong>0 (entre 300 y 1.000 UF)<\/p>\n\n\n\n<p><strong>\u2013 Circular a contramano: entre $664.500 y $2.215.000&nbsp;<\/strong>(entre 300 y 1.000 UF)<\/p>\n\n\n\n<p><strong>\u2013 Por girar a la izquierda en zonas prohibidas:<\/strong>&nbsp;entre $664.500 y $2.215.000 (entre 300 y 1.000 UF)<\/p>\n\n\n\n<p><strong>\u2013 Mal estacionamiento:<\/strong>&nbsp;entre $110.750y $221.500 (entre 50 y 100 UF)<\/p>\n\n\n\n<p><strong>\u2013 Conducir alcoholizado:<\/strong>&nbsp;entre $664.500 y $2.215.000 (entre 300 y 1.000 UF)<\/p>\n\n\n\n<p><strong>\u2013 Negarse a realizar un test de alcoholemia:&nbsp;<\/strong>entre $1.107.500 y $2.658.000 (entre 500 y 1.200 UF).<\/p>\n\n\n\n<p><strong>\u2013 Por circular con la VTV vencida:&nbsp;<\/strong>entre $664.500 y $2.215.000 (entre 300 y 1.000 UF)<\/p>\n\n\n\n<p><strong>\u2013 Por manejar sin contar con la edad reglamentaria:<\/strong>&nbsp;entre $664.500 y $2.215.000 (entre 300 y 1.000 UF)<\/p>\n\n\n\n<p><strong>\u2013 Por manejar sin habilitaci\u00f3n:<\/strong>&nbsp;entre $664.500 y $$2.215.000 (entre 300 y 1.000 UF)<\/p>\n\n\n\n<p><strong>\u2013 Por circular sin la documentaci\u00f3n:&nbsp;<\/strong>entre $110.750 y $221.500 (entre 50 y 100 UF)<\/p>\n\n\n\n<p><strong>\u2013 Por circular sin cobertura de seguro:&nbsp;<\/strong>entre $664.500 y $2.215.000 (entre 300 y 1.000 UF)<\/p>\n\n\n\n<p><strong>\u2013 Por circular sin el comprobante del seguro:&nbsp;<\/strong>entre $110.750 y $221.500 (entre 50 y 100 UF)<\/p>\n\n\n\n<p><strong>\u2013 Por circular con exceso de ocupantes:<\/strong>&nbsp;entre $110.750 y $221.500 (entre 50 y 100 UF).<\/p>\n\n\n\n<p><strong>Fuente: infoeme.com<\/strong><\/p>\n","protected":false},"excerpt":{"rendered":"<p>Las multas de tr\u00e1nsito en la provincia de Buenos Aires tendr\u00e1n un fuerte ajuste. Y&#8230;<\/p>\n","protected":false},"author":2,"featured_media":157736,"comment_status":"closed","ping_status":"open","sticky":false,"template":"","format":"standard","meta":{"footnotes":""},"categories":[1613],"tags":[10298,10290,155],"class_list":["post-157735","post","type-post","status-publish","format-standard","has-post-thumbnail","hentry","category-noticia-secundaria","tag-bloque-inferior","tag-entretenimiento","tag-politica"],"yoast_head":"<!-- This site is optimized with the Yoast SEO plugin v23.4 - https:\/\/yoast.com\/wordpress\/plugins\/seo\/ -->\n<title>El gobierno de la provincia de Buenos Aires aplica un fuerte ajuste en las multas de tr\u00e1nsito - Infoecos<\/title>\n<meta name=\"robots\" content=\"index, follow, max-snippet:-1, max-image-preview:large, max-video-preview:-1\" \/>\n<link rel=\"canonical\" href=\"https:\/\/infoecos.com.ar\/index.php\/el-gobierno-de-la-provincia-de-buenos-aires-aplica-un-fuerte-ajuste-en-las-multas-de-transito\/\" \/>\n<meta property=\"og:locale\" content=\"es_ES\" \/>\n<meta property=\"og:type\" content=\"article\" \/>\n<meta property=\"og:title\" content=\"El gobierno de la provincia de Buenos Aires aplica un fuerte ajuste en las multas de tr\u00e1nsito - Infoecos\" \/>\n<meta property=\"og:description\" content=\"Las multas de tr\u00e1nsito en la provincia de Buenos Aires tendr\u00e1n un fuerte ajuste. Y...\" \/>\n<meta property=\"og:url\" content=\"https:\/\/infoecos.com.ar\/index.php\/el-gobierno-de-la-provincia-de-buenos-aires-aplica-un-fuerte-ajuste-en-las-multas-de-transito\/\" \/>\n<meta property=\"og:site_name\" content=\"Infoecos\" \/>\n<meta property=\"article:publisher\" content=\"https:\/\/www.facebook.com\/profile.php?id=100063200290284\" \/>\n<meta property=\"article:published_time\" content=\"2026-05-02T04:48:31+00:00\" \/>\n<meta property=\"article:modified_time\" content=\"2026-05-02T04:48:32+00:00\" \/>\n<meta property=\"og:image\" content=\"https:\/\/infoecos.com.ar\/wp-content\/uploads\/2026\/05\/image-19.png\" \/>\n\t<meta property=\"og:image:width\" content=\"770\" \/>\n\t<meta property=\"og:image:height\" content=\"440\" \/>\n\t<meta property=\"og:image:type\" content=\"image\/png\" \/>\n<meta name=\"author\" content=\"Jorge Matheus\" \/>\n<meta name=\"twitter:card\" content=\"summary_large_image\" \/>\n<meta name=\"twitter:creator\" content=\"@infoecos\" \/>\n<meta name=\"twitter:site\" content=\"@infoecos\" \/>\n<meta name=\"twitter:label1\" content=\"Escrito por\" \/>\n\t<meta name=\"twitter:data1\" content=\"Jorge Matheus\" \/>\n\t<meta name=\"twitter:label2\" content=\"Tiempo de lectura\" \/>\n\t<meta name=\"twitter:data2\" content=\"2 minutos\" \/>\n<script type=\"application\/ld+json\" class=\"yoast-schema-graph\">{\"@context\":\"https:\/\/schema.org\",\"@graph\":[{\"@type\":\"Article\",\"@id\":\"https:\/\/infoecos.com.ar\/index.php\/el-gobierno-de-la-provincia-de-buenos-aires-aplica-un-fuerte-ajuste-en-las-multas-de-transito\/#article\",\"isPartOf\":{\"@id\":\"https:\/\/infoecos.com.ar\/index.php\/el-gobierno-de-la-provincia-de-buenos-aires-aplica-un-fuerte-ajuste-en-las-multas-de-transito\/\"},\"author\":{\"name\":\"Jorge Matheus\",\"@id\":\"https:\/\/infoecos.com.ar\/#\/schema\/person\/8f5ace5ce73b4b4aac4b7245aee6f191\"},\"headline\":\"El gobierno de la provincia de Buenos Aires aplica un fuerte ajuste en las multas de tr\u00e1nsito\",\"datePublished\":\"2026-05-02T04:48:31+00:00\",\"dateModified\":\"2026-05-02T04:48:32+00:00\",\"mainEntityOfPage\":{\"@id\":\"https:\/\/infoecos.com.ar\/index.php\/el-gobierno-de-la-provincia-de-buenos-aires-aplica-un-fuerte-ajuste-en-las-multas-de-transito\/\"},\"wordCount\":299,\"publisher\":{\"@id\":\"https:\/\/infoecos.com.ar\/#organization\"},\"image\":{\"@id\":\"https:\/\/infoecos.com.ar\/index.php\/el-gobierno-de-la-provincia-de-buenos-aires-aplica-un-fuerte-ajuste-en-las-multas-de-transito\/#primaryimage\"},\"thumbnailUrl\":\"https:\/\/infoecos.com.ar\/wp-content\/uploads\/2026\/05\/image-19.png\",\"keywords\":[\"Bloque inferior\",\"Entretenimiento\",\"POL\u00cdTICA\"],\"articleSection\":[\"Noticia Secundaria\"],\"inLanguage\":\"es\"},{\"@type\":\"WebPage\",\"@id\":\"https:\/\/infoecos.com.ar\/index.php\/el-gobierno-de-la-provincia-de-buenos-aires-aplica-un-fuerte-ajuste-en-las-multas-de-transito\/\",\"url\":\"https:\/\/infoecos.com.ar\/index.php\/el-gobierno-de-la-provincia-de-buenos-aires-aplica-un-fuerte-ajuste-en-las-multas-de-transito\/\",\"name\":\"El gobierno de la provincia de Buenos Aires aplica un fuerte ajuste en las multas de tr\u00e1nsito - Infoecos\",\"isPartOf\":{\"@id\":\"https:\/\/infoecos.com.ar\/#website\"},\"primaryImageOfPage\":{\"@id\":\"https:\/\/infoecos.com.ar\/index.php\/el-gobierno-de-la-provincia-de-buenos-aires-aplica-un-fuerte-ajuste-en-las-multas-de-transito\/#primaryimage\"},\"image\":{\"@id\":\"https:\/\/infoecos.com.ar\/index.php\/el-gobierno-de-la-provincia-de-buenos-aires-aplica-un-fuerte-ajuste-en-las-multas-de-transito\/#primaryimage\"},\"thumbnailUrl\":\"https:\/\/infoecos.com.ar\/wp-content\/uploads\/2026\/05\/image-19.png\",\"datePublished\":\"2026-05-02T04:48:31+00:00\",\"dateModified\":\"2026-05-02T04:48:32+00:00\",\"breadcrumb\":{\"@id\":\"https:\/\/infoecos.com.ar\/index.php\/el-gobierno-de-la-provincia-de-buenos-aires-aplica-un-fuerte-ajuste-en-las-multas-de-transito\/#breadcrumb\"},\"inLanguage\":\"es\",\"potentialAction\":[{\"@type\":\"ReadAction\",\"target\":[\"https:\/\/infoecos.com.ar\/index.php\/el-gobierno-de-la-provincia-de-buenos-aires-aplica-un-fuerte-ajuste-en-las-multas-de-transito\/\"]}]},{\"@type\":\"ImageObject\",\"inLanguage\":\"es\",\"@id\":\"https:\/\/infoecos.com.ar\/index.php\/el-gobierno-de-la-provincia-de-buenos-aires-aplica-un-fuerte-ajuste-en-las-multas-de-transito\/#primaryimage\",\"url\":\"https:\/\/infoecos.com.ar\/wp-content\/uploads\/2026\/05\/image-19.png\",\"contentUrl\":\"https:\/\/infoecos.com.ar\/wp-content\/uploads\/2026\/05\/image-19.png\",\"width\":770,\"height\":440},{\"@type\":\"BreadcrumbList\",\"@id\":\"https:\/\/infoecos.com.ar\/index.php\/el-gobierno-de-la-provincia-de-buenos-aires-aplica-un-fuerte-ajuste-en-las-multas-de-transito\/#breadcrumb\",\"itemListElement\":[{\"@type\":\"ListItem\",\"position\":1,\"name\":\"Portada\",\"item\":\"https:\/\/infoecos.com.ar\/\"},{\"@type\":\"ListItem\",\"position\":2,\"name\":\"El gobierno de la provincia de Buenos Aires aplica un fuerte ajuste en las multas de tr\u00e1nsito\"}]},{\"@type\":\"WebSite\",\"@id\":\"https:\/\/infoecos.com.ar\/#website\",\"url\":\"https:\/\/infoecos.com.ar\/\",\"name\":\"Infoecos\",\"description\":\"Noticias de trenque lauquen y la zona\",\"publisher\":{\"@id\":\"https:\/\/infoecos.com.ar\/#organization\"},\"alternateName\":\"Noticias\",\"potentialAction\":[{\"@type\":\"SearchAction\",\"target\":{\"@type\":\"EntryPoint\",\"urlTemplate\":\"https:\/\/infoecos.com.ar\/?s={search_term_string}\"},\"query-input\":{\"@type\":\"PropertyValueSpecification\",\"valueRequired\":true,\"valueName\":\"search_term_string\"}}],\"inLanguage\":\"es\"},{\"@type\":\"Organization\",\"@id\":\"https:\/\/infoecos.com.ar\/#organization\",\"name\":\"Infoecos\",\"alternateName\":\"Noticias\",\"url\":\"https:\/\/infoecos.com.ar\/\",\"logo\":{\"@type\":\"ImageObject\",\"inLanguage\":\"es\",\"@id\":\"https:\/\/infoecos.com.ar\/#\/schema\/logo\/image\/\",\"url\":\"https:\/\/infoecos.com.ar\/wp-content\/uploads\/2024\/03\/cropped-logo.png\",\"contentUrl\":\"https:\/\/infoecos.com.ar\/wp-content\/uploads\/2024\/03\/cropped-logo.png\",\"width\":374,\"height\":90,\"caption\":\"Infoecos\"},\"image\":{\"@id\":\"https:\/\/infoecos.com.ar\/#\/schema\/logo\/image\/\"},\"sameAs\":[\"https:\/\/www.facebook.com\/profile.php?id=100063200290284\",\"https:\/\/x.com\/infoecos\"]},{\"@type\":\"Person\",\"@id\":\"https:\/\/infoecos.com.ar\/#\/schema\/person\/8f5ace5ce73b4b4aac4b7245aee6f191\",\"name\":\"Jorge Matheus\",\"url\":\"https:\/\/infoecos.com.ar\/index.php\/author\/jomatheus\/\"}]}<\/script>\n<!-- \/ Yoast SEO plugin. -->","yoast_head_json":{"title":"El gobierno de la provincia de Buenos Aires aplica un fuerte ajuste en las multas de tr\u00e1nsito - Infoecos","robots":{"index":"index","follow":"follow","max-snippet":"max-snippet:-1","max-image-preview":"max-image-preview:large","max-video-preview":"max-video-preview:-1"},"canonical":"https:\/\/infoecos.com.ar\/index.php\/el-gobierno-de-la-provincia-de-buenos-aires-aplica-un-fuerte-ajuste-en-las-multas-de-transito\/","og_locale":"es_ES","og_type":"article","og_title":"El gobierno de la provincia de Buenos Aires aplica un fuerte ajuste en las multas de tr\u00e1nsito - Infoecos","og_description":"Las multas de tr\u00e1nsito en la provincia de Buenos Aires tendr\u00e1n un fuerte ajuste. Y...","og_url":"https:\/\/infoecos.com.ar\/index.php\/el-gobierno-de-la-provincia-de-buenos-aires-aplica-un-fuerte-ajuste-en-las-multas-de-transito\/","og_site_name":"Infoecos","article_publisher":"https:\/\/www.facebook.com\/profile.php?id=100063200290284","article_published_time":"2026-05-02T04:48:31+00:00","article_modified_time":"2026-05-02T04:48:32+00:00","og_image":[{"width":770,"height":440,"url":"https:\/\/infoecos.com.ar\/wp-content\/uploads\/2026\/05\/image-19.png","type":"image\/png"}],"author":"Jorge Matheus","twitter_card":"summary_large_image","twitter_creator":"@infoecos","twitter_site":"@infoecos","twitter_misc":{"Escrito por":"Jorge Matheus","Tiempo de lectura":"2 minutos"},"schema":{"@context":"https:\/\/schema.org","@graph":[{"@type":"Article","@id":"https:\/\/infoecos.com.ar\/index.php\/el-gobierno-de-la-provincia-de-buenos-aires-aplica-un-fuerte-ajuste-en-las-multas-de-transito\/#article","isPartOf":{"@id":"https:\/\/infoecos.com.ar\/index.php\/el-gobierno-de-la-provincia-de-buenos-aires-aplica-un-fuerte-ajuste-en-las-multas-de-transito\/"},"author":{"name":"Jorge Matheus","@id":"https:\/\/infoecos.com.ar\/#\/schema\/person\/8f5ace5ce73b4b4aac4b7245aee6f191"},"headline":"El gobierno de la provincia de Buenos Aires aplica un fuerte ajuste en las multas de tr\u00e1nsito","datePublished":"2026-05-02T04:48:31+00:00","dateModified":"2026-05-02T04:48:32+00:00","mainEntityOfPage":{"@id":"https:\/\/infoecos.com.ar\/index.php\/el-gobierno-de-la-provincia-de-buenos-aires-aplica-un-fuerte-ajuste-en-las-multas-de-transito\/"},"wordCount":299,"publisher":{"@id":"https:\/\/infoecos.com.ar\/#organization"},"image":{"@id":"https:\/\/infoecos.com.ar\/index.php\/el-gobierno-de-la-provincia-de-buenos-aires-aplica-un-fuerte-ajuste-en-las-multas-de-transito\/#primaryimage"},"thumbnailUrl":"https:\/\/infoecos.com.ar\/wp-content\/uploads\/2026\/05\/image-19.png","keywords":["Bloque inferior","Entretenimiento","POL\u00cdTICA"],"articleSection":["Noticia Secundaria"],"inLanguage":"es"},{"@type":"WebPage","@id":"https:\/\/infoecos.com.ar\/index.php\/el-gobierno-de-la-provincia-de-buenos-aires-aplica-un-fuerte-ajuste-en-las-multas-de-transito\/","url":"https:\/\/infoecos.com.ar\/index.php\/el-gobierno-de-la-provincia-de-buenos-aires-aplica-un-fuerte-ajuste-en-las-multas-de-transito\/","name":"El gobierno de la provincia de Buenos Aires aplica un fuerte ajuste en las multas de tr\u00e1nsito - Infoecos","isPartOf":{"@id":"https:\/\/infoecos.com.ar\/#website"},"primaryImageOfPage":{"@id":"https:\/\/infoecos.com.ar\/index.php\/el-gobierno-de-la-provincia-de-buenos-aires-aplica-un-fuerte-ajuste-en-las-multas-de-transito\/#primaryimage"},"image":{"@id":"https:\/\/infoecos.com.ar\/index.php\/el-gobierno-de-la-provincia-de-buenos-aires-aplica-un-fuerte-ajuste-en-las-multas-de-transito\/#primaryimage"},"thumbnailUrl":"https:\/\/infoecos.com.ar\/wp-content\/uploads\/2026\/05\/image-19.png","datePublished":"2026-05-02T04:48:31+00:00","dateModified":"2026-05-02T04:48:32+00:00","breadcrumb":{"@id":"https:\/\/infoecos.com.ar\/index.php\/el-gobierno-de-la-provincia-de-buenos-aires-aplica-un-fuerte-ajuste-en-las-multas-de-transito\/#breadcrumb"},"inLanguage":"es","potentialAction":[{"@type":"ReadAction","target":["https:\/\/infoecos.com.ar\/index.php\/el-gobierno-de-la-provincia-de-buenos-aires-aplica-un-fuerte-ajuste-en-las-multas-de-transito\/"]}]},{"@type":"ImageObject","inLanguage":"es","@id":"https:\/\/infoecos.com.ar\/index.php\/el-gobierno-de-la-provincia-de-buenos-aires-aplica-un-fuerte-ajuste-en-las-multas-de-transito\/#primaryimage","url":"https:\/\/infoecos.com.ar\/wp-content\/uploads\/2026\/05\/image-19.png","contentUrl":"https:\/\/infoecos.com.ar\/wp-content\/uploads\/2026\/05\/image-19.png","width":770,"height":440},{"@type":"BreadcrumbList","@id":"https:\/\/infoecos.com.ar\/index.php\/el-gobierno-de-la-provincia-de-buenos-aires-aplica-un-fuerte-ajuste-en-las-multas-de-transito\/#breadcrumb","itemListElement":[{"@type":"ListItem","position":1,"name":"Portada","item":"https:\/\/infoecos.com.ar\/"},{"@type":"ListItem","position":2,"name":"El gobierno de la provincia de Buenos Aires aplica un fuerte ajuste en las multas de tr\u00e1nsito"}]},{"@type":"WebSite","@id":"https:\/\/infoecos.com.ar\/#website","url":"https:\/\/infoecos.com.ar\/","name":"Infoecos","description":"Noticias de trenque lauquen y la zona","publisher":{"@id":"https:\/\/infoecos.com.ar\/#organization"},"alternateName":"Noticias","potentialAction":[{"@type":"SearchAction","target":{"@type":"EntryPoint","urlTemplate":"https:\/\/infoecos.com.ar\/?s={search_term_string}"},"query-input":{"@type":"PropertyValueSpecification","valueRequired":true,"valueName":"search_term_string"}}],"inLanguage":"es"},{"@type":"Organization","@id":"https:\/\/infoecos.com.ar\/#organization","name":"Infoecos","alternateName":"Noticias","url":"https:\/\/infoecos.com.ar\/","logo":{"@type":"ImageObject","inLanguage":"es","@id":"https:\/\/infoecos.com.ar\/#\/schema\/logo\/image\/","url":"https:\/\/infoecos.com.ar\/wp-content\/uploads\/2024\/03\/cropped-logo.png","contentUrl":"https:\/\/infoecos.com.ar\/wp-content\/uploads\/2024\/03\/cropped-logo.png","width":374,"height":90,"caption":"Infoecos"},"image":{"@id":"https:\/\/infoecos.com.ar\/#\/schema\/logo\/image\/"},"sameAs":["https:\/\/www.facebook.com\/profile.php?id=100063200290284","https:\/\/x.com\/infoecos"]},{"@type":"Person","@id":"https:\/\/infoecos.com.ar\/#\/schema\/person\/8f5ace5ce73b4b4aac4b7245aee6f191","name":"Jorge Matheus","url":"https:\/\/infoecos.com.ar\/index.php\/author\/jomatheus\/"}]}},"featured_image_urls":{"full":["https:\/\/infoecos.com.ar\/wp-content\/uploads\/2026\/05\/image-19.png",770,440,false],"thumbnail":["https:\/\/infoecos.com.ar\/wp-content\/uploads\/2026\/05\/image-19-300x150.png",300,150,true],"medium":["https:\/\/infoecos.com.ar\/wp-content\/uploads\/2026\/05\/image-19.png",770,440,false],"medium_large":["https:\/\/infoecos.com.ar\/wp-content\/uploads\/2026\/05\/image-19-768x439.png",640,366,true],"large":["https:\/\/infoecos.com.ar\/wp-content\/uploads\/2026\/05\/image-19.png",640,366,false],"1536x1536":["https:\/\/infoecos.com.ar\/wp-content\/uploads\/2026\/05\/image-19.png",770,440,false],"2048x2048":["https:\/\/infoecos.com.ar\/wp-content\/uploads\/2026\/05\/image-19.png",770,440,false],"covernews-slider-full":["https:\/\/infoecos.com.ar\/wp-content\/uploads\/2026\/05\/image-19.png",770,440,false],"covernews-slider-center":["https:\/\/infoecos.com.ar\/wp-content\/uploads\/2026\/05\/image-19.png",770,440,false],"covernews-featured":["https:\/\/infoecos.com.ar\/wp-content\/uploads\/2026\/05\/image-19.png",770,440,false],"covernews-medium":["https:\/\/infoecos.com.ar\/wp-content\/uploads\/2026\/05\/image-19-540x340.png",540,340,true],"covernews-medium-square":["https:\/\/infoecos.com.ar\/wp-content\/uploads\/2026\/05\/image-19-400x250.png",400,250,true]},"author_info":{"info":["Jorge Matheus"]},"category_info":"<a href=\"https:\/\/infoecos.com.ar\/index.php\/category\/noticia-secundaria\/\" rel=\"category tag\">Noticia Secundaria<\/a>","tag_info":"Noticia Secundaria","comment_count":"0","_links":{"self":[{"href":"https:\/\/infoecos.com.ar\/index.php\/wp-json\/wp\/v2\/posts\/157735"}],"collection":[{"href":"https:\/\/infoecos.com.ar\/index.php\/wp-json\/wp\/v2\/posts"}],"about":[{"href":"https:\/\/infoecos.com.ar\/index.php\/wp-json\/wp\/v2\/types\/post"}],"author":[{"embeddable":true,"href":"https:\/\/infoecos.com.ar\/index.php\/wp-json\/wp\/v2\/users\/2"}],"replies":[{"embeddable":true,"href":"https:\/\/infoecos.com.ar\/index.php\/wp-json\/wp\/v2\/comments?post=157735"}],"version-history":[{"count":1,"href":"https:\/\/infoecos.com.ar\/index.php\/wp-json\/wp\/v2\/posts\/157735\/revisions"}],"predecessor-version":[{"id":157737,"href":"https:\/\/infoecos.com.ar\/index.php\/wp-json\/wp\/v2\/posts\/157735\/revisions\/157737"}],"wp:featuredmedia":[{"embeddable":true,"href":"https:\/\/infoecos.com.ar\/index.php\/wp-json\/wp\/v2\/media\/157736"}],"wp:attachment":[{"href":"https:\/\/infoecos.com.ar\/index.php\/wp-json\/wp\/v2\/media?parent=157735"}],"wp:term":[{"taxonomy":"category","embeddable":true,"href":"https:\/\/infoecos.com.ar\/index.php\/wp-json\/wp\/v2\/categories?post=157735"},{"taxonomy":"post_tag","embeddable":true,"href":"https:\/\/infoecos.com.ar\/index.php\/wp-json\/wp\/v2\/tags?post=157735"}],"curies":[{"name":"wp","href":"https:\/\/api.w.org\/{rel}","templated":true}]}}