{"id":157738,"date":"2026-05-02T02:07:59","date_gmt":"2026-05-02T05:07:59","guid":{"rendered":"https:\/\/infoecos.com.ar\/?p=157738"},"modified":"2026-05-02T02:44:05","modified_gmt":"2026-05-02T05:44:05","slug":"segundo-acto-de-firma-del-programa-mi-lote-en-trenque-lauquen-anunciandose-para-la-semana-proxima-en-30-de-agosto-y-garre","status":"publish","type":"post","link":"https:\/\/infoecos.com.ar\/index.php\/segundo-acto-de-firma-del-programa-mi-lote-en-trenque-lauquen-anunciandose-para-la-semana-proxima-en-30-de-agosto-y-garre\/","title":{"rendered":"Segundo acto de firma del programa \u00abMi Lote\u00bb en Trenque Lauquen, anunci\u00e1ndose para la semana pr\u00f3xima en 30 de Agosto y Garr\u00e9"},"content":{"rendered":"\n<p>La Municipalidad de Trenque Lauquen realiz\u00f3 el segundo acto de firma de boletos de compraventa del programa \u201cMi Lote\u201d, en el marco del proceso de adjudicaci\u00f3n de terrenos destinados a la construcci\u00f3n de viviendas, con los beneficiarios incluidos en el listado definitivo de Trenque Lauquen y Beruti: del segmento Grupo Familiar (del 31 al 37), Personas Solas (del 1 al 16), Personas con Discapacidad (del 1 al 3) y un adjudicatario del segmento Grupo Familiar de Beruti.<\/p>\n\n\n\n<figure class=\"wp-block-gallery has-nested-images columns-default is-cropped wp-block-gallery-1 is-layout-flex wp-block-gallery-is-layout-flex\">\n<figure class=\"wp-block-image size-large\"><img loading=\"lazy\" decoding=\"async\" width=\"1600\" height=\"1067\" data-id=\"157739\" src=\"https:\/\/infoecos.com.ar\/wp-content\/uploads\/2026\/05\/Segundo-acto-Mi-Lote-3-1600x1067.jpg\" alt=\"\" class=\"wp-image-157739\" srcset=\"https:\/\/infoecos.com.ar\/wp-content\/uploads\/2026\/05\/Segundo-acto-Mi-Lote-3-1600x1067.jpg 1600w, https:\/\/infoecos.com.ar\/wp-content\/uploads\/2026\/05\/Segundo-acto-Mi-Lote-3-800x533.jpg 800w, https:\/\/infoecos.com.ar\/wp-content\/uploads\/2026\/05\/Segundo-acto-Mi-Lote-3-768x512.jpg 768w, https:\/\/infoecos.com.ar\/wp-content\/uploads\/2026\/05\/Segundo-acto-Mi-Lote-3-1536x1024.jpg 1536w, https:\/\/infoecos.com.ar\/wp-content\/uploads\/2026\/05\/Segundo-acto-Mi-Lote-3-2048x1365.jpg 2048w, https:\/\/infoecos.com.ar\/wp-content\/uploads\/2026\/05\/Segundo-acto-Mi-Lote-3-1024x683.jpg 1024w\" sizes=\"(max-width: 1600px) 100vw, 1600px\" \/><\/figure>\n\n\n\n<figure class=\"wp-block-image size-large\"><img loading=\"lazy\" decoding=\"async\" width=\"1600\" height=\"1067\" data-id=\"157741\" src=\"https:\/\/infoecos.com.ar\/wp-content\/uploads\/2026\/05\/Segundo-acto-Mi-Lote-4-1600x1067.jpg\" alt=\"\" class=\"wp-image-157741\" srcset=\"https:\/\/infoecos.com.ar\/wp-content\/uploads\/2026\/05\/Segundo-acto-Mi-Lote-4-1600x1067.jpg 1600w, https:\/\/infoecos.com.ar\/wp-content\/uploads\/2026\/05\/Segundo-acto-Mi-Lote-4-800x533.jpg 800w, https:\/\/infoecos.com.ar\/wp-content\/uploads\/2026\/05\/Segundo-acto-Mi-Lote-4-768x512.jpg 768w, https:\/\/infoecos.com.ar\/wp-content\/uploads\/2026\/05\/Segundo-acto-Mi-Lote-4-1536x1024.jpg 1536w, https:\/\/infoecos.com.ar\/wp-content\/uploads\/2026\/05\/Segundo-acto-Mi-Lote-4-2048x1365.jpg 2048w, https:\/\/infoecos.com.ar\/wp-content\/uploads\/2026\/05\/Segundo-acto-Mi-Lote-4-1024x683.jpg 1024w\" sizes=\"(max-width: 1600px) 100vw, 1600px\" \/><\/figure>\n\n\n\n<figure class=\"wp-block-image size-large\"><img loading=\"lazy\" decoding=\"async\" width=\"1600\" height=\"1067\" data-id=\"157740\" src=\"https:\/\/infoecos.com.ar\/wp-content\/uploads\/2026\/05\/Segundo-acto-Mi-Lote-5-1600x1067.jpg\" alt=\"\" class=\"wp-image-157740\" srcset=\"https:\/\/infoecos.com.ar\/wp-content\/uploads\/2026\/05\/Segundo-acto-Mi-Lote-5-1600x1067.jpg 1600w, https:\/\/infoecos.com.ar\/wp-content\/uploads\/2026\/05\/Segundo-acto-Mi-Lote-5-800x533.jpg 800w, https:\/\/infoecos.com.ar\/wp-content\/uploads\/2026\/05\/Segundo-acto-Mi-Lote-5-768x512.jpg 768w, https:\/\/infoecos.com.ar\/wp-content\/uploads\/2026\/05\/Segundo-acto-Mi-Lote-5-1536x1024.jpg 1536w, https:\/\/infoecos.com.ar\/wp-content\/uploads\/2026\/05\/Segundo-acto-Mi-Lote-5-2048x1365.jpg 2048w, https:\/\/infoecos.com.ar\/wp-content\/uploads\/2026\/05\/Segundo-acto-Mi-Lote-5-1024x683.jpg 1024w\" sizes=\"(max-width: 1600px) 100vw, 1600px\" \/><\/figure>\n<\/figure>\n\n\n\n<p>El secretario de Legal y T\u00e9cnica, Gustavo Marchabalo felicit\u00f3 a los beneficiarios y destac\u00f3 que el camino recorrido \u201ces largo, se viene trabajando desde mucho antes del sorteo, con un fuerte proceso de regularizaci\u00f3n que para nosotros es un valor agregado\u201d.<\/p>\n\n\n\n<figure class=\"wp-block-image aligncenter size-large is-resized\"><img loading=\"lazy\" decoding=\"async\" width=\"1600\" height=\"1067\" src=\"https:\/\/infoecos.com.ar\/wp-content\/uploads\/2026\/05\/Gustavo-Marchabalo-acto-Mi-Lote-1600x1067.jpg\" alt=\"\" class=\"wp-image-157745\" style=\"width:338px;height:auto\" srcset=\"https:\/\/infoecos.com.ar\/wp-content\/uploads\/2026\/05\/Gustavo-Marchabalo-acto-Mi-Lote-1600x1067.jpg 1600w, https:\/\/infoecos.com.ar\/wp-content\/uploads\/2026\/05\/Gustavo-Marchabalo-acto-Mi-Lote-800x533.jpg 800w, https:\/\/infoecos.com.ar\/wp-content\/uploads\/2026\/05\/Gustavo-Marchabalo-acto-Mi-Lote-768x512.jpg 768w, https:\/\/infoecos.com.ar\/wp-content\/uploads\/2026\/05\/Gustavo-Marchabalo-acto-Mi-Lote-1536x1024.jpg 1536w, https:\/\/infoecos.com.ar\/wp-content\/uploads\/2026\/05\/Gustavo-Marchabalo-acto-Mi-Lote-2048x1365.jpg 2048w, https:\/\/infoecos.com.ar\/wp-content\/uploads\/2026\/05\/Gustavo-Marchabalo-acto-Mi-Lote-1024x683.jpg 1024w\" sizes=\"(max-width: 1600px) 100vw, 1600px\" \/><\/figure>\n\n\n\n<p>La adjudicataria Martina Rabasa, en representaci\u00f3n de los beneficiarios, agradeci\u00f3 a todos los funcionarios involucrados en las gestiones para que este proyecto se lleve a cabo y remarc\u00f3 que \u201cprogramas como \u00e9ste hacen que el sue\u00f1o de la casa propia hoy se vea m\u00e1s cercano\u201d.<\/p>\n\n\n\n<figure class=\"wp-block-image aligncenter size-large is-resized\"><img loading=\"lazy\" decoding=\"async\" width=\"1600\" height=\"1067\" src=\"https:\/\/infoecos.com.ar\/wp-content\/uploads\/2026\/05\/Martina-Rabasa-acto-Mi-Lote-1600x1067.jpg\" alt=\"\" class=\"wp-image-157746\" style=\"width:342px;height:auto\" srcset=\"https:\/\/infoecos.com.ar\/wp-content\/uploads\/2026\/05\/Martina-Rabasa-acto-Mi-Lote-1600x1067.jpg 1600w, https:\/\/infoecos.com.ar\/wp-content\/uploads\/2026\/05\/Martina-Rabasa-acto-Mi-Lote-800x533.jpg 800w, https:\/\/infoecos.com.ar\/wp-content\/uploads\/2026\/05\/Martina-Rabasa-acto-Mi-Lote-768x512.jpg 768w, https:\/\/infoecos.com.ar\/wp-content\/uploads\/2026\/05\/Martina-Rabasa-acto-Mi-Lote-1536x1024.jpg 1536w, https:\/\/infoecos.com.ar\/wp-content\/uploads\/2026\/05\/Martina-Rabasa-acto-Mi-Lote-2048x1365.jpg 2048w, https:\/\/infoecos.com.ar\/wp-content\/uploads\/2026\/05\/Martina-Rabasa-acto-Mi-Lote-1024x683.jpg 1024w\" sizes=\"(max-width: 1600px) 100vw, 1600px\" \/><\/figure>\n\n\n\n<p>El intendente que tambi\u00e9n habl\u00f3 volvi\u00f3 a destacar las caracter\u00edsticas de la iniciativa se\u00f1alando que \u201ces el programa de terrenos m\u00e1s grande que se ha implementado, y esto es posible debido la continuidad de las pol\u00edticas p\u00fablicas de las distintas gestiones independientemente del signo pol\u00edtico\u201d.<\/p>\n\n\n\n<figure class=\"wp-block-gallery has-nested-images columns-default is-cropped wp-block-gallery-2 is-layout-flex wp-block-gallery-is-layout-flex\">\n<figure class=\"wp-block-image size-large\"><img loading=\"lazy\" decoding=\"async\" width=\"1600\" height=\"1067\" data-id=\"157742\" src=\"https:\/\/infoecos.com.ar\/wp-content\/uploads\/2026\/05\/Segundo-acto-Mi-Lote-6-1600x1067.jpg\" alt=\"\" class=\"wp-image-157742\" srcset=\"https:\/\/infoecos.com.ar\/wp-content\/uploads\/2026\/05\/Segundo-acto-Mi-Lote-6-1600x1067.jpg 1600w, https:\/\/infoecos.com.ar\/wp-content\/uploads\/2026\/05\/Segundo-acto-Mi-Lote-6-800x533.jpg 800w, https:\/\/infoecos.com.ar\/wp-content\/uploads\/2026\/05\/Segundo-acto-Mi-Lote-6-768x512.jpg 768w, https:\/\/infoecos.com.ar\/wp-content\/uploads\/2026\/05\/Segundo-acto-Mi-Lote-6-1536x1024.jpg 1536w, https:\/\/infoecos.com.ar\/wp-content\/uploads\/2026\/05\/Segundo-acto-Mi-Lote-6-2048x1365.jpg 2048w, https:\/\/infoecos.com.ar\/wp-content\/uploads\/2026\/05\/Segundo-acto-Mi-Lote-6-1024x683.jpg 1024w\" sizes=\"(max-width: 1600px) 100vw, 1600px\" \/><\/figure>\n\n\n\n<figure class=\"wp-block-image size-large\"><img loading=\"lazy\" decoding=\"async\" width=\"1600\" height=\"1067\" data-id=\"157743\" src=\"https:\/\/infoecos.com.ar\/wp-content\/uploads\/2026\/05\/Segundo-acto-Mi-Lote-7-1600x1067.jpg\" alt=\"\" class=\"wp-image-157743\" srcset=\"https:\/\/infoecos.com.ar\/wp-content\/uploads\/2026\/05\/Segundo-acto-Mi-Lote-7-1600x1067.jpg 1600w, https:\/\/infoecos.com.ar\/wp-content\/uploads\/2026\/05\/Segundo-acto-Mi-Lote-7-800x533.jpg 800w, https:\/\/infoecos.com.ar\/wp-content\/uploads\/2026\/05\/Segundo-acto-Mi-Lote-7-768x512.jpg 768w, https:\/\/infoecos.com.ar\/wp-content\/uploads\/2026\/05\/Segundo-acto-Mi-Lote-7-1536x1024.jpg 1536w, https:\/\/infoecos.com.ar\/wp-content\/uploads\/2026\/05\/Segundo-acto-Mi-Lote-7-2048x1365.jpg 2048w, https:\/\/infoecos.com.ar\/wp-content\/uploads\/2026\/05\/Segundo-acto-Mi-Lote-7-1024x683.jpg 1024w\" sizes=\"(max-width: 1600px) 100vw, 1600px\" \/><\/figure>\n\n\n\n<figure class=\"wp-block-image size-large\"><img loading=\"lazy\" decoding=\"async\" width=\"1600\" height=\"1067\" data-id=\"157744\" src=\"https:\/\/infoecos.com.ar\/wp-content\/uploads\/2026\/05\/Segundo-acto-Mi-Lote-8-1600x1067.jpg\" alt=\"\" class=\"wp-image-157744\" srcset=\"https:\/\/infoecos.com.ar\/wp-content\/uploads\/2026\/05\/Segundo-acto-Mi-Lote-8-1600x1067.jpg 1600w, https:\/\/infoecos.com.ar\/wp-content\/uploads\/2026\/05\/Segundo-acto-Mi-Lote-8-800x533.jpg 800w, https:\/\/infoecos.com.ar\/wp-content\/uploads\/2026\/05\/Segundo-acto-Mi-Lote-8-768x512.jpg 768w, https:\/\/infoecos.com.ar\/wp-content\/uploads\/2026\/05\/Segundo-acto-Mi-Lote-8-1536x1024.jpg 1536w, https:\/\/infoecos.com.ar\/wp-content\/uploads\/2026\/05\/Segundo-acto-Mi-Lote-8-2048x1365.jpg 2048w, https:\/\/infoecos.com.ar\/wp-content\/uploads\/2026\/05\/Segundo-acto-Mi-Lote-8-1024x683.jpg 1024w\" sizes=\"(max-width: 1600px) 100vw, 1600px\" \/><\/figure>\n<\/figure>\n\n\n\n<p>La pr\u00f3xima semana, el martes 5 firmar\u00e1n los adjudicatarios de 30 de Agosto y Garr\u00e9 en el Cine Santa Rosa de Lima de la ciudad de 30 de Agosto, tambi\u00e9n desde las 19 h.<\/p>\n\n\n\n<p><\/p>\n","protected":false},"excerpt":{"rendered":"<p>La Municipalidad de Trenque Lauquen realiz\u00f3 el segundo acto de firma de boletos de compraventa&#8230;<\/p>\n","protected":false},"author":2,"featured_media":157743,"comment_status":"closed","ping_status":"open","sticky":false,"template":"","format":"standard","meta":{"footnotes":""},"categories":[1612],"tags":[10298,97,10290],"class_list":["post-157738","post","type-post","status-publish","format-standard","has-post-thumbnail","hentry","category-noticia-principal","tag-bloque-inferior","tag-economia","tag-entretenimiento"],"yoast_head":"<!-- This site is optimized with the Yoast SEO plugin v23.4 - https:\/\/yoast.com\/wordpress\/plugins\/seo\/ -->\n<title>Segundo acto de firma del programa &quot;Mi Lote&quot; en Trenque Lauquen, anunci\u00e1ndose para la semana pr\u00f3xima en 30 de Agosto y Garr\u00e9 - Infoecos<\/title>\n<meta name=\"robots\" content=\"index, follow, max-snippet:-1, max-image-preview:large, max-video-preview:-1\" \/>\n<link rel=\"canonical\" href=\"https:\/\/infoecos.com.ar\/index.php\/segundo-acto-de-firma-del-programa-mi-lote-en-trenque-lauquen-anunciandose-para-la-semana-proxima-en-30-de-agosto-y-garre\/\" \/>\n<meta property=\"og:locale\" content=\"es_ES\" \/>\n<meta property=\"og:type\" content=\"article\" \/>\n<meta property=\"og:title\" content=\"Segundo acto de firma del programa &quot;Mi Lote&quot; en Trenque Lauquen, anunci\u00e1ndose para la semana pr\u00f3xima en 30 de Agosto y Garr\u00e9 - Infoecos\" \/>\n<meta property=\"og:description\" content=\"La Municipalidad de Trenque Lauquen realiz\u00f3 el segundo acto de firma de boletos de compraventa...\" \/>\n<meta property=\"og:url\" content=\"https:\/\/infoecos.com.ar\/index.php\/segundo-acto-de-firma-del-programa-mi-lote-en-trenque-lauquen-anunciandose-para-la-semana-proxima-en-30-de-agosto-y-garre\/\" \/>\n<meta property=\"og:site_name\" content=\"Infoecos\" \/>\n<meta property=\"article:publisher\" content=\"https:\/\/www.facebook.com\/profile.php?id=100063200290284\" \/>\n<meta property=\"article:published_time\" content=\"2026-05-02T05:07:59+00:00\" \/>\n<meta property=\"article:modified_time\" content=\"2026-05-02T05:44:05+00:00\" \/>\n<meta property=\"og:image\" content=\"https:\/\/infoecos.com.ar\/wp-content\/uploads\/2026\/05\/Segundo-acto-Mi-Lote-7-scaled.jpg\" \/>\n\t<meta property=\"og:image:width\" content=\"2560\" \/>\n\t<meta property=\"og:image:height\" content=\"1706\" \/>\n\t<meta property=\"og:image:type\" content=\"image\/jpeg\" \/>\n<meta name=\"author\" content=\"Jorge Matheus\" \/>\n<meta name=\"twitter:card\" content=\"summary_large_image\" \/>\n<meta name=\"twitter:creator\" content=\"@infoecos\" \/>\n<meta name=\"twitter:site\" content=\"@infoecos\" \/>\n<meta name=\"twitter:label1\" content=\"Escrito por\" \/>\n\t<meta name=\"twitter:data1\" content=\"Jorge Matheus\" \/>\n\t<meta name=\"twitter:label2\" content=\"Tiempo de lectura\" \/>\n\t<meta name=\"twitter:data2\" content=\"3 minutos\" \/>\n<script type=\"application\/ld+json\" class=\"yoast-schema-graph\">{\"@context\":\"https:\/\/schema.org\",\"@graph\":[{\"@type\":\"Article\",\"@id\":\"https:\/\/infoecos.com.ar\/index.php\/segundo-acto-de-firma-del-programa-mi-lote-en-trenque-lauquen-anunciandose-para-la-semana-proxima-en-30-de-agosto-y-garre\/#article\",\"isPartOf\":{\"@id\":\"https:\/\/infoecos.com.ar\/index.php\/segundo-acto-de-firma-del-programa-mi-lote-en-trenque-lauquen-anunciandose-para-la-semana-proxima-en-30-de-agosto-y-garre\/\"},\"author\":{\"name\":\"Jorge Matheus\",\"@id\":\"https:\/\/infoecos.com.ar\/#\/schema\/person\/8f5ace5ce73b4b4aac4b7245aee6f191\"},\"headline\":\"Segundo acto de firma del programa \u00abMi Lote\u00bb en Trenque Lauquen, anunci\u00e1ndose para la semana pr\u00f3xima en 30 de Agosto y Garr\u00e9\",\"datePublished\":\"2026-05-02T05:07:59+00:00\",\"dateModified\":\"2026-05-02T05:44:05+00:00\",\"mainEntityOfPage\":{\"@id\":\"https:\/\/infoecos.com.ar\/index.php\/segundo-acto-de-firma-del-programa-mi-lote-en-trenque-lauquen-anunciandose-para-la-semana-proxima-en-30-de-agosto-y-garre\/\"},\"wordCount\":272,\"publisher\":{\"@id\":\"https:\/\/infoecos.com.ar\/#organization\"},\"image\":{\"@id\":\"https:\/\/infoecos.com.ar\/index.php\/segundo-acto-de-firma-del-programa-mi-lote-en-trenque-lauquen-anunciandose-para-la-semana-proxima-en-30-de-agosto-y-garre\/#primaryimage\"},\"thumbnailUrl\":\"https:\/\/infoecos.com.ar\/wp-content\/uploads\/2026\/05\/Segundo-acto-Mi-Lote-7-scaled.jpg\",\"keywords\":[\"Bloque inferior\",\"ECONOM\u00cdA\",\"Entretenimiento\"],\"articleSection\":[\"Noticia Principal\"],\"inLanguage\":\"es\"},{\"@type\":\"WebPage\",\"@id\":\"https:\/\/infoecos.com.ar\/index.php\/segundo-acto-de-firma-del-programa-mi-lote-en-trenque-lauquen-anunciandose-para-la-semana-proxima-en-30-de-agosto-y-garre\/\",\"url\":\"https:\/\/infoecos.com.ar\/index.php\/segundo-acto-de-firma-del-programa-mi-lote-en-trenque-lauquen-anunciandose-para-la-semana-proxima-en-30-de-agosto-y-garre\/\",\"name\":\"Segundo acto de firma del programa \\\"Mi Lote\\\" en Trenque Lauquen, anunci\u00e1ndose para la semana pr\u00f3xima en 30 de Agosto y Garr\u00e9 - Infoecos\",\"isPartOf\":{\"@id\":\"https:\/\/infoecos.com.ar\/#website\"},\"primaryImageOfPage\":{\"@id\":\"https:\/\/infoecos.com.ar\/index.php\/segundo-acto-de-firma-del-programa-mi-lote-en-trenque-lauquen-anunciandose-para-la-semana-proxima-en-30-de-agosto-y-garre\/#primaryimage\"},\"image\":{\"@id\":\"https:\/\/infoecos.com.ar\/index.php\/segundo-acto-de-firma-del-programa-mi-lote-en-trenque-lauquen-anunciandose-para-la-semana-proxima-en-30-de-agosto-y-garre\/#primaryimage\"},\"thumbnailUrl\":\"https:\/\/infoecos.com.ar\/wp-content\/uploads\/2026\/05\/Segundo-acto-Mi-Lote-7-scaled.jpg\",\"datePublished\":\"2026-05-02T05:07:59+00:00\",\"dateModified\":\"2026-05-02T05:44:05+00:00\",\"breadcrumb\":{\"@id\":\"https:\/\/infoecos.com.ar\/index.php\/segundo-acto-de-firma-del-programa-mi-lote-en-trenque-lauquen-anunciandose-para-la-semana-proxima-en-30-de-agosto-y-garre\/#breadcrumb\"},\"inLanguage\":\"es\",\"potentialAction\":[{\"@type\":\"ReadAction\",\"target\":[\"https:\/\/infoecos.com.ar\/index.php\/segundo-acto-de-firma-del-programa-mi-lote-en-trenque-lauquen-anunciandose-para-la-semana-proxima-en-30-de-agosto-y-garre\/\"]}]},{\"@type\":\"ImageObject\",\"inLanguage\":\"es\",\"@id\":\"https:\/\/infoecos.com.ar\/index.php\/segundo-acto-de-firma-del-programa-mi-lote-en-trenque-lauquen-anunciandose-para-la-semana-proxima-en-30-de-agosto-y-garre\/#primaryimage\",\"url\":\"https:\/\/infoecos.com.ar\/wp-content\/uploads\/2026\/05\/Segundo-acto-Mi-Lote-7-scaled.jpg\",\"contentUrl\":\"https:\/\/infoecos.com.ar\/wp-content\/uploads\/2026\/05\/Segundo-acto-Mi-Lote-7-scaled.jpg\",\"width\":2560,\"height\":1706},{\"@type\":\"BreadcrumbList\",\"@id\":\"https:\/\/infoecos.com.ar\/index.php\/segundo-acto-de-firma-del-programa-mi-lote-en-trenque-lauquen-anunciandose-para-la-semana-proxima-en-30-de-agosto-y-garre\/#breadcrumb\",\"itemListElement\":[{\"@type\":\"ListItem\",\"position\":1,\"name\":\"Portada\",\"item\":\"https:\/\/infoecos.com.ar\/\"},{\"@type\":\"ListItem\",\"position\":2,\"name\":\"Segundo acto de firma del programa \u00abMi Lote\u00bb en Trenque Lauquen, anunci\u00e1ndose para la semana pr\u00f3xima en 30 de Agosto y Garr\u00e9\"}]},{\"@type\":\"WebSite\",\"@id\":\"https:\/\/infoecos.com.ar\/#website\",\"url\":\"https:\/\/infoecos.com.ar\/\",\"name\":\"Infoecos\",\"description\":\"Noticias de trenque lauquen y la zona\",\"publisher\":{\"@id\":\"https:\/\/infoecos.com.ar\/#organization\"},\"alternateName\":\"Noticias\",\"potentialAction\":[{\"@type\":\"SearchAction\",\"target\":{\"@type\":\"EntryPoint\",\"urlTemplate\":\"https:\/\/infoecos.com.ar\/?s={search_term_string}\"},\"query-input\":{\"@type\":\"PropertyValueSpecification\",\"valueRequired\":true,\"valueName\":\"search_term_string\"}}],\"inLanguage\":\"es\"},{\"@type\":\"Organization\",\"@id\":\"https:\/\/infoecos.com.ar\/#organization\",\"name\":\"Infoecos\",\"alternateName\":\"Noticias\",\"url\":\"https:\/\/infoecos.com.ar\/\",\"logo\":{\"@type\":\"ImageObject\",\"inLanguage\":\"es\",\"@id\":\"https:\/\/infoecos.com.ar\/#\/schema\/logo\/image\/\",\"url\":\"https:\/\/infoecos.com.ar\/wp-content\/uploads\/2024\/03\/cropped-logo.png\",\"contentUrl\":\"https:\/\/infoecos.com.ar\/wp-content\/uploads\/2024\/03\/cropped-logo.png\",\"width\":374,\"height\":90,\"caption\":\"Infoecos\"},\"image\":{\"@id\":\"https:\/\/infoecos.com.ar\/#\/schema\/logo\/image\/\"},\"sameAs\":[\"https:\/\/www.facebook.com\/profile.php?id=100063200290284\",\"https:\/\/x.com\/infoecos\"]},{\"@type\":\"Person\",\"@id\":\"https:\/\/infoecos.com.ar\/#\/schema\/person\/8f5ace5ce73b4b4aac4b7245aee6f191\",\"name\":\"Jorge Matheus\",\"url\":\"https:\/\/infoecos.com.ar\/index.php\/author\/jomatheus\/\"}]}<\/script>\n<!-- \/ Yoast SEO plugin. -->","yoast_head_json":{"title":"Segundo acto de firma del programa \"Mi Lote\" en Trenque Lauquen, anunci\u00e1ndose para la semana pr\u00f3xima en 30 de Agosto y Garr\u00e9 - Infoecos","robots":{"index":"index","follow":"follow","max-snippet":"max-snippet:-1","max-image-preview":"max-image-preview:large","max-video-preview":"max-video-preview:-1"},"canonical":"https:\/\/infoecos.com.ar\/index.php\/segundo-acto-de-firma-del-programa-mi-lote-en-trenque-lauquen-anunciandose-para-la-semana-proxima-en-30-de-agosto-y-garre\/","og_locale":"es_ES","og_type":"article","og_title":"Segundo acto de firma del programa \"Mi Lote\" en Trenque Lauquen, anunci\u00e1ndose para la semana pr\u00f3xima en 30 de Agosto y Garr\u00e9 - Infoecos","og_description":"La Municipalidad de Trenque Lauquen realiz\u00f3 el segundo acto de firma de boletos de compraventa...","og_url":"https:\/\/infoecos.com.ar\/index.php\/segundo-acto-de-firma-del-programa-mi-lote-en-trenque-lauquen-anunciandose-para-la-semana-proxima-en-30-de-agosto-y-garre\/","og_site_name":"Infoecos","article_publisher":"https:\/\/www.facebook.com\/profile.php?id=100063200290284","article_published_time":"2026-05-02T05:07:59+00:00","article_modified_time":"2026-05-02T05:44:05+00:00","og_image":[{"width":2560,"height":1706,"url":"https:\/\/infoecos.com.ar\/wp-content\/uploads\/2026\/05\/Segundo-acto-Mi-Lote-7-scaled.jpg","type":"image\/jpeg"}],"author":"Jorge Matheus","twitter_card":"summary_large_image","twitter_creator":"@infoecos","twitter_site":"@infoecos","twitter_misc":{"Escrito por":"Jorge Matheus","Tiempo de lectura":"3 minutos"},"schema":{"@context":"https:\/\/schema.org","@graph":[{"@type":"Article","@id":"https:\/\/infoecos.com.ar\/index.php\/segundo-acto-de-firma-del-programa-mi-lote-en-trenque-lauquen-anunciandose-para-la-semana-proxima-en-30-de-agosto-y-garre\/#article","isPartOf":{"@id":"https:\/\/infoecos.com.ar\/index.php\/segundo-acto-de-firma-del-programa-mi-lote-en-trenque-lauquen-anunciandose-para-la-semana-proxima-en-30-de-agosto-y-garre\/"},"author":{"name":"Jorge Matheus","@id":"https:\/\/infoecos.com.ar\/#\/schema\/person\/8f5ace5ce73b4b4aac4b7245aee6f191"},"headline":"Segundo acto de firma del programa \u00abMi Lote\u00bb en Trenque Lauquen, anunci\u00e1ndose para la semana pr\u00f3xima en 30 de Agosto y Garr\u00e9","datePublished":"2026-05-02T05:07:59+00:00","dateModified":"2026-05-02T05:44:05+00:00","mainEntityOfPage":{"@id":"https:\/\/infoecos.com.ar\/index.php\/segundo-acto-de-firma-del-programa-mi-lote-en-trenque-lauquen-anunciandose-para-la-semana-proxima-en-30-de-agosto-y-garre\/"},"wordCount":272,"publisher":{"@id":"https:\/\/infoecos.com.ar\/#organization"},"image":{"@id":"https:\/\/infoecos.com.ar\/index.php\/segundo-acto-de-firma-del-programa-mi-lote-en-trenque-lauquen-anunciandose-para-la-semana-proxima-en-30-de-agosto-y-garre\/#primaryimage"},"thumbnailUrl":"https:\/\/infoecos.com.ar\/wp-content\/uploads\/2026\/05\/Segundo-acto-Mi-Lote-7-scaled.jpg","keywords":["Bloque inferior","ECONOM\u00cdA","Entretenimiento"],"articleSection":["Noticia Principal"],"inLanguage":"es"},{"@type":"WebPage","@id":"https:\/\/infoecos.com.ar\/index.php\/segundo-acto-de-firma-del-programa-mi-lote-en-trenque-lauquen-anunciandose-para-la-semana-proxima-en-30-de-agosto-y-garre\/","url":"https:\/\/infoecos.com.ar\/index.php\/segundo-acto-de-firma-del-programa-mi-lote-en-trenque-lauquen-anunciandose-para-la-semana-proxima-en-30-de-agosto-y-garre\/","name":"Segundo acto de firma del programa \"Mi Lote\" en Trenque Lauquen, anunci\u00e1ndose para la semana pr\u00f3xima en 30 de Agosto y Garr\u00e9 - Infoecos","isPartOf":{"@id":"https:\/\/infoecos.com.ar\/#website"},"primaryImageOfPage":{"@id":"https:\/\/infoecos.com.ar\/index.php\/segundo-acto-de-firma-del-programa-mi-lote-en-trenque-lauquen-anunciandose-para-la-semana-proxima-en-30-de-agosto-y-garre\/#primaryimage"},"image":{"@id":"https:\/\/infoecos.com.ar\/index.php\/segundo-acto-de-firma-del-programa-mi-lote-en-trenque-lauquen-anunciandose-para-la-semana-proxima-en-30-de-agosto-y-garre\/#primaryimage"},"thumbnailUrl":"https:\/\/infoecos.com.ar\/wp-content\/uploads\/2026\/05\/Segundo-acto-Mi-Lote-7-scaled.jpg","datePublished":"2026-05-02T05:07:59+00:00","dateModified":"2026-05-02T05:44:05+00:00","breadcrumb":{"@id":"https:\/\/infoecos.com.ar\/index.php\/segundo-acto-de-firma-del-programa-mi-lote-en-trenque-lauquen-anunciandose-para-la-semana-proxima-en-30-de-agosto-y-garre\/#breadcrumb"},"inLanguage":"es","potentialAction":[{"@type":"ReadAction","target":["https:\/\/infoecos.com.ar\/index.php\/segundo-acto-de-firma-del-programa-mi-lote-en-trenque-lauquen-anunciandose-para-la-semana-proxima-en-30-de-agosto-y-garre\/"]}]},{"@type":"ImageObject","inLanguage":"es","@id":"https:\/\/infoecos.com.ar\/index.php\/segundo-acto-de-firma-del-programa-mi-lote-en-trenque-lauquen-anunciandose-para-la-semana-proxima-en-30-de-agosto-y-garre\/#primaryimage","url":"https:\/\/infoecos.com.ar\/wp-content\/uploads\/2026\/05\/Segundo-acto-Mi-Lote-7-scaled.jpg","contentUrl":"https:\/\/infoecos.com.ar\/wp-content\/uploads\/2026\/05\/Segundo-acto-Mi-Lote-7-scaled.jpg","width":2560,"height":1706},{"@type":"BreadcrumbList","@id":"https:\/\/infoecos.com.ar\/index.php\/segundo-acto-de-firma-del-programa-mi-lote-en-trenque-lauquen-anunciandose-para-la-semana-proxima-en-30-de-agosto-y-garre\/#breadcrumb","itemListElement":[{"@type":"ListItem","position":1,"name":"Portada","item":"https:\/\/infoecos.com.ar\/"},{"@type":"ListItem","position":2,"name":"Segundo acto de firma del programa \u00abMi Lote\u00bb en Trenque Lauquen, anunci\u00e1ndose para la semana pr\u00f3xima en 30 de Agosto y Garr\u00e9"}]},{"@type":"WebSite","@id":"https:\/\/infoecos.com.ar\/#website","url":"https:\/\/infoecos.com.ar\/","name":"Infoecos","description":"Noticias de trenque lauquen y la zona","publisher":{"@id":"https:\/\/infoecos.com.ar\/#organization"},"alternateName":"Noticias","potentialAction":[{"@type":"SearchAction","target":{"@type":"EntryPoint","urlTemplate":"https:\/\/infoecos.com.ar\/?s={search_term_string}"},"query-input":{"@type":"PropertyValueSpecification","valueRequired":true,"valueName":"search_term_string"}}],"inLanguage":"es"},{"@type":"Organization","@id":"https:\/\/infoecos.com.ar\/#organization","name":"Infoecos","alternateName":"Noticias","url":"https:\/\/infoecos.com.ar\/","logo":{"@type":"ImageObject","inLanguage":"es","@id":"https:\/\/infoecos.com.ar\/#\/schema\/logo\/image\/","url":"https:\/\/infoecos.com.ar\/wp-content\/uploads\/2024\/03\/cropped-logo.png","contentUrl":"https:\/\/infoecos.com.ar\/wp-content\/uploads\/2024\/03\/cropped-logo.png","width":374,"height":90,"caption":"Infoecos"},"image":{"@id":"https:\/\/infoecos.com.ar\/#\/schema\/logo\/image\/"},"sameAs":["https:\/\/www.facebook.com\/profile.php?id=100063200290284","https:\/\/x.com\/infoecos"]},{"@type":"Person","@id":"https:\/\/infoecos.com.ar\/#\/schema\/person\/8f5ace5ce73b4b4aac4b7245aee6f191","name":"Jorge Matheus","url":"https:\/\/infoecos.com.ar\/index.php\/author\/jomatheus\/"}]}},"featured_image_urls":{"full":["https:\/\/infoecos.com.ar\/wp-content\/uploads\/2026\/05\/Segundo-acto-Mi-Lote-7-scaled.jpg",2560,1706,false],"thumbnail":["https:\/\/infoecos.com.ar\/wp-content\/uploads\/2026\/05\/Segundo-acto-Mi-Lote-7-300x150.jpg",300,150,true],"medium":["https:\/\/infoecos.com.ar\/wp-content\/uploads\/2026\/05\/Segundo-acto-Mi-Lote-7-800x533.jpg",800,533,true],"medium_large":["https:\/\/infoecos.com.ar\/wp-content\/uploads\/2026\/05\/Segundo-acto-Mi-Lote-7-768x512.jpg",640,427,true],"large":["https:\/\/infoecos.com.ar\/wp-content\/uploads\/2026\/05\/Segundo-acto-Mi-Lote-7-1600x1067.jpg",640,427,true],"1536x1536":["https:\/\/infoecos.com.ar\/wp-content\/uploads\/2026\/05\/Segundo-acto-Mi-Lote-7-1536x1024.jpg",1536,1024,true],"2048x2048":["https:\/\/infoecos.com.ar\/wp-content\/uploads\/2026\/05\/Segundo-acto-Mi-Lote-7-2048x1365.jpg",2048,1365,true],"covernews-slider-full":["https:\/\/infoecos.com.ar\/wp-content\/uploads\/2026\/05\/Segundo-acto-Mi-Lote-7-1115x715.jpg",1115,715,true],"covernews-slider-center":["https:\/\/infoecos.com.ar\/wp-content\/uploads\/2026\/05\/Segundo-acto-Mi-Lote-7-800x500.jpg",800,500,true],"covernews-featured":["https:\/\/infoecos.com.ar\/wp-content\/uploads\/2026\/05\/Segundo-acto-Mi-Lote-7-1024x683.jpg",1024,683,true],"covernews-medium":["https:\/\/infoecos.com.ar\/wp-content\/uploads\/2026\/05\/Segundo-acto-Mi-Lote-7-540x340.jpg",540,340,true],"covernews-medium-square":["https:\/\/infoecos.com.ar\/wp-content\/uploads\/2026\/05\/Segundo-acto-Mi-Lote-7-400x250.jpg",400,250,true]},"author_info":{"info":["Jorge Matheus"]},"category_info":"<a href=\"https:\/\/infoecos.com.ar\/index.php\/category\/noticia-principal\/\" rel=\"category tag\">Noticia Principal<\/a>","tag_info":"Noticia Principal","comment_count":"0","_links":{"self":[{"href":"https:\/\/infoecos.com.ar\/index.php\/wp-json\/wp\/v2\/posts\/157738"}],"collection":[{"href":"https:\/\/infoecos.com.ar\/index.php\/wp-json\/wp\/v2\/posts"}],"about":[{"href":"https:\/\/infoecos.com.ar\/index.php\/wp-json\/wp\/v2\/types\/post"}],"author":[{"embeddable":true,"href":"https:\/\/infoecos.com.ar\/index.php\/wp-json\/wp\/v2\/users\/2"}],"replies":[{"embeddable":true,"href":"https:\/\/infoecos.com.ar\/index.php\/wp-json\/wp\/v2\/comments?post=157738"}],"version-history":[{"count":1,"href":"https:\/\/infoecos.com.ar\/index.php\/wp-json\/wp\/v2\/posts\/157738\/revisions"}],"predecessor-version":[{"id":157747,"href":"https:\/\/infoecos.com.ar\/index.php\/wp-json\/wp\/v2\/posts\/157738\/revisions\/157747"}],"wp:featuredmedia":[{"embeddable":true,"href":"https:\/\/infoecos.com.ar\/index.php\/wp-json\/wp\/v2\/media\/157743"}],"wp:attachment":[{"href":"https:\/\/infoecos.com.ar\/index.php\/wp-json\/wp\/v2\/media?parent=157738"}],"wp:term":[{"taxonomy":"category","embeddable":true,"href":"https:\/\/infoecos.com.ar\/index.php\/wp-json\/wp\/v2\/categories?post=157738"},{"taxonomy":"post_tag","embeddable":true,"href":"https:\/\/infoecos.com.ar\/index.php\/wp-json\/wp\/v2\/tags?post=157738"}],"curies":[{"name":"wp","href":"https:\/\/api.w.org\/{rel}","templated":true}]}}