{"id":157749,"date":"2026-05-02T03:01:33","date_gmt":"2026-05-02T06:01:33","guid":{"rendered":"https:\/\/infoecos.com.ar\/?p=157749"},"modified":"2026-05-02T03:01:34","modified_gmt":"2026-05-02T06:01:34","slug":"157749","status":"publish","type":"post","link":"https:\/\/infoecos.com.ar\/index.php\/157749\/","title":{"rendered":""},"content":{"rendered":"\n<p><strong>Fuente: diputadosbsas.com.ar<\/strong><\/p>\n\n\n\n<p>Al igual que los cuatro meses anteriores del 2026, el inicio de&nbsp;<strong>mayo&nbsp;<\/strong>llega con una nueva serie de&nbsp;<strong>aumentos&nbsp;<\/strong>en distintos rubros clave de la econom\u00eda que impactar\u00e1n de forma directa en el costo de vida de las familias argentinas, con importantes subas en transporte, servicios, alquileres, prepagas y combustibles, en un contexto en el que la&nbsp;<strong>inflaci\u00f3n&nbsp;<\/strong>a\u00fan condiciona el poder adquisitivo de los trabajadores.<\/p>\n\n\n\n<p>Como ocurre mes a mes, la actualizaci\u00f3n de tarifas y precios se activa desde los primeros d\u00edas y suma presi\u00f3n sobre el&nbsp;<strong>\u00cdndice de Precios al Consumidor&nbsp;<\/strong>(<strong>IPC<\/strong>), en un escenario en el que la variaci\u00f3n de precios mostr\u00f3 una aceleraci\u00f3n en los \u00faltimos meses y pone en tensi\u00f3n las expectativas de desaceleraci\u00f3n inflacionaria.<\/p>\n\n\n\n<p>En ese sentido, el movimiento de precios se dar\u00e1 luego de que el&nbsp;<strong>Instituto Nacional de Estad\u00edsticas y Censos&nbsp;<\/strong>(<strong><a href=\"https:\/\/www.indec.gob.ar\/\" target=\"_blank\" rel=\"noreferrer noopener\">INDEC<\/a><\/strong>) arrojara que la&nbsp;<strong><a href=\"https:\/\/diputadosbsas.com.ar\/inflacion-marzo-34-milei\/\">inflaci\u00f3n de marzo trep\u00f3 al 3,4%<\/a><\/strong>, marcando su nivel m\u00e1s alto desde abril de 2025, siendo&nbsp;<strong>Educaci\u00f3n&nbsp;<\/strong>el rubro que m\u00e1s subi\u00f3 (12,1%), debido al factor estacional por el inicio del ciclo lectivo,<strong>&nbsp;seguido&nbsp;<\/strong>por&nbsp;<strong>Transporte&nbsp;<\/strong>(4,1%)<strong>&nbsp;motivado por el incremento del precio de los combustibles, transporte p\u00fablico y pasajes a\u00e9reos.<\/strong><\/p>\n\n\n\n<h3 class=\"wp-block-heading\" id=\"aumentos-de-mayo-alquileres\">Aumentos en alquileres<\/h3>\n\n\n\n<p>En el caso de los&nbsp;<strong>alquileres<\/strong>, los&nbsp;<strong>contratos que a\u00fan se rigen por la ley derogada&nbsp;<\/strong>se actualizar\u00e1n seg\u00fan el&nbsp;<strong>\u00cdndice de Contratos de Locaci\u00f3n<\/strong>&nbsp;(<strong>ICL<\/strong>), con un incremento anual del 32,05% en mayo. Este ajuste contin\u00faa la tendencia de desaceleraci\u00f3n registrada en los \u00faltimos meses, luego de subas de 31,22% en abril, 33,80% en marzo, 34,6% en febrero y 36,39% en enero.<\/p>\n\n\n\n<p>En este sentido, la baja en el ritmo de actualizaci\u00f3n de los precios de los&nbsp;<strong>alquileres&nbsp;<\/strong>se consolida en lo que va de 2026 y profundiza la tendencia descendente iniciada a mediados de 2024, cuando los incrementos comenzaron a moderarse respecto de los niveles m\u00e1s altos del a\u00f1o pasado.<\/p>\n\n\n\n<h3 class=\"wp-block-heading\" id=\"transporte-colectivos-y-subte\">Aumentos en transporte<\/h3>\n\n\n\n<p>Por su parte, el&nbsp;<strong>transporte p\u00fablico&nbsp;<\/strong>tambi\u00e9n registrar\u00e1 incrementos durante el mes de mayo. Es que, en el caso de los colectivos del&nbsp;<strong>\u00c1rea Metropolitana de Buenos Aires<\/strong>&nbsp;(<strong>AMBA<\/strong>), el&nbsp;<strong>boleto aumentar\u00e1 un 5,4%,&nbsp;<\/strong>con tarifas que pasan a ubicarse entre $753,74 y $1.259,07 seg\u00fan el tramo recorrido, mientras que en el&nbsp;<strong>Gran La Plata<\/strong>&nbsp;el incremento ser\u00e1 mayor y alcanzar\u00e1 el 11%, con valores que van de $1.053 a $1.406.<\/p>\n\n\n\n<p>Por su parte, el&nbsp;<strong>subte en la Ciudad de Buenos Aires&nbsp;<\/strong>tambi\u00e9n se ajusta en la misma proporci\u00f3n, con una tarifa que asciende a $1.490 con&nbsp;<strong>SUBE registrada<\/strong>, mientras que el premetro pasa a costar $521.<\/p>\n\n\n\n<h3 class=\"wp-block-heading\" id=\"combustibles-y-prepagas\">Aumentos en combustibles y prepagas<\/h3>\n\n\n\n<p>En lo que respecta a los&nbsp;<strong>combustibles<\/strong>, registrar\u00e1n subas durante&nbsp;<strong>mayo&nbsp;<\/strong>debido a la&nbsp;<strong>actualizaci\u00f3n parcial de los impuestos espec\u00edficos<\/strong>, con&nbsp;<strong>incrementos&nbsp;<\/strong>que se aplicar\u00e1n de manera directa sobre su costo. Este ajuste impactar\u00e1 tanto en la nafta como en el gasoil, y se traducir\u00e1 en nuevos incrementos para otros sectores de la econom\u00eda que dependen de la movilidad de veh\u00edculos.<\/p>\n\n\n\n<p>En cuanto a la salud privada, las&nbsp;<strong>prepagas&nbsp;<\/strong>aplicar\u00e1n en mayo&nbsp;<strong>incrementos que oscilan entre el 3% y el 3,9%,&nbsp;<\/strong>dependiendo de la empresa, el plan y la regi\u00f3n, en l\u00ednea con la evoluci\u00f3n reciente de los precios.<\/p>\n\n\n\n<h3 class=\"wp-block-heading\" id=\"servicios-publicos\">Aumentos en servicios p\u00fablicos<\/h3>\n\n\n\n<p>Las tarifas de servicios p\u00fablicos continuar\u00e1n en&nbsp;<strong>mayo&nbsp;<\/strong>con su esquema de actualizaciones mensuales. En el caso del agua en el&nbsp;<strong>AMBA<\/strong>, el incremento ser\u00e1 del 3%, con una factura promedio que pasa a $29.967.<\/p>\n\n\n\n<p>Seg\u00fan el nivel zonal, los valores se ubican en $35.325 para zonas de ingresos altos, $32.081 para zonas medias y $25.777 para zonas de menores ingresos, mientras que tambi\u00e9n se esperan nuevas subas<strong>&nbsp;<\/strong>en&nbsp;<strong>electricidad&nbsp;<\/strong>y&nbsp;<strong>gas<\/strong>.<\/p>\n\n\n\n<h3 class=\"wp-block-heading\" id=\"telecomunicaciones\">Aumentos en telecomunicaciones<\/h3>\n\n\n\n<p>En \u00faltima instancia, las empresas de telefon\u00eda, internet y cable aplicar\u00e1n en&nbsp;<strong>mayo&nbsp;<\/strong>subas que rondan entre el 3,5% y el 4,5%, en continuidad con los ajustes mensuales que se registraron tras la desregulaci\u00f3n del sector.<\/p>\n\n\n\n<figure class=\"wp-block-image aligncenter size-full\"><img loading=\"lazy\" decoding=\"async\" width=\"1068\" height=\"601\" src=\"https:\/\/infoecos.com.ar\/wp-content\/uploads\/2026\/05\/image-20.png\" alt=\"\" class=\"wp-image-157750\" srcset=\"https:\/\/infoecos.com.ar\/wp-content\/uploads\/2026\/05\/image-20.png 1068w, https:\/\/infoecos.com.ar\/wp-content\/uploads\/2026\/05\/image-20-800x450.png 800w, https:\/\/infoecos.com.ar\/wp-content\/uploads\/2026\/05\/image-20-768x432.png 768w, https:\/\/infoecos.com.ar\/wp-content\/uploads\/2026\/05\/image-20-1024x576.png 1024w\" sizes=\"(max-width: 1068px) 100vw, 1068px\" \/><\/figure>\n","protected":false},"excerpt":{"rendered":"<p>Fuente: diputadosbsas.com.ar Al igual que los cuatro meses anteriores del 2026, el inicio de&nbsp;mayo&nbsp;llega con&#8230;<\/p>\n","protected":false},"author":2,"featured_media":157750,"comment_status":"closed","ping_status":"open","sticky":false,"template":"","format":"standard","meta":{"footnotes":""},"categories":[1],"tags":[10304],"class_list":["post-157749","post","type-post","status-publish","format-standard","has-post-thumbnail","hentry","category-sin-categoria","tag-actualidad"],"yoast_head":"<!-- This site is optimized with the Yoast SEO plugin v23.4 - https:\/\/yoast.com\/wordpress\/plugins\/seo\/ -->\n<title>- Infoecos<\/title>\n<meta name=\"robots\" content=\"index, follow, max-snippet:-1, max-image-preview:large, max-video-preview:-1\" \/>\n<link rel=\"canonical\" href=\"https:\/\/infoecos.com.ar\/index.php\/157749\/\" \/>\n<meta property=\"og:locale\" content=\"es_ES\" \/>\n<meta property=\"og:type\" content=\"article\" \/>\n<meta property=\"og:title\" content=\"- Infoecos\" \/>\n<meta property=\"og:description\" content=\"Fuente: diputadosbsas.com.ar Al igual que los cuatro meses anteriores del 2026, el inicio de&nbsp;mayo&nbsp;llega con...\" \/>\n<meta property=\"og:url\" content=\"https:\/\/infoecos.com.ar\/index.php\/157749\/\" \/>\n<meta property=\"og:site_name\" content=\"Infoecos\" \/>\n<meta property=\"article:publisher\" content=\"https:\/\/www.facebook.com\/profile.php?id=100063200290284\" \/>\n<meta property=\"article:published_time\" content=\"2026-05-02T06:01:33+00:00\" \/>\n<meta property=\"article:modified_time\" content=\"2026-05-02T06:01:34+00:00\" \/>\n<meta property=\"og:image\" content=\"https:\/\/infoecos.com.ar\/wp-content\/uploads\/2026\/05\/image-20.png\" \/>\n\t<meta property=\"og:image:width\" content=\"1068\" \/>\n\t<meta property=\"og:image:height\" content=\"601\" \/>\n\t<meta property=\"og:image:type\" content=\"image\/png\" \/>\n<meta name=\"author\" content=\"Jorge Matheus\" \/>\n<meta name=\"twitter:card\" content=\"summary_large_image\" \/>\n<meta name=\"twitter:creator\" content=\"@infoecos\" \/>\n<meta name=\"twitter:site\" content=\"@infoecos\" \/>\n<meta name=\"twitter:label1\" content=\"Escrito por\" \/>\n\t<meta name=\"twitter:data1\" content=\"Jorge Matheus\" \/>\n\t<meta name=\"twitter:label2\" content=\"Tiempo de lectura\" \/>\n\t<meta name=\"twitter:data2\" content=\"4 minutos\" \/>\n<script type=\"application\/ld+json\" class=\"yoast-schema-graph\">{\"@context\":\"https:\/\/schema.org\",\"@graph\":[{\"@type\":\"Article\",\"@id\":\"https:\/\/infoecos.com.ar\/index.php\/157749\/#article\",\"isPartOf\":{\"@id\":\"https:\/\/infoecos.com.ar\/index.php\/157749\/\"},\"author\":{\"name\":\"Jorge Matheus\",\"@id\":\"https:\/\/infoecos.com.ar\/#\/schema\/person\/8f5ace5ce73b4b4aac4b7245aee6f191\"},\"headline\":\"Sin t\u00edtulo\",\"datePublished\":\"2026-05-02T06:01:33+00:00\",\"dateModified\":\"2026-05-02T06:01:34+00:00\",\"mainEntityOfPage\":{\"@id\":\"https:\/\/infoecos.com.ar\/index.php\/157749\/\"},\"wordCount\":719,\"publisher\":{\"@id\":\"https:\/\/infoecos.com.ar\/#organization\"},\"image\":{\"@id\":\"https:\/\/infoecos.com.ar\/index.php\/157749\/#primaryimage\"},\"thumbnailUrl\":\"https:\/\/infoecos.com.ar\/wp-content\/uploads\/2026\/05\/image-20.png\",\"keywords\":[\"Actualidad\"],\"inLanguage\":\"es\"},{\"@type\":\"WebPage\",\"@id\":\"https:\/\/infoecos.com.ar\/index.php\/157749\/\",\"url\":\"https:\/\/infoecos.com.ar\/index.php\/157749\/\",\"name\":\"- Infoecos\",\"isPartOf\":{\"@id\":\"https:\/\/infoecos.com.ar\/#website\"},\"primaryImageOfPage\":{\"@id\":\"https:\/\/infoecos.com.ar\/index.php\/157749\/#primaryimage\"},\"image\":{\"@id\":\"https:\/\/infoecos.com.ar\/index.php\/157749\/#primaryimage\"},\"thumbnailUrl\":\"https:\/\/infoecos.com.ar\/wp-content\/uploads\/2026\/05\/image-20.png\",\"datePublished\":\"2026-05-02T06:01:33+00:00\",\"dateModified\":\"2026-05-02T06:01:34+00:00\",\"inLanguage\":\"es\",\"potentialAction\":[{\"@type\":\"ReadAction\",\"target\":[\"https:\/\/infoecos.com.ar\/index.php\/157749\/\"]}]},{\"@type\":\"ImageObject\",\"inLanguage\":\"es\",\"@id\":\"https:\/\/infoecos.com.ar\/index.php\/157749\/#primaryimage\",\"url\":\"https:\/\/infoecos.com.ar\/wp-content\/uploads\/2026\/05\/image-20.png\",\"contentUrl\":\"https:\/\/infoecos.com.ar\/wp-content\/uploads\/2026\/05\/image-20.png\",\"width\":1068,\"height\":601},{\"@type\":\"WebSite\",\"@id\":\"https:\/\/infoecos.com.ar\/#website\",\"url\":\"https:\/\/infoecos.com.ar\/\",\"name\":\"Infoecos\",\"description\":\"Noticias de trenque lauquen y la zona\",\"publisher\":{\"@id\":\"https:\/\/infoecos.com.ar\/#organization\"},\"alternateName\":\"Noticias\",\"potentialAction\":[{\"@type\":\"SearchAction\",\"target\":{\"@type\":\"EntryPoint\",\"urlTemplate\":\"https:\/\/infoecos.com.ar\/?s={search_term_string}\"},\"query-input\":{\"@type\":\"PropertyValueSpecification\",\"valueRequired\":true,\"valueName\":\"search_term_string\"}}],\"inLanguage\":\"es\"},{\"@type\":\"Organization\",\"@id\":\"https:\/\/infoecos.com.ar\/#organization\",\"name\":\"Infoecos\",\"alternateName\":\"Noticias\",\"url\":\"https:\/\/infoecos.com.ar\/\",\"logo\":{\"@type\":\"ImageObject\",\"inLanguage\":\"es\",\"@id\":\"https:\/\/infoecos.com.ar\/#\/schema\/logo\/image\/\",\"url\":\"https:\/\/infoecos.com.ar\/wp-content\/uploads\/2024\/03\/cropped-logo.png\",\"contentUrl\":\"https:\/\/infoecos.com.ar\/wp-content\/uploads\/2024\/03\/cropped-logo.png\",\"width\":374,\"height\":90,\"caption\":\"Infoecos\"},\"image\":{\"@id\":\"https:\/\/infoecos.com.ar\/#\/schema\/logo\/image\/\"},\"sameAs\":[\"https:\/\/www.facebook.com\/profile.php?id=100063200290284\",\"https:\/\/x.com\/infoecos\"]},{\"@type\":\"Person\",\"@id\":\"https:\/\/infoecos.com.ar\/#\/schema\/person\/8f5ace5ce73b4b4aac4b7245aee6f191\",\"name\":\"Jorge Matheus\",\"url\":\"https:\/\/infoecos.com.ar\/index.php\/author\/jomatheus\/\"}]}<\/script>\n<!-- \/ Yoast SEO plugin. -->","yoast_head_json":{"title":"- Infoecos","robots":{"index":"index","follow":"follow","max-snippet":"max-snippet:-1","max-image-preview":"max-image-preview:large","max-video-preview":"max-video-preview:-1"},"canonical":"https:\/\/infoecos.com.ar\/index.php\/157749\/","og_locale":"es_ES","og_type":"article","og_title":"- Infoecos","og_description":"Fuente: diputadosbsas.com.ar Al igual que los cuatro meses anteriores del 2026, el inicio de&nbsp;mayo&nbsp;llega con...","og_url":"https:\/\/infoecos.com.ar\/index.php\/157749\/","og_site_name":"Infoecos","article_publisher":"https:\/\/www.facebook.com\/profile.php?id=100063200290284","article_published_time":"2026-05-02T06:01:33+00:00","article_modified_time":"2026-05-02T06:01:34+00:00","og_image":[{"width":1068,"height":601,"url":"https:\/\/infoecos.com.ar\/wp-content\/uploads\/2026\/05\/image-20.png","type":"image\/png"}],"author":"Jorge Matheus","twitter_card":"summary_large_image","twitter_creator":"@infoecos","twitter_site":"@infoecos","twitter_misc":{"Escrito por":"Jorge Matheus","Tiempo de lectura":"4 minutos"},"schema":{"@context":"https:\/\/schema.org","@graph":[{"@type":"Article","@id":"https:\/\/infoecos.com.ar\/index.php\/157749\/#article","isPartOf":{"@id":"https:\/\/infoecos.com.ar\/index.php\/157749\/"},"author":{"name":"Jorge Matheus","@id":"https:\/\/infoecos.com.ar\/#\/schema\/person\/8f5ace5ce73b4b4aac4b7245aee6f191"},"headline":"Sin t\u00edtulo","datePublished":"2026-05-02T06:01:33+00:00","dateModified":"2026-05-02T06:01:34+00:00","mainEntityOfPage":{"@id":"https:\/\/infoecos.com.ar\/index.php\/157749\/"},"wordCount":719,"publisher":{"@id":"https:\/\/infoecos.com.ar\/#organization"},"image":{"@id":"https:\/\/infoecos.com.ar\/index.php\/157749\/#primaryimage"},"thumbnailUrl":"https:\/\/infoecos.com.ar\/wp-content\/uploads\/2026\/05\/image-20.png","keywords":["Actualidad"],"inLanguage":"es"},{"@type":"WebPage","@id":"https:\/\/infoecos.com.ar\/index.php\/157749\/","url":"https:\/\/infoecos.com.ar\/index.php\/157749\/","name":"- Infoecos","isPartOf":{"@id":"https:\/\/infoecos.com.ar\/#website"},"primaryImageOfPage":{"@id":"https:\/\/infoecos.com.ar\/index.php\/157749\/#primaryimage"},"image":{"@id":"https:\/\/infoecos.com.ar\/index.php\/157749\/#primaryimage"},"thumbnailUrl":"https:\/\/infoecos.com.ar\/wp-content\/uploads\/2026\/05\/image-20.png","datePublished":"2026-05-02T06:01:33+00:00","dateModified":"2026-05-02T06:01:34+00:00","inLanguage":"es","potentialAction":[{"@type":"ReadAction","target":["https:\/\/infoecos.com.ar\/index.php\/157749\/"]}]},{"@type":"ImageObject","inLanguage":"es","@id":"https:\/\/infoecos.com.ar\/index.php\/157749\/#primaryimage","url":"https:\/\/infoecos.com.ar\/wp-content\/uploads\/2026\/05\/image-20.png","contentUrl":"https:\/\/infoecos.com.ar\/wp-content\/uploads\/2026\/05\/image-20.png","width":1068,"height":601},{"@type":"WebSite","@id":"https:\/\/infoecos.com.ar\/#website","url":"https:\/\/infoecos.com.ar\/","name":"Infoecos","description":"Noticias de trenque lauquen y la zona","publisher":{"@id":"https:\/\/infoecos.com.ar\/#organization"},"alternateName":"Noticias","potentialAction":[{"@type":"SearchAction","target":{"@type":"EntryPoint","urlTemplate":"https:\/\/infoecos.com.ar\/?s={search_term_string}"},"query-input":{"@type":"PropertyValueSpecification","valueRequired":true,"valueName":"search_term_string"}}],"inLanguage":"es"},{"@type":"Organization","@id":"https:\/\/infoecos.com.ar\/#organization","name":"Infoecos","alternateName":"Noticias","url":"https:\/\/infoecos.com.ar\/","logo":{"@type":"ImageObject","inLanguage":"es","@id":"https:\/\/infoecos.com.ar\/#\/schema\/logo\/image\/","url":"https:\/\/infoecos.com.ar\/wp-content\/uploads\/2024\/03\/cropped-logo.png","contentUrl":"https:\/\/infoecos.com.ar\/wp-content\/uploads\/2024\/03\/cropped-logo.png","width":374,"height":90,"caption":"Infoecos"},"image":{"@id":"https:\/\/infoecos.com.ar\/#\/schema\/logo\/image\/"},"sameAs":["https:\/\/www.facebook.com\/profile.php?id=100063200290284","https:\/\/x.com\/infoecos"]},{"@type":"Person","@id":"https:\/\/infoecos.com.ar\/#\/schema\/person\/8f5ace5ce73b4b4aac4b7245aee6f191","name":"Jorge Matheus","url":"https:\/\/infoecos.com.ar\/index.php\/author\/jomatheus\/"}]}},"featured_image_urls":{"full":["https:\/\/infoecos.com.ar\/wp-content\/uploads\/2026\/05\/image-20.png",1068,601,false],"thumbnail":["https:\/\/infoecos.com.ar\/wp-content\/uploads\/2026\/05\/image-20-300x150.png",300,150,true],"medium":["https:\/\/infoecos.com.ar\/wp-content\/uploads\/2026\/05\/image-20-800x450.png",800,450,true],"medium_large":["https:\/\/infoecos.com.ar\/wp-content\/uploads\/2026\/05\/image-20-768x432.png",640,360,true],"large":["https:\/\/infoecos.com.ar\/wp-content\/uploads\/2026\/05\/image-20.png",640,360,false],"1536x1536":["https:\/\/infoecos.com.ar\/wp-content\/uploads\/2026\/05\/image-20.png",1068,601,false],"2048x2048":["https:\/\/infoecos.com.ar\/wp-content\/uploads\/2026\/05\/image-20.png",1068,601,false],"covernews-slider-full":["https:\/\/infoecos.com.ar\/wp-content\/uploads\/2026\/05\/image-20.png",1068,601,false],"covernews-slider-center":["https:\/\/infoecos.com.ar\/wp-content\/uploads\/2026\/05\/image-20-800x500.png",800,500,true],"covernews-featured":["https:\/\/infoecos.com.ar\/wp-content\/uploads\/2026\/05\/image-20-1024x576.png",1024,576,true],"covernews-medium":["https:\/\/infoecos.com.ar\/wp-content\/uploads\/2026\/05\/image-20-540x340.png",540,340,true],"covernews-medium-square":["https:\/\/infoecos.com.ar\/wp-content\/uploads\/2026\/05\/image-20-400x250.png",400,250,true]},"author_info":{"info":["Jorge Matheus"]},"category_info":"<a href=\"https:\/\/infoecos.com.ar\/index.php\/category\/sin-categoria\/\" rel=\"category tag\">Sin categor\u00eda<\/a>","tag_info":"Sin categor\u00eda","comment_count":"0","_links":{"self":[{"href":"https:\/\/infoecos.com.ar\/index.php\/wp-json\/wp\/v2\/posts\/157749"}],"collection":[{"href":"https:\/\/infoecos.com.ar\/index.php\/wp-json\/wp\/v2\/posts"}],"about":[{"href":"https:\/\/infoecos.com.ar\/index.php\/wp-json\/wp\/v2\/types\/post"}],"author":[{"embeddable":true,"href":"https:\/\/infoecos.com.ar\/index.php\/wp-json\/wp\/v2\/users\/2"}],"replies":[{"embeddable":true,"href":"https:\/\/infoecos.com.ar\/index.php\/wp-json\/wp\/v2\/comments?post=157749"}],"version-history":[{"count":1,"href":"https:\/\/infoecos.com.ar\/index.php\/wp-json\/wp\/v2\/posts\/157749\/revisions"}],"predecessor-version":[{"id":157751,"href":"https:\/\/infoecos.com.ar\/index.php\/wp-json\/wp\/v2\/posts\/157749\/revisions\/157751"}],"wp:featuredmedia":[{"embeddable":true,"href":"https:\/\/infoecos.com.ar\/index.php\/wp-json\/wp\/v2\/media\/157750"}],"wp:attachment":[{"href":"https:\/\/infoecos.com.ar\/index.php\/wp-json\/wp\/v2\/media?parent=157749"}],"wp:term":[{"taxonomy":"category","embeddable":true,"href":"https:\/\/infoecos.com.ar\/index.php\/wp-json\/wp\/v2\/categories?post=157749"},{"taxonomy":"post_tag","embeddable":true,"href":"https:\/\/infoecos.com.ar\/index.php\/wp-json\/wp\/v2\/tags?post=157749"}],"curies":[{"name":"wp","href":"https:\/\/api.w.org\/{rel}","templated":true}]}}