{"id":163008,"date":"2026-08-30T21:45:12","date_gmt":"2026-08-31T00:45:12","guid":{"rendered":"https:\/\/infoecos.com.ar\/?p=163008"},"modified":"2026-08-30T21:45:13","modified_gmt":"2026-08-31T00:45:13","slug":"relevante-el-intendente-de-trenque-lauquen-anuncio-la-construccion-de-un-polideportivo-de-1-200-metros-cuadrados-en-30-de-agosto","status":"publish","type":"post","link":"https:\/\/infoecos.com.ar\/index.php\/relevante-el-intendente-de-trenque-lauquen-anuncio-la-construccion-de-un-polideportivo-de-1-200-metros-cuadrados-en-30-de-agosto\/","title":{"rendered":"#Relevante: El intendente de Trenque Lauquen anunci\u00f3 la construcci\u00f3n de un Polideportivo de 1.200 metros cuadrados en 30 de Agosto"},"content":{"rendered":"\n<p class=\"wp-block-paragraph\">El intendente  muicipal de Trenque Lauquen,  Francisco Recoulat en los actos por el 116 aniversario de 30 de Agosto anunci\u00f3 la construcci\u00f3n de un Polideportivo Municipal para 30 de Agosto.<\/p>\n\n\n\n<p class=\"wp-block-paragraph\">El nuevo edificio estar\u00e1 ubicado en el actual predio ferroviario en la intersecci\u00f3n de las calles Lavalle e Independencia y abarcar\u00e1 una superficie total de 1.200 m\u00b2. Contar\u00e1 con un gimnasio cubierto con doble ingreso, adem\u00e1s de un sector anexo de ba\u00f1os y vestuarios integrados con equipamiento adaptado para personas con movilidad reducida.<\/p>\n\n\n\n<figure class=\"wp-block-gallery has-nested-images columns-default is-cropped wp-block-gallery-1 is-layout-flex wp-block-gallery-is-layout-flex\">\n<figure class=\"wp-block-image size-large\"><img loading=\"lazy\" decoding=\"async\" width=\"1600\" height=\"1067\" data-id=\"163010\" src=\"https:\/\/infoecos.com.ar\/wp-content\/uploads\/2026\/08\/30de81-1600x1067.jpg\" alt=\"\" class=\"wp-image-163010\" srcset=\"https:\/\/infoecos.com.ar\/wp-content\/uploads\/2026\/08\/30de81-1600x1067.jpg 1600w, https:\/\/infoecos.com.ar\/wp-content\/uploads\/2026\/08\/30de81-800x534.jpg 800w, https:\/\/infoecos.com.ar\/wp-content\/uploads\/2026\/08\/30de81-768x512.jpg 768w, https:\/\/infoecos.com.ar\/wp-content\/uploads\/2026\/08\/30de81-1536x1025.jpg 1536w, https:\/\/infoecos.com.ar\/wp-content\/uploads\/2026\/08\/30de81-1024x683.jpg 1024w, https:\/\/infoecos.com.ar\/wp-content\/uploads\/2026\/08\/30de81.jpg 2048w\" sizes=\"auto, (max-width: 1600px) 100vw, 1600px\" \/><\/figure>\n\n\n\n<figure class=\"wp-block-image size-large\"><img loading=\"lazy\" decoding=\"async\" width=\"1600\" height=\"1066\" data-id=\"163009\" src=\"https:\/\/infoecos.com.ar\/wp-content\/uploads\/2026\/08\/30de83-1600x1066.jpg\" alt=\"\" class=\"wp-image-163009\" srcset=\"https:\/\/infoecos.com.ar\/wp-content\/uploads\/2026\/08\/30de83-1600x1066.jpg 1600w, https:\/\/infoecos.com.ar\/wp-content\/uploads\/2026\/08\/30de83-800x533.jpg 800w, https:\/\/infoecos.com.ar\/wp-content\/uploads\/2026\/08\/30de83-767x511.jpg 767w, https:\/\/infoecos.com.ar\/wp-content\/uploads\/2026\/08\/30de83-1536x1023.jpg 1536w, https:\/\/infoecos.com.ar\/wp-content\/uploads\/2026\/08\/30de83-1024x682.jpg 1024w, https:\/\/infoecos.com.ar\/wp-content\/uploads\/2026\/08\/30de83.jpg 2048w\" sizes=\"auto, (max-width: 1600px) 100vw, 1600px\" \/><\/figure>\n<\/figure>\n\n\n\n<p class=\"wp-block-paragraph\"><em>\u201cEn los pr\u00f3ximos d\u00edas vamos a iniciar el proceso de licitaci\u00f3n para comenzar la construcci\u00f3n del nuevo Polideportivo Municipal de 30 de Agosto. Es un proyecto que hace un tiempo ven\u00edamos planificando y so\u00f1ando y que ahora vamos a llevar adelante con fondos municipales, en distintas etapas\u201d<\/em>, anunci\u00f3.<\/p>\n\n\n\n<p class=\"wp-block-paragraph\">El Intendente explic\u00f3 que la iniciativa surgi\u00f3 a partir del trabajo realizado en torno al desarrollo del sector de las v\u00edas y la necesidad de dotar a ese espacio de nuevas infraestructuras. En este sentido, destac\u00f3 la importancia de fortalecer el deporte y la educaci\u00f3n, promover h\u00e1bitos saludables y trabajar en materia de prevenci\u00f3n y salud.<\/p>\n\n\n\n\n\n<p class=\"wp-block-paragraph\"><em>\u201cVe\u00edamos que hab\u00eda una gran demanda y que 30 de Agosto necesitaba fortalecer el deporte y la educaci\u00f3n, mejorar la salud y trabajar en prevenci\u00f3n. Por eso comenzamos a pensar en este proyecto, que en un momento parec\u00eda bastante ut\u00f3pico, pero que con el correr de los meses fue tomando forma y nos fuimos entusiasmando cada vez m\u00e1s\u201d<\/em>, se\u00f1al\u00f3.<\/p>\n\n\n\n<p class=\"wp-block-paragraph\">Adelant\u00f3 que el objetivo es iniciar la obra durante este a\u00f1o y avanzar para poder finalizarla el pr\u00f3ximo, y destac\u00f3 el aporte realizado por profesionales independientes colaboradores que participaron en el desarrollo del proyecto, entre ellos el ingeniero Pablo Pietroballi y el atleta ol\u00edmpico Germ\u00e1n Lauro.<\/p>\n\n\n\n<p class=\"wp-block-paragraph\"><em>\u201cVimos que 30 de Agosto viene trabajando much\u00edsimo con sus instituciones en materia deportiva, pero tambi\u00e9n observamos que Trenque Lauquen tiene un Polideportivo Municipal y que Beruti cuenta con uno. Entonces pensamos que 30 de Agosto tambi\u00e9n pod\u00eda tenerlo\u201d<\/em>, explic\u00f3.<\/p>\n\n\n\n<p class=\"wp-block-paragraph\">Remarc\u00f3 que se trata de una obra de gran magnitud que permitir\u00e1 generar un nuevo complejo deportivo para la localidad, con espacios destinados a personas de todas las edades y la posibilidad de incorporar nuevas disciplinas.<\/p>\n\n\n\n<p class=\"wp-block-paragraph\"><em>\u201cLo que buscamos es dotar a 30 de Agosto de un complejo deportivo, con un proyecto superador a lo que tenemos actualmente, que permita incentivar la pr\u00e1ctica deportiva, incorporar nuevas disciplinas y generar un espacio para toda la comunidad\u201d<\/em>, sostuvo.<\/p>\n\n\n\n<p class=\"wp-block-paragraph\">El Intendente destac\u00f3 que la infraestructura permitir\u00e1 proyectar a la localidad como sede de competencias deportivas de alcance regional, provincial y nacional, con el impacto que esto puede generar tambi\u00e9n en el movimiento comercial y tur\u00edstico.<\/p>\n\n\n\n<figure class=\"wp-block-image aligncenter size-full\"><img loading=\"lazy\" decoding=\"async\" width=\"590\" height=\"393\" src=\"https:\/\/infoecos.com.ar\/wp-content\/uploads\/2026\/08\/image-172.png\" alt=\"\" class=\"wp-image-163011\"\/><\/figure>\n\n\n\n<p class=\"wp-block-paragraph\"><em>\u201cQueremos poder hacer ac\u00e1 competencias provinciales y nacionales. Esto nos va a permitir posicionar a 30 de Agosto a nivel regional y tambi\u00e9n fortalecer a Trenque Lauquen como un centro deportivo. Es una nueva obra para que la ciudad pueda tener una de las tantas cosas que merece\u201d<\/em>, afirm\u00f3.<\/p>\n\n\n\n<p class=\"wp-block-paragraph\">Finalmente se\u00f1al\u00f3 que <em>\u201cestamos trabajando y vamos a seguir trabajando por todo lo que necesita nuestra comunidad. Ese es el rumbo y el compromiso, y no lo vamos a hacer solos: lo vamos a hacer con todos los espacios pol\u00edticos, sent\u00e1ndonos con el Gobernador y con el Presidente cuando sea necesario. El rumbo es claro: mejorar d\u00eda a d\u00eda 30 de Agosto. Ese es nuestro compromiso\u201d<\/em>.<\/p>\n\n\n\n<p class=\"wp-block-paragraph\"><\/p>\n","protected":false},"excerpt":{"rendered":"<p>El intendente muicipal de Trenque Lauquen, Francisco Recoulat en los actos por el 116 aniversario&#8230;<\/p>\n","protected":false},"author":2,"featured_media":163010,"comment_status":"closed","ping_status":"open","sticky":false,"template":"","format":"standard","meta":{"footnotes":""},"categories":[1612],"tags":[10298,1750,155],"class_list":["post-163008","post","type-post","status-publish","format-standard","has-post-thumbnail","hentry","category-noticia-principal","tag-bloque-inferior","tag-deporte","tag-politica"],"featured_image_urls":{"full":["https:\/\/infoecos.com.ar\/wp-content\/uploads\/2026\/08\/30de81.jpg",2048,1366,false],"thumbnail":["https:\/\/infoecos.com.ar\/wp-content\/uploads\/2026\/08\/30de81-300x150.jpg",300,150,true],"medium":["https:\/\/infoecos.com.ar\/wp-content\/uploads\/2026\/08\/30de81-800x534.jpg",800,534,true],"medium_large":["https:\/\/infoecos.com.ar\/wp-content\/uploads\/2026\/08\/30de81-768x512.jpg",640,427,true],"large":["https:\/\/infoecos.com.ar\/wp-content\/uploads\/2026\/08\/30de81-1600x1067.jpg",640,427,true],"1536x1536":["https:\/\/infoecos.com.ar\/wp-content\/uploads\/2026\/08\/30de81-1536x1025.jpg",1536,1025,true],"2048x2048":["https:\/\/infoecos.com.ar\/wp-content\/uploads\/2026\/08\/30de81.jpg",2048,1366,false],"covernews-slider-full":["https:\/\/infoecos.com.ar\/wp-content\/uploads\/2026\/08\/30de81-1115x715.jpg",1115,715,true],"covernews-slider-center":["https:\/\/infoecos.com.ar\/wp-content\/uploads\/2026\/08\/30de81-800x500.jpg",800,500,true],"covernews-featured":["https:\/\/infoecos.com.ar\/wp-content\/uploads\/2026\/08\/30de81-1024x683.jpg",1024,683,true],"covernews-medium":["https:\/\/infoecos.com.ar\/wp-content\/uploads\/2026\/08\/30de81-540x340.jpg",540,340,true],"covernews-medium-square":["https:\/\/infoecos.com.ar\/wp-content\/uploads\/2026\/08\/30de81-400x250.jpg",400,250,true]},"author_info":{"info":["Jorge Matheus"]},"category_info":"<a href=\"https:\/\/infoecos.com.ar\/index.php\/category\/noticia-principal\/\" rel=\"category tag\">Noticia Principal<\/a>","tag_info":"Noticia Principal","comment_count":"0","_links":{"self":[{"href":"https:\/\/infoecos.com.ar\/index.php\/wp-json\/wp\/v2\/posts\/163008","targetHints":{"allow":["GET"]}}],"collection":[{"href":"https:\/\/infoecos.com.ar\/index.php\/wp-json\/wp\/v2\/posts"}],"about":[{"href":"https:\/\/infoecos.com.ar\/index.php\/wp-json\/wp\/v2\/types\/post"}],"author":[{"embeddable":true,"href":"https:\/\/infoecos.com.ar\/index.php\/wp-json\/wp\/v2\/users\/2"}],"replies":[{"embeddable":true,"href":"https:\/\/infoecos.com.ar\/index.php\/wp-json\/wp\/v2\/comments?post=163008"}],"version-history":[{"count":1,"href":"https:\/\/infoecos.com.ar\/index.php\/wp-json\/wp\/v2\/posts\/163008\/revisions"}],"predecessor-version":[{"id":163012,"href":"https:\/\/infoecos.com.ar\/index.php\/wp-json\/wp\/v2\/posts\/163008\/revisions\/163012"}],"wp:featuredmedia":[{"embeddable":true,"href":"https:\/\/infoecos.com.ar\/index.php\/wp-json\/wp\/v2\/media\/163010"}],"wp:attachment":[{"href":"https:\/\/infoecos.com.ar\/index.php\/wp-json\/wp\/v2\/media?parent=163008"}],"wp:term":[{"taxonomy":"category","embeddable":true,"href":"https:\/\/infoecos.com.ar\/index.php\/wp-json\/wp\/v2\/categories?post=163008"},{"taxonomy":"post_tag","embeddable":true,"href":"https:\/\/infoecos.com.ar\/index.php\/wp-json\/wp\/v2\/tags?post=163008"}],"curies":[{"name":"wp","href":"https:\/\/api.w.org\/{rel}","templated":true}]}}