{"id":163015,"date":"2026-08-30T23:25:09","date_gmt":"2026-08-31T02:25:09","guid":{"rendered":"https:\/\/infoecos.com.ar\/?p=163015"},"modified":"2026-08-30T23:25:09","modified_gmt":"2026-08-31T02:25:09","slug":"desigual-la-competencia-de-comercios-de-origen-asiatico-que-moviliza-a-la-camara-de-comercio-de-daireaux","status":"publish","type":"post","link":"https:\/\/infoecos.com.ar\/index.php\/desigual-la-competencia-de-comercios-de-origen-asiatico-que-moviliza-a-la-camara-de-comercio-de-daireaux\/","title":{"rendered":"#Desigual: La competencia de comercios de origen asi\u00e1tico que moviliza a la C\u00e1mara de Comercio de Daireaux"},"content":{"rendered":"\n<p class=\"wp-block-paragraph\">La\u00a0C\u00e1mara de Comercio de Daireaux\u00a0manifest\u00f3 su preocupaci\u00f3n ante versiones que dan cuenta de un posible desembarco de\u00a0comercios de origen asi\u00e1tico\u00a0vinculados a la comercializaci\u00f3n de productos del\u00a0rubro\u00a0bazar\u00a0en la ciudad.<\/p>\n\n\n\n<p class=\"wp-block-paragraph\">La entidad formaliz\u00f3 su planteo mediante una nota dirigida a la intendenta\u00a0Mar\u00eda Serra, fechada el 24 de agosto, en la que solicit\u00f3 que el municipio eval\u00fae la situaci\u00f3n y las herramientas que est\u00e9n a su alcance.<\/p>\n\n\n\n<figure class=\"wp-block-image size-full\"><img loading=\"lazy\" decoding=\"async\" width=\"992\" height=\"744\" src=\"https:\/\/infoecos.com.ar\/wp-content\/uploads\/2026\/08\/image-174.png\" alt=\"\" class=\"wp-image-163017\" srcset=\"https:\/\/infoecos.com.ar\/wp-content\/uploads\/2026\/08\/image-174.png 992w, https:\/\/infoecos.com.ar\/wp-content\/uploads\/2026\/08\/image-174-800x600.png 800w, https:\/\/infoecos.com.ar\/wp-content\/uploads\/2026\/08\/image-174-768x576.png 768w\" sizes=\"auto, (max-width: 992px) 100vw, 992px\" \/><\/figure>\n\n\n\n<p class=\"wp-block-paragraph\">Seg\u00fan expresaron los comerciantes, la eventual llegada de estos establecimientos podr\u00eda generar una\u00a0\u201ccompetencia desigual<strong>\u201d<\/strong>\u00a0y colocar al comercio local en una situaci\u00f3n de \u201cinferioridad de condiciones competitivas\u201d.<\/p>\n\n\n\n<p class=\"wp-block-paragraph\">En ese sentido, desde la C\u00e1mara se\u00f1alaron que recurren nuevamente a las autoridades municipales y a los distintos estamentos para solicitar que, ante las situaciones que pudieran presentarse, se analicen las\u00a0autorizaciones y permisos\u00a0correspondientes con el objetivo de establecer \u201cun marco de igualdad de competencia\u201d.<\/p>\n\n\n\n<p class=\"wp-block-paragraph\">La entidad sostuvo adem\u00e1s que busca preservar las condiciones necesarias para que el comercio local pueda continuar aportando al\u00a0crecimiento y desarrollo de la comunidad de Daireaux.<\/p>\n\n\n\n<p class=\"wp-block-paragraph\">La preocupaci\u00f3n, seg\u00fan consta en la nota, tambi\u00e9n fue planteada ante entidades intermedias como la\u00a0Federaci\u00f3n Econ\u00f3mica de la Provincia de Buenos Aires (FEBA)\u00a0y otras instituciones similares, que habr\u00edan manifestado inquietudes frente a este tipo de situaciones.<\/p>\n\n\n\n<p class=\"wp-block-paragraph\"><strong>Fuente: presentenoticias.com<\/strong> de Bol\u00edvar<\/p>\n\n\n\n<figure class=\"wp-block-image aligncenter size-full\"><img loading=\"lazy\" decoding=\"async\" width=\"503\" height=\"480\" src=\"https:\/\/infoecos.com.ar\/wp-content\/uploads\/2026\/08\/image-173.png\" alt=\"\" class=\"wp-image-163016\"\/><\/figure>\n","protected":false},"excerpt":{"rendered":"<p>La\u00a0C\u00e1mara de Comercio de Daireaux\u00a0manifest\u00f3 su preocupaci\u00f3n ante versiones que dan cuenta de un posible&#8230;<\/p>\n","protected":false},"author":2,"featured_media":163016,"comment_status":"closed","ping_status":"open","sticky":false,"template":"","format":"standard","meta":{"footnotes":""},"categories":[1613],"tags":[10298,156,6831],"class_list":["post-163015","post","type-post","status-publish","format-standard","has-post-thumbnail","hentry","category-noticia-secundaria","tag-bloque-inferior","tag-salud","tag-servicios-comunitarios"],"featured_image_urls":{"full":["https:\/\/infoecos.com.ar\/wp-content\/uploads\/2026\/08\/image-173.png",503,480,false],"thumbnail":["https:\/\/infoecos.com.ar\/wp-content\/uploads\/2026\/08\/image-173-300x150.png",300,150,true],"medium":["https:\/\/infoecos.com.ar\/wp-content\/uploads\/2026\/08\/image-173.png",503,480,false],"medium_large":["https:\/\/infoecos.com.ar\/wp-content\/uploads\/2026\/08\/image-173.png",503,480,false],"large":["https:\/\/infoecos.com.ar\/wp-content\/uploads\/2026\/08\/image-173.png",503,480,false],"1536x1536":["https:\/\/infoecos.com.ar\/wp-content\/uploads\/2026\/08\/image-173.png",503,480,false],"2048x2048":["https:\/\/infoecos.com.ar\/wp-content\/uploads\/2026\/08\/image-173.png",503,480,false],"covernews-slider-full":["https:\/\/infoecos.com.ar\/wp-content\/uploads\/2026\/08\/image-173.png",503,480,false],"covernews-slider-center":["https:\/\/infoecos.com.ar\/wp-content\/uploads\/2026\/08\/image-173.png",503,480,false],"covernews-featured":["https:\/\/infoecos.com.ar\/wp-content\/uploads\/2026\/08\/image-173.png",503,480,false],"covernews-medium":["https:\/\/infoecos.com.ar\/wp-content\/uploads\/2026\/08\/image-173-503x340.png",503,340,true],"covernews-medium-square":["https:\/\/infoecos.com.ar\/wp-content\/uploads\/2026\/08\/image-173-400x250.png",400,250,true]},"author_info":{"info":["Jorge Matheus"]},"category_info":"<a href=\"https:\/\/infoecos.com.ar\/index.php\/category\/noticia-secundaria\/\" rel=\"category tag\">Noticia Secundaria<\/a>","tag_info":"Noticia Secundaria","comment_count":"0","_links":{"self":[{"href":"https:\/\/infoecos.com.ar\/index.php\/wp-json\/wp\/v2\/posts\/163015","targetHints":{"allow":["GET"]}}],"collection":[{"href":"https:\/\/infoecos.com.ar\/index.php\/wp-json\/wp\/v2\/posts"}],"about":[{"href":"https:\/\/infoecos.com.ar\/index.php\/wp-json\/wp\/v2\/types\/post"}],"author":[{"embeddable":true,"href":"https:\/\/infoecos.com.ar\/index.php\/wp-json\/wp\/v2\/users\/2"}],"replies":[{"embeddable":true,"href":"https:\/\/infoecos.com.ar\/index.php\/wp-json\/wp\/v2\/comments?post=163015"}],"version-history":[{"count":1,"href":"https:\/\/infoecos.com.ar\/index.php\/wp-json\/wp\/v2\/posts\/163015\/revisions"}],"predecessor-version":[{"id":163018,"href":"https:\/\/infoecos.com.ar\/index.php\/wp-json\/wp\/v2\/posts\/163015\/revisions\/163018"}],"wp:featuredmedia":[{"embeddable":true,"href":"https:\/\/infoecos.com.ar\/index.php\/wp-json\/wp\/v2\/media\/163016"}],"wp:attachment":[{"href":"https:\/\/infoecos.com.ar\/index.php\/wp-json\/wp\/v2\/media?parent=163015"}],"wp:term":[{"taxonomy":"category","embeddable":true,"href":"https:\/\/infoecos.com.ar\/index.php\/wp-json\/wp\/v2\/categories?post=163015"},{"taxonomy":"post_tag","embeddable":true,"href":"https:\/\/infoecos.com.ar\/index.php\/wp-json\/wp\/v2\/tags?post=163015"}],"curies":[{"name":"wp","href":"https:\/\/api.w.org\/{rel}","templated":true}]}}