{"id":163025,"date":"2026-08-31T00:05:38","date_gmt":"2026-08-31T03:05:38","guid":{"rendered":"https:\/\/infoecos.com.ar\/?p=163025"},"modified":"2026-08-31T00:05:38","modified_gmt":"2026-08-31T03:05:38","slug":"efectos-de-la-detencion-de-un-concejal-de-bragado-por-presunta-comercializacion-de-drogas","status":"publish","type":"post","link":"https:\/\/infoecos.com.ar\/index.php\/efectos-de-la-detencion-de-un-concejal-de-bragado-por-presunta-comercializacion-de-drogas\/","title":{"rendered":"#Efectos: De la detenci\u00f3n de un concejal de Bragado por presunta comercializaci\u00f3n de drogas"},"content":{"rendered":"\n<p class=\"wp-block-paragraph\">La concejal de de Bragado de <strong>La Libertad Avanza<\/strong> Daniela Monz\u00f3n present\u00f3 un proyecto de decreto para establecer controles toxicol\u00f3gicos voluntarios para los integrantes del Concejo Deliberante de Bragado.<\/p>\n\n\n\n<p class=\"wp-block-paragraph\">La iniciativa propone que concejales y autoridades del cuerpo puedan realizarse an\u00e1lisis al asumir sus cargos y, posteriormente, antes de la primera sesi\u00f3n de cada mes. Los estudios deber\u00edan detectar distintas sustancias psicoactivas no prescriptas, entre ellas coca\u00edna, marihuana, opi\u00e1ceos, anfetaminas y drogas sint\u00e9ticas.<\/p>\n\n\n\n<p class=\"wp-block-paragraph\">El proyecto establece que los an\u00e1lisis sean realizados en el Hospital Municipal y que sus resultados permanezcan bajo estricta confidencialidad, en custodia de la Comisi\u00f3n de Asuntos Legales y Peticiones. El costo de cada examen estar\u00eda a cargo del funcionario que voluntariamente decida realizarlo.<\/p>\n\n\n\n<p class=\"wp-block-paragraph\">Monz\u00f3n fundamenta la propuesta en la necesidad de fortalecer la transparencia, la ejemplaridad y la confianza ciudadana en quienes ejercen funciones p\u00fablicas. El texto aclara que los controles no deben interpretarse como una presunci\u00f3n de consumo o conducta indebida, sino como una herramienta de prevenci\u00f3n y responsabilidad institucional.<\/p>\n\n\n\n<p class=\"wp-block-paragraph\">Adem\u00e1s, la iniciativa invita al intendente Sergio Barenghi a implementar mecanismos similares para los funcionarios pol\u00edticos designados del Departamento Ejecutivo.<\/p>\n\n\n\n<p class=\"wp-block-paragraph\">El proyecto se conoce pocos d\u00edas despu\u00e9s de que Germ\u00e1n D\u00edaz fuera detenido en el marco de una causa por presunta comercializaci\u00f3n de estupefacientes.<\/p>\n\n\n\n<p class=\"wp-block-paragraph\"><strong>Fuente: El Meg\u00e1fono Bragado<\/strong><\/p>\n\n\n\n<figure class=\"wp-block-image aligncenter size-full\"><img loading=\"lazy\" decoding=\"async\" width=\"241\" height=\"343\" src=\"https:\/\/infoecos.com.ar\/wp-content\/uploads\/2026\/08\/image-177.png\" alt=\"\" class=\"wp-image-163026\"\/><\/figure>\n","protected":false},"excerpt":{"rendered":"<p>La concejal de de Bragado de La Libertad Avanza Daniela Monz\u00f3n present\u00f3 un proyecto de&#8230;<\/p>\n","protected":false},"author":2,"featured_media":163026,"comment_status":"closed","ping_status":"open","sticky":false,"template":"","format":"standard","meta":{"footnotes":""},"categories":[1],"tags":[10298,1500,156],"class_list":["post-163025","post","type-post","status-publish","format-standard","has-post-thumbnail","hentry","category-sin-categoria","tag-bloque-inferior","tag-regional","tag-salud"],"featured_image_urls":{"full":["https:\/\/infoecos.com.ar\/wp-content\/uploads\/2026\/08\/image-177.png",241,343,false],"thumbnail":["https:\/\/infoecos.com.ar\/wp-content\/uploads\/2026\/08\/image-177-241x150.png",241,150,true],"medium":["https:\/\/infoecos.com.ar\/wp-content\/uploads\/2026\/08\/image-177.png",241,343,false],"medium_large":["https:\/\/infoecos.com.ar\/wp-content\/uploads\/2026\/08\/image-177.png",241,343,false],"large":["https:\/\/infoecos.com.ar\/wp-content\/uploads\/2026\/08\/image-177.png",241,343,false],"1536x1536":["https:\/\/infoecos.com.ar\/wp-content\/uploads\/2026\/08\/image-177.png",241,343,false],"2048x2048":["https:\/\/infoecos.com.ar\/wp-content\/uploads\/2026\/08\/image-177.png",241,343,false],"covernews-slider-full":["https:\/\/infoecos.com.ar\/wp-content\/uploads\/2026\/08\/image-177.png",241,343,false],"covernews-slider-center":["https:\/\/infoecos.com.ar\/wp-content\/uploads\/2026\/08\/image-177.png",241,343,false],"covernews-featured":["https:\/\/infoecos.com.ar\/wp-content\/uploads\/2026\/08\/image-177.png",241,343,false],"covernews-medium":["https:\/\/infoecos.com.ar\/wp-content\/uploads\/2026\/08\/image-177-241x340.png",241,340,true],"covernews-medium-square":["https:\/\/infoecos.com.ar\/wp-content\/uploads\/2026\/08\/image-177-241x250.png",241,250,true]},"author_info":{"info":["Jorge Matheus"]},"category_info":"<a href=\"https:\/\/infoecos.com.ar\/index.php\/category\/sin-categoria\/\" rel=\"category tag\">Sin categor\u00eda<\/a>","tag_info":"Sin categor\u00eda","comment_count":"0","_links":{"self":[{"href":"https:\/\/infoecos.com.ar\/index.php\/wp-json\/wp\/v2\/posts\/163025","targetHints":{"allow":["GET"]}}],"collection":[{"href":"https:\/\/infoecos.com.ar\/index.php\/wp-json\/wp\/v2\/posts"}],"about":[{"href":"https:\/\/infoecos.com.ar\/index.php\/wp-json\/wp\/v2\/types\/post"}],"author":[{"embeddable":true,"href":"https:\/\/infoecos.com.ar\/index.php\/wp-json\/wp\/v2\/users\/2"}],"replies":[{"embeddable":true,"href":"https:\/\/infoecos.com.ar\/index.php\/wp-json\/wp\/v2\/comments?post=163025"}],"version-history":[{"count":1,"href":"https:\/\/infoecos.com.ar\/index.php\/wp-json\/wp\/v2\/posts\/163025\/revisions"}],"predecessor-version":[{"id":163027,"href":"https:\/\/infoecos.com.ar\/index.php\/wp-json\/wp\/v2\/posts\/163025\/revisions\/163027"}],"wp:featuredmedia":[{"embeddable":true,"href":"https:\/\/infoecos.com.ar\/index.php\/wp-json\/wp\/v2\/media\/163026"}],"wp:attachment":[{"href":"https:\/\/infoecos.com.ar\/index.php\/wp-json\/wp\/v2\/media?parent=163025"}],"wp:term":[{"taxonomy":"category","embeddable":true,"href":"https:\/\/infoecos.com.ar\/index.php\/wp-json\/wp\/v2\/categories?post=163025"},{"taxonomy":"post_tag","embeddable":true,"href":"https:\/\/infoecos.com.ar\/index.php\/wp-json\/wp\/v2\/tags?post=163025"}],"curies":[{"name":"wp","href":"https:\/\/api.w.org\/{rel}","templated":true}]}}