{"id":163032,"date":"2026-08-31T00:31:27","date_gmt":"2026-08-31T03:31:27","guid":{"rendered":"https:\/\/infoecos.com.ar\/?p=163032"},"modified":"2026-08-31T00:31:31","modified_gmt":"2026-08-31T03:31:31","slug":"aura-la-fundacion-banco-provincia-y-un-programa-de-formacion-profesionalizacion-promocion-de-proyectos-musicales-y-audiovisuales","status":"publish","type":"post","link":"https:\/\/infoecos.com.ar\/index.php\/aura-la-fundacion-banco-provincia-y-un-programa-de-formacion-profesionalizacion-promocion-de-proyectos-musicales-y-audiovisuales\/","title":{"rendered":"#Aura: La\u00a0Fundaci\u00f3n Banco Provincia\u00a0y un programa de formaci\u00f3n, profesionalizaci\u00f3n, promoci\u00f3n de proyectos musicales y audiovisuales"},"content":{"rendered":"\n<figure class=\"wp-block-image size-large\"><img loading=\"lazy\" decoding=\"async\" width=\"1600\" height=\"1067\" src=\"https:\/\/infoecos.com.ar\/wp-content\/uploads\/2026\/08\/image-180-1600x1067.png\" alt=\"\" class=\"wp-image-163033\" srcset=\"https:\/\/infoecos.com.ar\/wp-content\/uploads\/2026\/08\/image-180-1600x1067.png 1600w, https:\/\/infoecos.com.ar\/wp-content\/uploads\/2026\/08\/image-180-800x533.png 800w, https:\/\/infoecos.com.ar\/wp-content\/uploads\/2026\/08\/image-180-768x512.png 768w, https:\/\/infoecos.com.ar\/wp-content\/uploads\/2026\/08\/image-180-1023x682.png 1023w, https:\/\/infoecos.com.ar\/wp-content\/uploads\/2026\/08\/image-180-1536x1024.png 1536w, https:\/\/infoecos.com.ar\/wp-content\/uploads\/2026\/08\/image-180.png 1920w\" sizes=\"auto, (max-width: 1600px) 100vw, 1600px\" \/><\/figure>\n\n\n\n<p class=\"wp-block-paragraph\">La&nbsp;<strong>Fundaci\u00f3n Banco Provincia&nbsp;<\/strong>presenta AURA, un programa de formaci\u00f3n, profesionalizaci\u00f3n y promoci\u00f3n de proyectos musicales y audiovisuales para impulsar la pr\u00f3xima generaci\u00f3n de la m\u00fasica bonaerense.<\/p>\n\n\n\n<p class=\"wp-block-paragraph\">A trav\u00e9s de propuestas de formaci\u00f3n, producci\u00f3n, circulaci\u00f3n y encuentro,<strong>&nbsp;AURA&nbsp;<\/strong>busca acompa\u00f1ar a quienes forman parte del ecosistema musical en el desarrollo de sus proyectos, fortaleciendo carreras, ampliando redes de trabajo y generando nuevas oportunidades de visibilidad.<\/p>\n\n\n\n<p class=\"wp-block-paragraph\">La primera etapa de&nbsp;<strong>AURA<\/strong>&nbsp;ofrece cuatro&nbsp;<strong>cursos gratuitos, virtuales y asincr\u00f3nicos<\/strong>&nbsp;(de cuatro clases cada uno y con certificaci\u00f3n final) dictados por reconocidos referentes de la industria. La oferta formativa abarca Vivir de la m\u00fasica, enfocado en el desarrollo art\u00edstico y la creaci\u00f3n de audiencias; El rol del M\u00e1nager, centrado en la gesti\u00f3n y planificaci\u00f3n estrat\u00e9gica; El motor invisible, dedicado al trabajo t\u00e9cnico tras bambalinas como sonido e iluminaci\u00f3n; y Creadores audiovisuales, orientado al dise\u00f1o de contenidos y narrativas digitales.<\/p>\n\n\n\n<p class=\"wp-block-paragraph\"><strong>La propuesta (que cuenta con cursos, entrevistas, eventos y recitales) est\u00e1 dirigida a m\u00fasicos y m\u00fasicas, productores, m\u00e1nagers, t\u00e9cnicos, gestores culturales, estudiantes, comunicadores, realizadores audiovisuales y otras personas interesadas en desarrollarse profesionalmente en el sector<\/strong>. No es necesario contar con experiencia previa ni tener un proyecto en funcionamiento y, aunque el programa pone el foco en la m\u00fasica bonaerense, la inscripci\u00f3n a los cursos de formaci\u00f3n no tiene restricciones territoriales.<\/p>\n\n\n\n<p class=\"wp-block-paragraph\">Entre los referentes invitados se encuentran REI, N\u00e9stor Ramljak, cantante de Nonpalidece y Pedro Peligro, junto a figuras de la gesti\u00f3n, la producci\u00f3n t\u00e9cnica y audiovisual como Ana Poluyan, Cristian Merchot, Leo Beliz\u00e1n, Mariano Bilinkis, Juliana Grasso, Orco Videos, Ramses Prada, Nico Shigant, Phontana, Juan Cruz Larrosa, Pali Vega y Pato Wicz. A trav\u00e9s de clases y entrevistas, compartir\u00e1n experiencias y conocimientos sobre el desarrollo art\u00edstico, el management, la producci\u00f3n t\u00e9cnica y la construcci\u00f3n audiovisual de los proyectos musicales.<\/p>\n\n\n\n<p class=\"wp-block-paragraph\">Adem\u00e1s, al finalizar cada recorrido se realizar\u00e1 un Consultorio en Vivo con tutores de la industria musical, y la propuesta contar\u00e1 con una Masterclass presencial junto a artistas, productores, m\u00e1nagers y referentes del sector.<\/p>\n\n\n\n<p class=\"wp-block-paragraph\">\u00abLa cultura bonaerense es uno de los grandes motores de nuestra identidad y de nuestro desarrollo. Desde Banco Provincia y su Fundaci\u00f3n, en l\u00ednea con las pol\u00edticas impulsadas por el Gobierno de la Provincia de Buenos Aires, promovemos de manera permanente iniciativas que generan m\u00e1s oportunidades para que las y los j\u00f3venes puedan formarse, crecer y desarrollar sus proyectos\u00bb, se\u00f1al\u00f3&nbsp;<strong>Juan Cuattromo<\/strong>, presidente de Banco Provincia. Y agreg\u00f3: \u00abAURA es una muestra de ese compromiso: una propuesta que busca acercar herramientas y conocimientos para que el talento bonaerense encuentre caminos de expresi\u00f3n\u00bb.<\/p>\n\n\n\n<p class=\"wp-block-paragraph\">Por su parte, la presidenta de la Fundaci\u00f3n Banco Provincia,<strong>&nbsp;Micaela Ferraro<\/strong>, se\u00f1al\u00f3: \u201cEn la provincia hay un talento inmenso, pero las oportunidades y las herramientas no siempre est\u00e1n al alcance de la mano. Por eso nace AURA: un espacio pensado para darle el impulso que le falta a tu proyecto musical. En este programa, convocamos a referentes de la industria para brindarte los conocimientos pr\u00e1cticos que necesit\u00e1s y dar el puntapi\u00e9 inicial a tu carrera\u00bb.&nbsp;<\/p>\n\n\n\n<p class=\"wp-block-paragraph\"><strong>Inscripciones abiertas<\/strong><br>La inscripci\u00f3n a AURA 2026, que se realiza a trav\u00e9s de un formulario desde la cuenta de Instagram de la Fundaci\u00f3n (@fundacion.banco.provincia) se encuentra abierta y permanecer\u00e1 disponible hasta noviembre.<\/p>\n\n\n\n<figure class=\"wp-block-image size-large\"><img loading=\"lazy\" decoding=\"async\" width=\"1600\" height=\"1067\" src=\"https:\/\/infoecos.com.ar\/wp-content\/uploads\/2026\/08\/image-181-1600x1067.png\" alt=\"\" class=\"wp-image-163034\" srcset=\"https:\/\/infoecos.com.ar\/wp-content\/uploads\/2026\/08\/image-181-1600x1067.png 1600w, https:\/\/infoecos.com.ar\/wp-content\/uploads\/2026\/08\/image-181-800x533.png 800w, https:\/\/infoecos.com.ar\/wp-content\/uploads\/2026\/08\/image-181-768x512.png 768w, https:\/\/infoecos.com.ar\/wp-content\/uploads\/2026\/08\/image-181-1023x682.png 1023w, https:\/\/infoecos.com.ar\/wp-content\/uploads\/2026\/08\/image-181-1536x1024.png 1536w, https:\/\/infoecos.com.ar\/wp-content\/uploads\/2026\/08\/image-181.png 1920w\" sizes=\"auto, (max-width: 1600px) 100vw, 1600px\" \/><\/figure>\n","protected":false},"excerpt":{"rendered":"<p>La&nbsp;Fundaci\u00f3n Banco Provincia&nbsp;presenta AURA, un programa de formaci\u00f3n, profesionalizaci\u00f3n y promoci\u00f3n de proyectos musicales y&#8230;<\/p>\n","protected":false},"author":2,"featured_media":163033,"comment_status":"closed","ping_status":"open","sticky":false,"template":"","format":"standard","meta":{"footnotes":""},"categories":[1],"tags":[10298,10290],"class_list":["post-163032","post","type-post","status-publish","format-standard","has-post-thumbnail","hentry","category-sin-categoria","tag-bloque-inferior","tag-entretenimiento"],"featured_image_urls":{"full":["https:\/\/infoecos.com.ar\/wp-content\/uploads\/2026\/08\/image-180.png",1920,1280,false],"thumbnail":["https:\/\/infoecos.com.ar\/wp-content\/uploads\/2026\/08\/image-180-300x150.png",300,150,true],"medium":["https:\/\/infoecos.com.ar\/wp-content\/uploads\/2026\/08\/image-180-800x533.png",800,533,true],"medium_large":["https:\/\/infoecos.com.ar\/wp-content\/uploads\/2026\/08\/image-180-768x512.png",640,427,true],"large":["https:\/\/infoecos.com.ar\/wp-content\/uploads\/2026\/08\/image-180-1600x1067.png",640,427,true],"1536x1536":["https:\/\/infoecos.com.ar\/wp-content\/uploads\/2026\/08\/image-180-1536x1024.png",1536,1024,true],"2048x2048":["https:\/\/infoecos.com.ar\/wp-content\/uploads\/2026\/08\/image-180.png",1920,1280,false],"covernews-slider-full":["https:\/\/infoecos.com.ar\/wp-content\/uploads\/2026\/08\/image-180-1115x715.png",1115,715,true],"covernews-slider-center":["https:\/\/infoecos.com.ar\/wp-content\/uploads\/2026\/08\/image-180-800x500.png",800,500,true],"covernews-featured":["https:\/\/infoecos.com.ar\/wp-content\/uploads\/2026\/08\/image-180-1023x682.png",1023,682,true],"covernews-medium":["https:\/\/infoecos.com.ar\/wp-content\/uploads\/2026\/08\/image-180-540x340.png",540,340,true],"covernews-medium-square":["https:\/\/infoecos.com.ar\/wp-content\/uploads\/2026\/08\/image-180-400x250.png",400,250,true]},"author_info":{"info":["Jorge Matheus"]},"category_info":"<a href=\"https:\/\/infoecos.com.ar\/index.php\/category\/sin-categoria\/\" rel=\"category tag\">Sin categor\u00eda<\/a>","tag_info":"Sin categor\u00eda","comment_count":"0","_links":{"self":[{"href":"https:\/\/infoecos.com.ar\/index.php\/wp-json\/wp\/v2\/posts\/163032","targetHints":{"allow":["GET"]}}],"collection":[{"href":"https:\/\/infoecos.com.ar\/index.php\/wp-json\/wp\/v2\/posts"}],"about":[{"href":"https:\/\/infoecos.com.ar\/index.php\/wp-json\/wp\/v2\/types\/post"}],"author":[{"embeddable":true,"href":"https:\/\/infoecos.com.ar\/index.php\/wp-json\/wp\/v2\/users\/2"}],"replies":[{"embeddable":true,"href":"https:\/\/infoecos.com.ar\/index.php\/wp-json\/wp\/v2\/comments?post=163032"}],"version-history":[{"count":1,"href":"https:\/\/infoecos.com.ar\/index.php\/wp-json\/wp\/v2\/posts\/163032\/revisions"}],"predecessor-version":[{"id":163035,"href":"https:\/\/infoecos.com.ar\/index.php\/wp-json\/wp\/v2\/posts\/163032\/revisions\/163035"}],"wp:featuredmedia":[{"embeddable":true,"href":"https:\/\/infoecos.com.ar\/index.php\/wp-json\/wp\/v2\/media\/163033"}],"wp:attachment":[{"href":"https:\/\/infoecos.com.ar\/index.php\/wp-json\/wp\/v2\/media?parent=163032"}],"wp:term":[{"taxonomy":"category","embeddable":true,"href":"https:\/\/infoecos.com.ar\/index.php\/wp-json\/wp\/v2\/categories?post=163032"},{"taxonomy":"post_tag","embeddable":true,"href":"https:\/\/infoecos.com.ar\/index.php\/wp-json\/wp\/v2\/tags?post=163032"}],"curies":[{"name":"wp","href":"https:\/\/api.w.org\/{rel}","templated":true}]}}