{"id":163036,"date":"2026-08-31T13:36:41","date_gmt":"2026-08-31T16:36:41","guid":{"rendered":"https:\/\/infoecos.com.ar\/?p=163036"},"modified":"2026-08-31T13:36:46","modified_gmt":"2026-08-31T16:36:46","slug":"despedida-lionel-messi-anuncio-su-retiro-definitivo-de-la-seleccion-argentina","status":"publish","type":"post","link":"https:\/\/infoecos.com.ar\/index.php\/despedida-lionel-messi-anuncio-su-retiro-definitivo-de-la-seleccion-argentina\/","title":{"rendered":"#Despedida: Lionel Messi anunci\u00f3\u00a0su retiro definitivo de la Selecci\u00f3n Argentina"},"content":{"rendered":"\n<figure class=\"wp-block-image aligncenter size-full\"><img loading=\"lazy\" decoding=\"async\" width=\"570\" height=\"321\" src=\"https:\/\/infoecos.com.ar\/wp-content\/uploads\/2026\/08\/image-184.png\" alt=\"\" class=\"wp-image-163039\"\/><\/figure>\n\n\n\n<p class=\"wp-block-paragraph\">Lionel Messi anunci\u00f3<a href=\"https:\/\/www.ciudad.com.ar\/espectaculos\/2026\/08\/27\/la-inesperada-decision-de-tini-stoessel-que-la-acerca-a-lionel-messi-y-antonela-roccuzzo-el-dato-que-sorprende-a-todos\/\">\u00a0<\/a>su retiro definitivo de la Selecci\u00f3n Argentina.<\/p>\n\n\n\n<p class=\"wp-block-paragraph\">\u201cDespu\u00e9s de todo este tiempo desde la final, y tras mucha reflexi\u00f3n,&nbsp;<strong>quiero anunciarles a todos mi retiro de la Selecci\u00f3n<\/strong>&#8230;\u201d, escribi\u00f3.<\/p>\n\n\n\n<p class=\"wp-block-paragraph\">Entonces aclar\u00f3: \u201cFue una decisi\u00f3n que doli\u00f3 y duele en el alma pero entiendo que es el momento. Les juro que siempre dej\u00e9 todo, no solo los \u00faltimos a\u00f1os que se gan\u00f3 todo. Antes tambi\u00e9n\u201d.<\/p>\n\n\n\n<figure class=\"wp-block-image size-full\"><img loading=\"lazy\" decoding=\"async\" width=\"1440\" height=\"923\" src=\"https:\/\/infoecos.com.ar\/wp-content\/uploads\/2026\/08\/image-182.png\" alt=\"\" class=\"wp-image-163037\" srcset=\"https:\/\/infoecos.com.ar\/wp-content\/uploads\/2026\/08\/image-182.png 1440w, https:\/\/infoecos.com.ar\/wp-content\/uploads\/2026\/08\/image-182-768x492.png 768w, https:\/\/infoecos.com.ar\/wp-content\/uploads\/2026\/08\/image-182-800x513.png 800w, https:\/\/infoecos.com.ar\/wp-content\/uploads\/2026\/08\/image-182-1023x656.png 1023w, https:\/\/infoecos.com.ar\/wp-content\/uploads\/2026\/08\/image-182-1115x715.png 1115w\" sizes=\"auto, (max-width: 1440px) 100vw, 1440px\" \/><\/figure>\n\n\n\n<p class=\"wp-block-paragraph\">\u201cSiempre pele\u00e9 y me dej\u00e9 todo por esta camiseta, por darles alegr\u00edas y hacer que se sientan orgullosos de ser argentinos a trav\u00e9s del f\u00fatbol\u201d, sigui\u00f3.<\/p>\n\n\n\n<p class=\"wp-block-paragraph\">\u201cQueda poco y se van cerrando etapas y esta es una que me duele mucho. Amo, am\u00e9 y amar\u00e9 siempre estar en la Selecci\u00f3n. Me vaci\u00e9, ya no tengo m\u00e1s para dar y aparte vienen chicos muy grandes atr\u00e1s que merecen estar\u201d, enfatiz\u00f3.<\/p>\n\n\n\n<p class=\"wp-block-paragraph\">\u201cGracias por todo el cari\u00f1o de estos 20 a\u00f1os. Voy a extra\u00f1ar mucho escucharlos desde adentro. Ahora voy a ser uno m\u00e1s de ustedes, alentando y bancando siempre desde afuera (en las buenas y en las malas, mucho m\u00e1s)\u201d.<\/p>\n\n\n\n<p class=\"wp-block-paragraph\">\u201cGracias a mi familia por estar siempre, por acompa\u00f1arme en este viaje tan hermoso pero dif\u00edcil. Gracias a cada uno de entrenadores, compa\u00f1eros y dirigentes que me toc\u00f3 compartir. Me llevo recuerdos y momentos inolvidables vividos\u201d.<\/p>\n\n\n\n<p class=\"wp-block-paragraph\">\u201cMe voy con la tranquilidad y el orgullo de haberles regalado, juntos con mis compa\u00f1eros, momentos so\u00f1ados. Fue una locura haberlo vivido con ustedes. \u00a1Los quiero! Gracias Dios por hacerme argentino. \u00a1Vamos Argentina!\u201c.<\/p>\n\n\n\n<figure class=\"wp-block-image size-full\"><img loading=\"lazy\" decoding=\"async\" width=\"1440\" height=\"1048\" src=\"https:\/\/infoecos.com.ar\/wp-content\/uploads\/2026\/08\/image-183.png\" alt=\"\" class=\"wp-image-163038\" srcset=\"https:\/\/infoecos.com.ar\/wp-content\/uploads\/2026\/08\/image-183.png 1440w, https:\/\/infoecos.com.ar\/wp-content\/uploads\/2026\/08\/image-183-800x582.png 800w, https:\/\/infoecos.com.ar\/wp-content\/uploads\/2026\/08\/image-183-767x558.png 767w, https:\/\/infoecos.com.ar\/wp-content\/uploads\/2026\/08\/image-183-1024x745.png 1024w\" sizes=\"auto, (max-width: 1440px) 100vw, 1440px\" \/><\/figure>\n\n\n\n<p class=\"wp-block-paragraph\">\u201cEstas palabras las escrib\u00ed el 21 de julio, dos d\u00edas despu\u00e9s de la final. Hoy despu\u00e9s de lo de mi pap\u00e1, estoy m\u00e1s convencido que antes\u201d, sentenci\u00f3 Lionel Messi.<\/p>\n\n\n\n<figure class=\"wp-block-video\"><video height=\"640\" style=\"aspect-ratio: 360 \/ 640;\" width=\"360\" controls src=\"https:\/\/infoecos.com.ar\/wp-content\/uploads\/2026\/08\/MESSI-VIDEO-SOBRE-EL-RETIRO.mp4\"><\/video><\/figure>\n\n\n\n<p class=\"has-text-align-center wp-block-paragraph\"><strong>Nota elaborada con material de Ciudad Magazine y Espn<\/strong><\/p>\n","protected":false},"excerpt":{"rendered":"<p>Lionel Messi anunci\u00f3\u00a0su retiro definitivo de la Selecci\u00f3n Argentina. \u201cDespu\u00e9s de todo este tiempo desde&#8230;<\/p>\n","protected":false},"author":2,"featured_media":163039,"comment_status":"closed","ping_status":"open","sticky":false,"template":"","format":"standard","meta":{"footnotes":""},"categories":[1612],"tags":[10298,1750,155],"class_list":["post-163036","post","type-post","status-publish","format-standard","has-post-thumbnail","hentry","category-noticia-principal","tag-bloque-inferior","tag-deporte","tag-politica"],"featured_image_urls":{"full":["https:\/\/infoecos.com.ar\/wp-content\/uploads\/2026\/08\/image-184.png",570,321,false],"thumbnail":["https:\/\/infoecos.com.ar\/wp-content\/uploads\/2026\/08\/image-184-300x150.png",300,150,true],"medium":["https:\/\/infoecos.com.ar\/wp-content\/uploads\/2026\/08\/image-184.png",570,321,false],"medium_large":["https:\/\/infoecos.com.ar\/wp-content\/uploads\/2026\/08\/image-184.png",570,321,false],"large":["https:\/\/infoecos.com.ar\/wp-content\/uploads\/2026\/08\/image-184.png",570,321,false],"1536x1536":["https:\/\/infoecos.com.ar\/wp-content\/uploads\/2026\/08\/image-184.png",570,321,false],"2048x2048":["https:\/\/infoecos.com.ar\/wp-content\/uploads\/2026\/08\/image-184.png",570,321,false],"covernews-slider-full":["https:\/\/infoecos.com.ar\/wp-content\/uploads\/2026\/08\/image-184.png",570,321,false],"covernews-slider-center":["https:\/\/infoecos.com.ar\/wp-content\/uploads\/2026\/08\/image-184.png",570,321,false],"covernews-featured":["https:\/\/infoecos.com.ar\/wp-content\/uploads\/2026\/08\/image-184.png",570,321,false],"covernews-medium":["https:\/\/infoecos.com.ar\/wp-content\/uploads\/2026\/08\/image-184-540x321.png",540,321,true],"covernews-medium-square":["https:\/\/infoecos.com.ar\/wp-content\/uploads\/2026\/08\/image-184-400x250.png",400,250,true]},"author_info":{"info":["Jorge Matheus"]},"category_info":"<a href=\"https:\/\/infoecos.com.ar\/index.php\/category\/noticia-principal\/\" rel=\"category tag\">Noticia Principal<\/a>","tag_info":"Noticia Principal","comment_count":"0","_links":{"self":[{"href":"https:\/\/infoecos.com.ar\/index.php\/wp-json\/wp\/v2\/posts\/163036","targetHints":{"allow":["GET"]}}],"collection":[{"href":"https:\/\/infoecos.com.ar\/index.php\/wp-json\/wp\/v2\/posts"}],"about":[{"href":"https:\/\/infoecos.com.ar\/index.php\/wp-json\/wp\/v2\/types\/post"}],"author":[{"embeddable":true,"href":"https:\/\/infoecos.com.ar\/index.php\/wp-json\/wp\/v2\/users\/2"}],"replies":[{"embeddable":true,"href":"https:\/\/infoecos.com.ar\/index.php\/wp-json\/wp\/v2\/comments?post=163036"}],"version-history":[{"count":1,"href":"https:\/\/infoecos.com.ar\/index.php\/wp-json\/wp\/v2\/posts\/163036\/revisions"}],"predecessor-version":[{"id":163041,"href":"https:\/\/infoecos.com.ar\/index.php\/wp-json\/wp\/v2\/posts\/163036\/revisions\/163041"}],"wp:featuredmedia":[{"embeddable":true,"href":"https:\/\/infoecos.com.ar\/index.php\/wp-json\/wp\/v2\/media\/163039"}],"wp:attachment":[{"href":"https:\/\/infoecos.com.ar\/index.php\/wp-json\/wp\/v2\/media?parent=163036"}],"wp:term":[{"taxonomy":"category","embeddable":true,"href":"https:\/\/infoecos.com.ar\/index.php\/wp-json\/wp\/v2\/categories?post=163036"},{"taxonomy":"post_tag","embeddable":true,"href":"https:\/\/infoecos.com.ar\/index.php\/wp-json\/wp\/v2\/tags?post=163036"}],"curies":[{"name":"wp","href":"https:\/\/api.w.org\/{rel}","templated":true}]}}