{"id":163042,"date":"2026-08-31T14:10:37","date_gmt":"2026-08-31T17:10:37","guid":{"rendered":"https:\/\/infoecos.com.ar\/?p=163042"},"modified":"2026-08-31T15:25:31","modified_gmt":"2026-08-31T18:25:31","slug":"robada-la-moto-que-fue-incautada-en-trenque-lauquen-el-sabado-anterior","status":"publish","type":"post","link":"https:\/\/infoecos.com.ar\/index.php\/robada-la-moto-que-fue-incautada-en-trenque-lauquen-el-sabado-anterior\/","title":{"rendered":"#Robada: La moto que fue incautada en Trenque Lauquen, el s\u00e1bado anterior"},"content":{"rendered":"\n<p class=\"wp-block-paragraph\">El s\u00e1bado por la tarde se detect\u00f3 e incaut\u00f3 una moto marca Honda Wave 110 cc. con pedido de Secuestro por Robo en el distrito de San Mart\u00edn (conurbano bonaerense). <\/p>\n\n\n\n<p class=\"wp-block-paragraph\">El veh\u00edculo era conducida por un joven de 28 a\u00f1os de edad oriundo de la ciudad de Am\u00e9rica, partido de Rivadavia, quien fue trasladado a la Comisar\u00eda de Trenque Lauquen y se le inici\u00f3 una Causa Penal por el delito de Encubrimiento. <\/p>\n\n\n\n<p class=\"wp-block-paragraph\">La Polic\u00eda de Trenque Lauquen inform\u00f3 que interviene la Fiscal\u00eda en Turno del Departamento Judicial de Trenque Lauquen.<\/p>\n\n\n\n<figure class=\"wp-block-image size-full\"><img loading=\"lazy\" decoding=\"async\" width=\"1204\" height=\"1599\" src=\"https:\/\/infoecos.com.ar\/wp-content\/uploads\/2026\/08\/image-185.png\" alt=\"\" class=\"wp-image-163043\" srcset=\"https:\/\/infoecos.com.ar\/wp-content\/uploads\/2026\/08\/image-185.png 1204w, https:\/\/infoecos.com.ar\/wp-content\/uploads\/2026\/08\/image-185-602x800.png 602w, https:\/\/infoecos.com.ar\/wp-content\/uploads\/2026\/08\/image-185-767x1019.png 767w, https:\/\/infoecos.com.ar\/wp-content\/uploads\/2026\/08\/image-185-1157x1536.png 1157w, https:\/\/infoecos.com.ar\/wp-content\/uploads\/2026\/08\/image-185-1023x1359.png 1023w\" sizes=\"auto, (max-width: 1204px) 100vw, 1204px\" \/><\/figure>\n","protected":false},"excerpt":{"rendered":"<p>El s\u00e1bado por la tarde se detect\u00f3 e incaut\u00f3 una moto marca Honda Wave 110&#8230;<\/p>\n","protected":false},"author":2,"featured_media":163043,"comment_status":"closed","ping_status":"open","sticky":false,"template":"","format":"standard","meta":{"footnotes":""},"categories":[1613],"tags":[10298,1750,155],"class_list":["post-163042","post","type-post","status-publish","format-standard","has-post-thumbnail","hentry","category-noticia-secundaria","tag-bloque-inferior","tag-deporte","tag-politica"],"featured_image_urls":{"full":["https:\/\/infoecos.com.ar\/wp-content\/uploads\/2026\/08\/image-185.png",1204,1599,false],"thumbnail":["https:\/\/infoecos.com.ar\/wp-content\/uploads\/2026\/08\/image-185-300x150.png",300,150,true],"medium":["https:\/\/infoecos.com.ar\/wp-content\/uploads\/2026\/08\/image-185-602x800.png",602,800,true],"medium_large":["https:\/\/infoecos.com.ar\/wp-content\/uploads\/2026\/08\/image-185-767x1019.png",640,850,true],"large":["https:\/\/infoecos.com.ar\/wp-content\/uploads\/2026\/08\/image-185.png",640,850,false],"1536x1536":["https:\/\/infoecos.com.ar\/wp-content\/uploads\/2026\/08\/image-185-1157x1536.png",1157,1536,true],"2048x2048":["https:\/\/infoecos.com.ar\/wp-content\/uploads\/2026\/08\/image-185.png",1204,1599,false],"covernews-slider-full":["https:\/\/infoecos.com.ar\/wp-content\/uploads\/2026\/08\/image-185-1115x715.png",1115,715,true],"covernews-slider-center":["https:\/\/infoecos.com.ar\/wp-content\/uploads\/2026\/08\/image-185-800x500.png",800,500,true],"covernews-featured":["https:\/\/infoecos.com.ar\/wp-content\/uploads\/2026\/08\/image-185-1023x1359.png",1023,1359,true],"covernews-medium":["https:\/\/infoecos.com.ar\/wp-content\/uploads\/2026\/08\/image-185-540x340.png",540,340,true],"covernews-medium-square":["https:\/\/infoecos.com.ar\/wp-content\/uploads\/2026\/08\/image-185-400x250.png",400,250,true]},"author_info":{"info":["Jorge Matheus"]},"category_info":"<a href=\"https:\/\/infoecos.com.ar\/index.php\/category\/noticia-secundaria\/\" rel=\"category tag\">Noticia Secundaria<\/a>","tag_info":"Noticia Secundaria","comment_count":"0","_links":{"self":[{"href":"https:\/\/infoecos.com.ar\/index.php\/wp-json\/wp\/v2\/posts\/163042","targetHints":{"allow":["GET"]}}],"collection":[{"href":"https:\/\/infoecos.com.ar\/index.php\/wp-json\/wp\/v2\/posts"}],"about":[{"href":"https:\/\/infoecos.com.ar\/index.php\/wp-json\/wp\/v2\/types\/post"}],"author":[{"embeddable":true,"href":"https:\/\/infoecos.com.ar\/index.php\/wp-json\/wp\/v2\/users\/2"}],"replies":[{"embeddable":true,"href":"https:\/\/infoecos.com.ar\/index.php\/wp-json\/wp\/v2\/comments?post=163042"}],"version-history":[{"count":1,"href":"https:\/\/infoecos.com.ar\/index.php\/wp-json\/wp\/v2\/posts\/163042\/revisions"}],"predecessor-version":[{"id":163044,"href":"https:\/\/infoecos.com.ar\/index.php\/wp-json\/wp\/v2\/posts\/163042\/revisions\/163044"}],"wp:featuredmedia":[{"embeddable":true,"href":"https:\/\/infoecos.com.ar\/index.php\/wp-json\/wp\/v2\/media\/163043"}],"wp:attachment":[{"href":"https:\/\/infoecos.com.ar\/index.php\/wp-json\/wp\/v2\/media?parent=163042"}],"wp:term":[{"taxonomy":"category","embeddable":true,"href":"https:\/\/infoecos.com.ar\/index.php\/wp-json\/wp\/v2\/categories?post=163042"},{"taxonomy":"post_tag","embeddable":true,"href":"https:\/\/infoecos.com.ar\/index.php\/wp-json\/wp\/v2\/tags?post=163042"}],"curies":[{"name":"wp","href":"https:\/\/api.w.org\/{rel}","templated":true}]}}