{"id":163060,"date":"2026-08-31T18:56:34","date_gmt":"2026-08-31T21:56:34","guid":{"rendered":"https:\/\/infoecos.com.ar\/?p=163060"},"modified":"2026-08-31T18:56:38","modified_gmt":"2026-08-31T21:56:38","slug":"otrologro-30-de-agosto-tiene-un-nuevo-cajero-del-banco-provincia-en-el-ente-descentralizado","status":"publish","type":"post","link":"https:\/\/infoecos.com.ar\/index.php\/otrologro-30-de-agosto-tiene-un-nuevo-cajero-del-banco-provincia-en-el-ente-descentralizado\/","title":{"rendered":"#Otrologro: 30 de Agosto tiene un nuevo cajero del Banco Provincia en el Ente Descentralizado"},"content":{"rendered":"\n<p class=\"wp-block-paragraph\">El intendente Francisco Recoulat, junto a autoridades del Banco Provincia, recorri\u00f3 el nuevo cajero autom\u00e1tico de la entidad emplazado en el edificio del Ente Descentralizado de 30 de Agosto y que ya se encuentra operativo para los vecinos de la localidad y disponible para utilizar.<\/p>\n\n\n\n<p class=\"wp-block-paragraph\">De la recorrida tambi\u00e9n participaron el director del Ente Descentralizado de 30 de Agosto, Omar S\u00e1nchez; Diego Alejandro Lamana, gerente Zonal del Banco Provincia; y Nicol\u00e1s Rodr\u00edguez Giamella, gerente de la sucursal de 30 de Agosto.<\/p>\n\n\n\n<figure class=\"wp-block-gallery has-nested-images columns-default is-cropped wp-block-gallery-1 is-layout-flex wp-block-gallery-is-layout-flex\">\n<figure class=\"wp-block-image size-large\"><img loading=\"lazy\" decoding=\"async\" width=\"1600\" height=\"900\" data-id=\"163065\" src=\"https:\/\/infoecos.com.ar\/wp-content\/uploads\/2026\/08\/Cajero-30-de-Agosto-4-1600x900.jpg\" alt=\"\" class=\"wp-image-163065\" srcset=\"https:\/\/infoecos.com.ar\/wp-content\/uploads\/2026\/08\/Cajero-30-de-Agosto-4-1600x900.jpg 1600w, https:\/\/infoecos.com.ar\/wp-content\/uploads\/2026\/08\/Cajero-30-de-Agosto-4-800x450.jpg 800w, https:\/\/infoecos.com.ar\/wp-content\/uploads\/2026\/08\/Cajero-30-de-Agosto-4-768x432.jpg 768w, https:\/\/infoecos.com.ar\/wp-content\/uploads\/2026\/08\/Cajero-30-de-Agosto-4-1536x864.jpg 1536w, https:\/\/infoecos.com.ar\/wp-content\/uploads\/2026\/08\/Cajero-30-de-Agosto-4-2048x1152.jpg 2048w, https:\/\/infoecos.com.ar\/wp-content\/uploads\/2026\/08\/Cajero-30-de-Agosto-4-1024x576.jpg 1024w\" sizes=\"auto, (max-width: 1600px) 100vw, 1600px\" \/><\/figure>\n\n\n\n<figure class=\"wp-block-image size-large\"><img loading=\"lazy\" decoding=\"async\" width=\"1600\" height=\"1200\" data-id=\"163064\" src=\"https:\/\/infoecos.com.ar\/wp-content\/uploads\/2026\/08\/Cajero-30-de-Agosto-5-1600x1200.jpg\" alt=\"\" class=\"wp-image-163064\" srcset=\"https:\/\/infoecos.com.ar\/wp-content\/uploads\/2026\/08\/Cajero-30-de-Agosto-5-1600x1200.jpg 1600w, https:\/\/infoecos.com.ar\/wp-content\/uploads\/2026\/08\/Cajero-30-de-Agosto-5-800x600.jpg 800w, https:\/\/infoecos.com.ar\/wp-content\/uploads\/2026\/08\/Cajero-30-de-Agosto-5-768x576.jpg 768w, https:\/\/infoecos.com.ar\/wp-content\/uploads\/2026\/08\/Cajero-30-de-Agosto-5-1536x1152.jpg 1536w, https:\/\/infoecos.com.ar\/wp-content\/uploads\/2026\/08\/Cajero-30-de-Agosto-5-2048x1536.jpg 2048w, https:\/\/infoecos.com.ar\/wp-content\/uploads\/2026\/08\/Cajero-30-de-Agosto-5-1024x768.jpg 1024w\" sizes=\"auto, (max-width: 1600px) 100vw, 1600px\" \/><\/figure>\n<\/figure>\n\n\n\n<p class=\"wp-block-paragraph\">La llegada del cajero autom\u00e1tico es el resultado de gestiones sostenidas a lo largo de los a\u00f1os, impulsada inicialmente por un pedido de la comunidad acompa\u00f1ado por firmas de vecinos y por el Concejo Deliberante y el Departamento Ejecutivo.<\/p>\n\n\n\n<p class=\"wp-block-paragraph\">\u201cEn el edificio del Banco no hab\u00eda lugar para poner otro cajero m\u00e1s y ah\u00ed surgi\u00f3 la iniciativa de poner a disposici\u00f3n el edificio del Ente Descentralizado. El Municipio avanz\u00f3 con fondos propios en la obra de infraestructura y el Banco puso a disposici\u00f3n el cajero\u201d, detall\u00f3 el intendente Francisco Recoulat.<\/p>\n\n\n\n<p class=\"wp-block-paragraph\">La intervenci\u00f3n, realizada \u00edntegramente con fondos municipales, comprendi\u00f3 la construcci\u00f3n de la estructura destinada al cajero, la jaula de seguridad con su correspondiente revestimiento, la colocaci\u00f3n de la puerta de seguridad, la instalaci\u00f3n el\u00e9ctrica, trabajos de pintura y la se\u00f1al\u00e9tica requerida para su funcionamiento.<\/p>\n\n\n\n<p class=\"wp-block-paragraph\">El Intendente destac\u00f3 el trabajo conjunto entre el Municipio, el Banco Provincia y los vecinos para poder concretar una iniciativa que llevaba varios a\u00f1os de gestiones.<\/p>\n\n\n\n<p class=\"wp-block-paragraph\">\u201cSi bien los proyectos llevan tiempo, no es com\u00fan que se den estos avances. Esto es tambi\u00e9n un claro ejemplo de que, cuando se pone un rumbo claro y cuando todos nos unimos para superar las dificultades, las cosas se logran\u201d, afirm\u00f3.<\/p>\n\n\n\n<figure class=\"wp-block-gallery has-nested-images columns-default is-cropped wp-block-gallery-2 is-layout-flex wp-block-gallery-is-layout-flex\">\n<figure class=\"wp-block-image size-large\"><img loading=\"lazy\" decoding=\"async\" width=\"1600\" height=\"1200\" data-id=\"163061\" src=\"https:\/\/infoecos.com.ar\/wp-content\/uploads\/2026\/08\/Cajero-30-de-Agosto-1-1600x1200.jpg\" alt=\"\" class=\"wp-image-163061\" srcset=\"https:\/\/infoecos.com.ar\/wp-content\/uploads\/2026\/08\/Cajero-30-de-Agosto-1-1600x1200.jpg 1600w, https:\/\/infoecos.com.ar\/wp-content\/uploads\/2026\/08\/Cajero-30-de-Agosto-1-800x600.jpg 800w, https:\/\/infoecos.com.ar\/wp-content\/uploads\/2026\/08\/Cajero-30-de-Agosto-1-768x576.jpg 768w, https:\/\/infoecos.com.ar\/wp-content\/uploads\/2026\/08\/Cajero-30-de-Agosto-1-1536x1152.jpg 1536w, https:\/\/infoecos.com.ar\/wp-content\/uploads\/2026\/08\/Cajero-30-de-Agosto-1-2048x1536.jpg 2048w, https:\/\/infoecos.com.ar\/wp-content\/uploads\/2026\/08\/Cajero-30-de-Agosto-1-1024x768.jpg 1024w\" sizes=\"auto, (max-width: 1600px) 100vw, 1600px\" \/><\/figure>\n\n\n\n<figure class=\"wp-block-image size-large\"><img loading=\"lazy\" decoding=\"async\" width=\"1600\" height=\"1200\" data-id=\"163062\" src=\"https:\/\/infoecos.com.ar\/wp-content\/uploads\/2026\/08\/Cajero-30-de-Agosto-2-1600x1200.jpg\" alt=\"\" class=\"wp-image-163062\" srcset=\"https:\/\/infoecos.com.ar\/wp-content\/uploads\/2026\/08\/Cajero-30-de-Agosto-2-1600x1200.jpg 1600w, https:\/\/infoecos.com.ar\/wp-content\/uploads\/2026\/08\/Cajero-30-de-Agosto-2-800x600.jpg 800w, https:\/\/infoecos.com.ar\/wp-content\/uploads\/2026\/08\/Cajero-30-de-Agosto-2-768x576.jpg 768w, https:\/\/infoecos.com.ar\/wp-content\/uploads\/2026\/08\/Cajero-30-de-Agosto-2-1536x1152.jpg 1536w, https:\/\/infoecos.com.ar\/wp-content\/uploads\/2026\/08\/Cajero-30-de-Agosto-2-2048x1536.jpg 2048w, https:\/\/infoecos.com.ar\/wp-content\/uploads\/2026\/08\/Cajero-30-de-Agosto-2-1024x768.jpg 1024w\" sizes=\"auto, (max-width: 1600px) 100vw, 1600px\" \/><\/figure>\n\n\n\n<figure class=\"wp-block-image size-large\"><img loading=\"lazy\" decoding=\"async\" width=\"1600\" height=\"1200\" data-id=\"163063\" src=\"https:\/\/infoecos.com.ar\/wp-content\/uploads\/2026\/08\/Cajero-30-de-Agosto-3-1600x1200.jpg\" alt=\"\" class=\"wp-image-163063\" srcset=\"https:\/\/infoecos.com.ar\/wp-content\/uploads\/2026\/08\/Cajero-30-de-Agosto-3-1600x1200.jpg 1600w, https:\/\/infoecos.com.ar\/wp-content\/uploads\/2026\/08\/Cajero-30-de-Agosto-3-800x600.jpg 800w, https:\/\/infoecos.com.ar\/wp-content\/uploads\/2026\/08\/Cajero-30-de-Agosto-3-768x576.jpg 768w, https:\/\/infoecos.com.ar\/wp-content\/uploads\/2026\/08\/Cajero-30-de-Agosto-3-1536x1152.jpg 1536w, https:\/\/infoecos.com.ar\/wp-content\/uploads\/2026\/08\/Cajero-30-de-Agosto-3-2048x1536.jpg 2048w, https:\/\/infoecos.com.ar\/wp-content\/uploads\/2026\/08\/Cajero-30-de-Agosto-3-1024x768.jpg 1024w\" sizes=\"auto, (max-width: 1600px) 100vw, 1600px\" \/><\/figure>\n<\/figure>\n","protected":false},"excerpt":{"rendered":"<p>El intendente Francisco Recoulat, junto a autoridades del Banco Provincia, recorri\u00f3 el nuevo cajero autom\u00e1tico&#8230;<\/p>\n","protected":false},"author":2,"featured_media":163064,"comment_status":"closed","ping_status":"open","sticky":false,"template":"","format":"standard","meta":{"footnotes":""},"categories":[1],"tags":[10304,10298,5],"class_list":["post-163060","post","type-post","status-publish","format-standard","has-post-thumbnail","hentry","category-sin-categoria","tag-actualidad","tag-bloque-inferior","tag-trenque-lauquen"],"featured_image_urls":{"full":["https:\/\/infoecos.com.ar\/wp-content\/uploads\/2026\/08\/Cajero-30-de-Agosto-5-scaled.jpg",2560,1920,false],"thumbnail":["https:\/\/infoecos.com.ar\/wp-content\/uploads\/2026\/08\/Cajero-30-de-Agosto-5-300x150.jpg",300,150,true],"medium":["https:\/\/infoecos.com.ar\/wp-content\/uploads\/2026\/08\/Cajero-30-de-Agosto-5-800x600.jpg",800,600,true],"medium_large":["https:\/\/infoecos.com.ar\/wp-content\/uploads\/2026\/08\/Cajero-30-de-Agosto-5-768x576.jpg",640,480,true],"large":["https:\/\/infoecos.com.ar\/wp-content\/uploads\/2026\/08\/Cajero-30-de-Agosto-5-1600x1200.jpg",640,480,true],"1536x1536":["https:\/\/infoecos.com.ar\/wp-content\/uploads\/2026\/08\/Cajero-30-de-Agosto-5-1536x1152.jpg",1536,1152,true],"2048x2048":["https:\/\/infoecos.com.ar\/wp-content\/uploads\/2026\/08\/Cajero-30-de-Agosto-5-2048x1536.jpg",2048,1536,true],"covernews-slider-full":["https:\/\/infoecos.com.ar\/wp-content\/uploads\/2026\/08\/Cajero-30-de-Agosto-5-1115x715.jpg",1115,715,true],"covernews-slider-center":["https:\/\/infoecos.com.ar\/wp-content\/uploads\/2026\/08\/Cajero-30-de-Agosto-5-800x500.jpg",800,500,true],"covernews-featured":["https:\/\/infoecos.com.ar\/wp-content\/uploads\/2026\/08\/Cajero-30-de-Agosto-5-1024x768.jpg",1024,768,true],"covernews-medium":["https:\/\/infoecos.com.ar\/wp-content\/uploads\/2026\/08\/Cajero-30-de-Agosto-5-540x340.jpg",540,340,true],"covernews-medium-square":["https:\/\/infoecos.com.ar\/wp-content\/uploads\/2026\/08\/Cajero-30-de-Agosto-5-400x250.jpg",400,250,true]},"author_info":{"info":["Jorge Matheus"]},"category_info":"<a href=\"https:\/\/infoecos.com.ar\/index.php\/category\/sin-categoria\/\" rel=\"category tag\">Sin categor\u00eda<\/a>","tag_info":"Sin categor\u00eda","comment_count":"0","_links":{"self":[{"href":"https:\/\/infoecos.com.ar\/index.php\/wp-json\/wp\/v2\/posts\/163060","targetHints":{"allow":["GET"]}}],"collection":[{"href":"https:\/\/infoecos.com.ar\/index.php\/wp-json\/wp\/v2\/posts"}],"about":[{"href":"https:\/\/infoecos.com.ar\/index.php\/wp-json\/wp\/v2\/types\/post"}],"author":[{"embeddable":true,"href":"https:\/\/infoecos.com.ar\/index.php\/wp-json\/wp\/v2\/users\/2"}],"replies":[{"embeddable":true,"href":"https:\/\/infoecos.com.ar\/index.php\/wp-json\/wp\/v2\/comments?post=163060"}],"version-history":[{"count":1,"href":"https:\/\/infoecos.com.ar\/index.php\/wp-json\/wp\/v2\/posts\/163060\/revisions"}],"predecessor-version":[{"id":163066,"href":"https:\/\/infoecos.com.ar\/index.php\/wp-json\/wp\/v2\/posts\/163060\/revisions\/163066"}],"wp:featuredmedia":[{"embeddable":true,"href":"https:\/\/infoecos.com.ar\/index.php\/wp-json\/wp\/v2\/media\/163064"}],"wp:attachment":[{"href":"https:\/\/infoecos.com.ar\/index.php\/wp-json\/wp\/v2\/media?parent=163060"}],"wp:term":[{"taxonomy":"category","embeddable":true,"href":"https:\/\/infoecos.com.ar\/index.php\/wp-json\/wp\/v2\/categories?post=163060"},{"taxonomy":"post_tag","embeddable":true,"href":"https:\/\/infoecos.com.ar\/index.php\/wp-json\/wp\/v2\/tags?post=163060"}],"curies":[{"name":"wp","href":"https:\/\/api.w.org\/{rel}","templated":true}]}}