{"id":163067,"date":"2026-08-31T19:10:14","date_gmt":"2026-08-31T22:10:14","guid":{"rendered":"https:\/\/infoecos.com.ar\/?p=163067"},"modified":"2026-08-31T19:10:21","modified_gmt":"2026-08-31T22:10:21","slug":"buenaaccion-reconocimiento-a-comerciantes-historicos-de-30-de-agosto-en-el-marco-del-116-aniversario","status":"publish","type":"post","link":"https:\/\/infoecos.com.ar\/index.php\/buenaaccion-reconocimiento-a-comerciantes-historicos-de-30-de-agosto-en-el-marco-del-116-aniversario\/","title":{"rendered":"#BuenaAcci\u00f3n: Reconocimiento a comerciantes hist\u00f3ricos de 30 de Agosto en el marco del 116 aniversario"},"content":{"rendered":"\n<figure class=\"wp-block-gallery has-nested-images columns-default is-cropped wp-block-gallery-1 is-layout-flex wp-block-gallery-is-layout-flex\">\n<figure class=\"wp-block-image size-large\"><img loading=\"lazy\" decoding=\"async\" width=\"1600\" height=\"1067\" data-id=\"163069\" src=\"https:\/\/infoecos.com.ar\/wp-content\/uploads\/2026\/08\/Aniversario-30-de-Agosto-02-1600x1067.jpg\" alt=\"\" class=\"wp-image-163069\" srcset=\"https:\/\/infoecos.com.ar\/wp-content\/uploads\/2026\/08\/Aniversario-30-de-Agosto-02-1600x1067.jpg 1600w, https:\/\/infoecos.com.ar\/wp-content\/uploads\/2026\/08\/Aniversario-30-de-Agosto-02-800x533.jpg 800w, https:\/\/infoecos.com.ar\/wp-content\/uploads\/2026\/08\/Aniversario-30-de-Agosto-02-767x511.jpg 767w, https:\/\/infoecos.com.ar\/wp-content\/uploads\/2026\/08\/Aniversario-30-de-Agosto-02-1536x1024.jpg 1536w, https:\/\/infoecos.com.ar\/wp-content\/uploads\/2026\/08\/Aniversario-30-de-Agosto-02-2048x1365.jpg 2048w, https:\/\/infoecos.com.ar\/wp-content\/uploads\/2026\/08\/Aniversario-30-de-Agosto-02-1023x682.jpg 1023w\" sizes=\"auto, (max-width: 1600px) 100vw, 1600px\" \/><\/figure>\n\n\n\n<figure class=\"wp-block-image size-large\"><img loading=\"lazy\" decoding=\"async\" width=\"1600\" height=\"1067\" data-id=\"163068\" src=\"https:\/\/infoecos.com.ar\/wp-content\/uploads\/2026\/08\/Aniversario-30-de-Agosto-03-1600x1067.jpg\" alt=\"\" class=\"wp-image-163068\" srcset=\"https:\/\/infoecos.com.ar\/wp-content\/uploads\/2026\/08\/Aniversario-30-de-Agosto-03-1600x1067.jpg 1600w, https:\/\/infoecos.com.ar\/wp-content\/uploads\/2026\/08\/Aniversario-30-de-Agosto-03-800x533.jpg 800w, https:\/\/infoecos.com.ar\/wp-content\/uploads\/2026\/08\/Aniversario-30-de-Agosto-03-767x511.jpg 767w, https:\/\/infoecos.com.ar\/wp-content\/uploads\/2026\/08\/Aniversario-30-de-Agosto-03-1536x1024.jpg 1536w, https:\/\/infoecos.com.ar\/wp-content\/uploads\/2026\/08\/Aniversario-30-de-Agosto-03-2048x1365.jpg 2048w, https:\/\/infoecos.com.ar\/wp-content\/uploads\/2026\/08\/Aniversario-30-de-Agosto-03-1023x682.jpg 1023w\" sizes=\"auto, (max-width: 1600px) 100vw, 1600px\" \/><\/figure>\n\n\n\n<figure class=\"wp-block-image size-large\"><img loading=\"lazy\" decoding=\"async\" width=\"1600\" height=\"1067\" data-id=\"163070\" src=\"https:\/\/infoecos.com.ar\/wp-content\/uploads\/2026\/08\/Aniversario-30-de-Agosto-04-1600x1067.jpg\" alt=\"\" class=\"wp-image-163070\" srcset=\"https:\/\/infoecos.com.ar\/wp-content\/uploads\/2026\/08\/Aniversario-30-de-Agosto-04-1600x1067.jpg 1600w, https:\/\/infoecos.com.ar\/wp-content\/uploads\/2026\/08\/Aniversario-30-de-Agosto-04-800x533.jpg 800w, https:\/\/infoecos.com.ar\/wp-content\/uploads\/2026\/08\/Aniversario-30-de-Agosto-04-767x511.jpg 767w, https:\/\/infoecos.com.ar\/wp-content\/uploads\/2026\/08\/Aniversario-30-de-Agosto-04-1536x1024.jpg 1536w, https:\/\/infoecos.com.ar\/wp-content\/uploads\/2026\/08\/Aniversario-30-de-Agosto-04-2048x1365.jpg 2048w, https:\/\/infoecos.com.ar\/wp-content\/uploads\/2026\/08\/Aniversario-30-de-Agosto-04-1023x682.jpg 1023w\" sizes=\"auto, (max-width: 1600px) 100vw, 1600px\" \/><\/figure>\n<\/figure>\n\n\n\n<p class=\"wp-block-paragraph\">Reconocimiento a comerciantes hist\u00f3ricos de 30 de Agosto, una iniciativa del Ente Descentralizado y la Municipalidad de Trenque Lauquen para homenajear a familias y emprendimientos que, durante d\u00e9cadas, formaron parte de la vida econ\u00f3mica y social de la comunidad, en el marco del 116 aniversario.<\/p>\n\n\n\n<p class=\"wp-block-paragraph\">En esta oportunidad fueron reconocidos:<\/p>\n\n\n\n<p class=\"wp-block-paragraph\">. <strong>Panader\u00eda \u201cLa Nueva\u201d<\/strong>, recibida por Andrea Maza, un emprendimiento familiar cuyos or\u00edgenes se remontan a 1947.<\/p>\n\n\n\n<p class=\"wp-block-paragraph\">. <strong>Restaurante Don Mario<\/strong>, recibido por Francisco y Paula del Riego, con m\u00e1s de 45 a\u00f1os de trayectoria al servicio de la comunidad.<\/p>\n\n\n\n<p class=\"wp-block-paragraph\">. <strong>Agropecuaria Labriola<\/strong>, recibida por H\u00e9ctor y Luciano Labriola, empresa familiar fundada en 1956.<\/p>\n\n\n\n<p class=\"wp-block-paragraph\">. <strong>Ferreter\u00eda Polonsky<\/strong>, recibida por Blanca Raposo, su hija Laura y su nieta, cuya historia comercial comenz\u00f3 en 1960.<\/p>\n\n\n\n<p class=\"wp-block-paragraph\">.<strong> Maderera Don Carlos<\/strong>, recibida por Pedro Mongiello, vinculada a una historia familiar iniciada con Antonio Mongiello, inmigrante italiano en la d\u00e9cada del \u201830.<\/p>\n\n\n\n<p class=\"wp-block-paragraph\">. <strong>30 de Agosto TV Color<\/strong>, recibida por Jorge Blanco, empresa con 35 a\u00f1os de trayectoria en la comunidad.<\/p>\n\n\n\n<p class=\"wp-block-paragraph\">. <strong>Soder\u00eda Rodr\u00edguez Hnos. y Orelia<\/strong>, recibida por Roberto Omar Orelia, una firma de extensa trayectoria y fuerte identidad local.<\/p>\n\n\n\n<p class=\"wp-block-paragraph\">. <strong>Lavadero El Sol \u2013 Logotetti y Troya S.H<\/strong>., recibida por Jorge Troya, emprendimiento iniciado en 1975.<\/p>\n\n\n\n<p class=\"wp-block-paragraph\">. <strong>Jos\u00e9 Garc\u00eda Electricidad<\/strong>, recibida por Lucas Rodr\u00edguez, firma que inici\u00f3 su actividad en 1961 y contin\u00faa actualmente con participaci\u00f3n de nuevas generaciones.<\/p>\n\n\n\n<p class=\"wp-block-paragraph\">. <strong>Estaci\u00f3n de Servicio Puma <\/strong>de Samuel y Ricardo Iturralde, recibida por Rosario y Jos\u00e9 Iturralde, emprendimiento familiar que naci\u00f3 hace aproximadamente cuatro d\u00e9cadas.<\/p>\n\n\n\n<p class=\"wp-block-paragraph\">. <strong>FM Sinton\u00eda<\/strong>, recibida por Karina Gonz\u00e1lez, emisora fundada en 1996 por Santiago \u201cChango\u201d N\u00fa\u00f1ez y que celebr\u00f3 sus 30 a\u00f1os de trayectoria.<\/p>\n\n\n\n<figure class=\"wp-block-gallery has-nested-images columns-default is-cropped wp-block-gallery-2 is-layout-flex wp-block-gallery-is-layout-flex\">\n<figure class=\"wp-block-image size-large\"><img loading=\"lazy\" decoding=\"async\" width=\"1600\" height=\"1067\" data-id=\"163073\" src=\"https:\/\/infoecos.com.ar\/wp-content\/uploads\/2026\/08\/Aniversario-30-de-Agosto-06-1600x1067.jpg\" alt=\"\" class=\"wp-image-163073\" srcset=\"https:\/\/infoecos.com.ar\/wp-content\/uploads\/2026\/08\/Aniversario-30-de-Agosto-06-1600x1067.jpg 1600w, https:\/\/infoecos.com.ar\/wp-content\/uploads\/2026\/08\/Aniversario-30-de-Agosto-06-768x512.jpg 768w, https:\/\/infoecos.com.ar\/wp-content\/uploads\/2026\/08\/Aniversario-30-de-Agosto-06-800x533.jpg 800w, https:\/\/infoecos.com.ar\/wp-content\/uploads\/2026\/08\/Aniversario-30-de-Agosto-06-1536x1024.jpg 1536w, https:\/\/infoecos.com.ar\/wp-content\/uploads\/2026\/08\/Aniversario-30-de-Agosto-06-2048x1365.jpg 2048w, https:\/\/infoecos.com.ar\/wp-content\/uploads\/2026\/08\/Aniversario-30-de-Agosto-06-1023x682.jpg 1023w\" sizes=\"auto, (max-width: 1600px) 100vw, 1600px\" \/><\/figure>\n\n\n\n<figure class=\"wp-block-image size-large\"><img loading=\"lazy\" decoding=\"async\" width=\"1600\" height=\"1067\" data-id=\"163072\" src=\"https:\/\/infoecos.com.ar\/wp-content\/uploads\/2026\/08\/Aniversario-30-de-Agosto-07-1600x1067.jpg\" alt=\"\" class=\"wp-image-163072\" srcset=\"https:\/\/infoecos.com.ar\/wp-content\/uploads\/2026\/08\/Aniversario-30-de-Agosto-07-1600x1067.jpg 1600w, https:\/\/infoecos.com.ar\/wp-content\/uploads\/2026\/08\/Aniversario-30-de-Agosto-07-800x533.jpg 800w, https:\/\/infoecos.com.ar\/wp-content\/uploads\/2026\/08\/Aniversario-30-de-Agosto-07-767x511.jpg 767w, https:\/\/infoecos.com.ar\/wp-content\/uploads\/2026\/08\/Aniversario-30-de-Agosto-07-1536x1024.jpg 1536w, https:\/\/infoecos.com.ar\/wp-content\/uploads\/2026\/08\/Aniversario-30-de-Agosto-07-2048x1365.jpg 2048w, https:\/\/infoecos.com.ar\/wp-content\/uploads\/2026\/08\/Aniversario-30-de-Agosto-07-1023x682.jpg 1023w\" sizes=\"auto, (max-width: 1600px) 100vw, 1600px\" \/><\/figure>\n\n\n\n<figure class=\"wp-block-image size-large\"><img loading=\"lazy\" decoding=\"async\" width=\"1600\" height=\"1067\" data-id=\"163071\" src=\"https:\/\/infoecos.com.ar\/wp-content\/uploads\/2026\/08\/Aniversario-30-de-Agosto-08-1600x1067.jpg\" alt=\"\" class=\"wp-image-163071\" srcset=\"https:\/\/infoecos.com.ar\/wp-content\/uploads\/2026\/08\/Aniversario-30-de-Agosto-08-1600x1067.jpg 1600w, https:\/\/infoecos.com.ar\/wp-content\/uploads\/2026\/08\/Aniversario-30-de-Agosto-08-800x533.jpg 800w, https:\/\/infoecos.com.ar\/wp-content\/uploads\/2026\/08\/Aniversario-30-de-Agosto-08-768x512.jpg 768w, https:\/\/infoecos.com.ar\/wp-content\/uploads\/2026\/08\/Aniversario-30-de-Agosto-08-1536x1024.jpg 1536w, https:\/\/infoecos.com.ar\/wp-content\/uploads\/2026\/08\/Aniversario-30-de-Agosto-08-2048x1365.jpg 2048w, https:\/\/infoecos.com.ar\/wp-content\/uploads\/2026\/08\/Aniversario-30-de-Agosto-08-1023x682.jpg 1023w\" sizes=\"auto, (max-width: 1600px) 100vw, 1600px\" \/><\/figure>\n<\/figure>\n\n\n\n<p class=\"wp-block-paragraph\">Los reconocimientos permitieron recuperar parte de la historia de cada emprendimiento y destacar el compromiso, la perseverancia y el trabajo de familias que acompa\u00f1aron el crecimiento de 30 de Agosto a lo largo del tiempo.<\/p>\n\n\n\n<p class=\"wp-block-paragraph\">Durante el acto tambi\u00e9n se reconoci\u00f3 la labor comunitaria y solidaria del <strong>Bombero Jorge Eduardo Gonz\u00e1lez<\/strong>, integrante de la comitiva internacional de USAR-ARG-13 que particip\u00f3 en Venezuela luego del sismo que afect\u00f3 a ese pa\u00eds.<\/p>\n\n\n\n<p class=\"wp-block-paragraph\">La distinci\u00f3n puso en valor su participaci\u00f3n, compromiso, vocaci\u00f3n de servicio y solidaridad, y fue entregada por autoridades municipales.<\/p>\n\n\n\n<p class=\"wp-block-paragraph\">Tambi\u00e9n se entreg\u00f3 un reconocimiento a las autoridades del <strong>Banco Provincia<\/strong>, por la puesta en funcionamiento del nuevo cajero autom\u00e1tico en la localidad.<\/p>\n\n\n\n<p class=\"wp-block-paragraph\"><\/p>\n","protected":false},"excerpt":{"rendered":"<p>Reconocimiento a comerciantes hist\u00f3ricos de 30 de Agosto, una iniciativa del Ente Descentralizado y la&#8230;<\/p>\n","protected":false},"author":2,"featured_media":163069,"comment_status":"closed","ping_status":"open","sticky":false,"template":"","format":"standard","meta":{"footnotes":""},"categories":[1],"tags":[10290,5],"class_list":["post-163067","post","type-post","status-publish","format-standard","has-post-thumbnail","hentry","category-sin-categoria","tag-entretenimiento","tag-trenque-lauquen"],"featured_image_urls":{"full":["https:\/\/infoecos.com.ar\/wp-content\/uploads\/2026\/08\/Aniversario-30-de-Agosto-02-scaled.jpg",2560,1706,false],"thumbnail":["https:\/\/infoecos.com.ar\/wp-content\/uploads\/2026\/08\/Aniversario-30-de-Agosto-02-300x150.jpg",300,150,true],"medium":["https:\/\/infoecos.com.ar\/wp-content\/uploads\/2026\/08\/Aniversario-30-de-Agosto-02-800x533.jpg",800,533,true],"medium_large":["https:\/\/infoecos.com.ar\/wp-content\/uploads\/2026\/08\/Aniversario-30-de-Agosto-02-767x511.jpg",640,426,true],"large":["https:\/\/infoecos.com.ar\/wp-content\/uploads\/2026\/08\/Aniversario-30-de-Agosto-02-1600x1067.jpg",640,427,true],"1536x1536":["https:\/\/infoecos.com.ar\/wp-content\/uploads\/2026\/08\/Aniversario-30-de-Agosto-02-1536x1024.jpg",1536,1024,true],"2048x2048":["https:\/\/infoecos.com.ar\/wp-content\/uploads\/2026\/08\/Aniversario-30-de-Agosto-02-2048x1365.jpg",2048,1365,true],"covernews-slider-full":["https:\/\/infoecos.com.ar\/wp-content\/uploads\/2026\/08\/Aniversario-30-de-Agosto-02-1115x715.jpg",1115,715,true],"covernews-slider-center":["https:\/\/infoecos.com.ar\/wp-content\/uploads\/2026\/08\/Aniversario-30-de-Agosto-02-800x500.jpg",800,500,true],"covernews-featured":["https:\/\/infoecos.com.ar\/wp-content\/uploads\/2026\/08\/Aniversario-30-de-Agosto-02-1023x682.jpg",1023,682,true],"covernews-medium":["https:\/\/infoecos.com.ar\/wp-content\/uploads\/2026\/08\/Aniversario-30-de-Agosto-02-540x340.jpg",540,340,true],"covernews-medium-square":["https:\/\/infoecos.com.ar\/wp-content\/uploads\/2026\/08\/Aniversario-30-de-Agosto-02-400x250.jpg",400,250,true]},"author_info":{"info":["Jorge Matheus"]},"category_info":"<a href=\"https:\/\/infoecos.com.ar\/index.php\/category\/sin-categoria\/\" rel=\"category tag\">Sin categor\u00eda<\/a>","tag_info":"Sin categor\u00eda","comment_count":"0","_links":{"self":[{"href":"https:\/\/infoecos.com.ar\/index.php\/wp-json\/wp\/v2\/posts\/163067","targetHints":{"allow":["GET"]}}],"collection":[{"href":"https:\/\/infoecos.com.ar\/index.php\/wp-json\/wp\/v2\/posts"}],"about":[{"href":"https:\/\/infoecos.com.ar\/index.php\/wp-json\/wp\/v2\/types\/post"}],"author":[{"embeddable":true,"href":"https:\/\/infoecos.com.ar\/index.php\/wp-json\/wp\/v2\/users\/2"}],"replies":[{"embeddable":true,"href":"https:\/\/infoecos.com.ar\/index.php\/wp-json\/wp\/v2\/comments?post=163067"}],"version-history":[{"count":1,"href":"https:\/\/infoecos.com.ar\/index.php\/wp-json\/wp\/v2\/posts\/163067\/revisions"}],"predecessor-version":[{"id":163074,"href":"https:\/\/infoecos.com.ar\/index.php\/wp-json\/wp\/v2\/posts\/163067\/revisions\/163074"}],"wp:featuredmedia":[{"embeddable":true,"href":"https:\/\/infoecos.com.ar\/index.php\/wp-json\/wp\/v2\/media\/163069"}],"wp:attachment":[{"href":"https:\/\/infoecos.com.ar\/index.php\/wp-json\/wp\/v2\/media?parent=163067"}],"wp:term":[{"taxonomy":"category","embeddable":true,"href":"https:\/\/infoecos.com.ar\/index.php\/wp-json\/wp\/v2\/categories?post=163067"},{"taxonomy":"post_tag","embeddable":true,"href":"https:\/\/infoecos.com.ar\/index.php\/wp-json\/wp\/v2\/tags?post=163067"}],"curies":[{"name":"wp","href":"https:\/\/api.w.org\/{rel}","templated":true}]}}