{"id":163076,"date":"2026-08-31T19:24:05","date_gmt":"2026-08-31T22:24:05","guid":{"rendered":"https:\/\/infoecos.com.ar\/?p=163076"},"modified":"2026-08-31T19:24:05","modified_gmt":"2026-08-31T22:24:05","slug":"valorar-y-proyectar-omar-sanchez-en-el-116-aniversario-de-30-de-agosto","status":"publish","type":"post","link":"https:\/\/infoecos.com.ar\/index.php\/valorar-y-proyectar-omar-sanchez-en-el-116-aniversario-de-30-de-agosto\/","title":{"rendered":"#Valorar y Proyectar: Omar S\u00e1nchez en el 116 aniversario de 30 de Agosto"},"content":{"rendered":"\n<figure class=\"wp-block-image size-large\"><img loading=\"lazy\" decoding=\"async\" width=\"1600\" height=\"1066\" src=\"https:\/\/infoecos.com.ar\/wp-content\/uploads\/2026\/08\/Discurso-Omar-Sanchez-30-de-Agosto-1600x1066.jpeg\" alt=\"\" class=\"wp-image-163077\" srcset=\"https:\/\/infoecos.com.ar\/wp-content\/uploads\/2026\/08\/Discurso-Omar-Sanchez-30-de-Agosto-1600x1066.jpeg 1600w, https:\/\/infoecos.com.ar\/wp-content\/uploads\/2026\/08\/Discurso-Omar-Sanchez-30-de-Agosto-800x533.jpeg 800w, https:\/\/infoecos.com.ar\/wp-content\/uploads\/2026\/08\/Discurso-Omar-Sanchez-30-de-Agosto-767x511.jpeg 767w, https:\/\/infoecos.com.ar\/wp-content\/uploads\/2026\/08\/Discurso-Omar-Sanchez-30-de-Agosto-1536x1024.jpeg 1536w, https:\/\/infoecos.com.ar\/wp-content\/uploads\/2026\/08\/Discurso-Omar-Sanchez-30-de-Agosto-2048x1365.jpeg 2048w, https:\/\/infoecos.com.ar\/wp-content\/uploads\/2026\/08\/Discurso-Omar-Sanchez-30-de-Agosto-1023x682.jpeg 1023w\" sizes=\"auto, (max-width: 1600px) 100vw, 1600px\" \/><\/figure>\n\n\n\n<p class=\"wp-block-paragraph\">El director del Ente Descentralizado de 30 de Agosto, Omar S\u00e1nchez, destac\u00f3 la importancia de la fecha como una oportunidad para hacer una pausa, valorar lo realizado y proyectar el futuro de la comunidad.<\/p>\n\n\n\n<p class=\"wp-block-paragraph\">\u201cCumplir 116 a\u00f1os es, sin lugar a dudas, un momento importante para una sociedad, pero tambi\u00e9n es una oportunidad para hacer una pausa, pensar y volver a proyectar y reprogramar hacia d\u00f3nde vamos\u201d, se\u00f1al\u00f3.<\/p>\n\n\n\n<p class=\"wp-block-paragraph\">S\u00e1nchez valor\u00f3 especialmente la posibilidad de que distintas instituciones de la comunidad trabajen de manera conjunta. Como ejemplo, se refiri\u00f3 al tradicional almuerzo aniversario que hist\u00f3ricamente organizaba la parroquia Santa Rosa de Lima y que este a\u00f1o incorpor\u00f3 la participaci\u00f3n de Bomberos Voluntarios, permitiendo reunir a m\u00e1s de 300 personas.<\/p>\n\n\n\n<p class=\"wp-block-paragraph\">\u201cHoy empezamos a caminar un espacio en com\u00fan, empezamos a compartir una mesa, un asado y la tradici\u00f3n de encontrarnos. La grandeza de la gente de la Parroquia Santa Rosa de Lima, de abrir sus puertas y su tradici\u00f3n para que participe otra instituci\u00f3n intermedia como Bomberos Voluntarios, marca que tenemos que estar todos juntos trabajando por un mismo objetivo porque 30 de Agosto lo merece\u201d, afirm\u00f3.<\/p>\n\n\n\n<p class=\"wp-block-paragraph\">El director del Ente Descentralizado de 30 de Agosto tambi\u00e9n destac\u00f3 el reconocimiento realizado durante la jornada a comerciantes que llevan m\u00e1s de 50 a\u00f1os desarrollando sus actividades en la localidad. En ese marco, puso en valor el compromiso cotidiano de comerciantes, emprendedores, empresas e instituciones que contribuyen al crecimiento de 30 de Agosto.<\/p>\n\n\n\n<p class=\"wp-block-paragraph\">\u201cSon infinitos los hombres y mujeres que se levantan todos los d\u00edas con la camiseta de 30 de Agosto puesta para construirla. Para ellos es un buen momento para reconocerlos\u201d, expres\u00f3.<\/p>\n\n\n\n<p class=\"wp-block-paragraph\">Al realizar un repaso de las acciones desarrolladas durante el a\u00f1o, S\u00e1nchez destac\u00f3 el trabajo realizado en distintas instituciones educativas de 30 de Agosto y escuelas rurales, como Trong\u00e9, Girod\u00edas, La Carreta, as\u00ed como la recuperaci\u00f3n de la Escuela Primaria n.\u00ba 17, cuyo techo hab\u00eda sido severamente afectado por un temporal.<\/p>\n\n\n\n<p class=\"wp-block-paragraph\">\u201cPens\u00e1bamos que se hab\u00edan volado 100 a\u00f1os de historia de esta comunidad. Pero en menos de cinco meses pudimos reconstruir esa escuela. Eso es trabajo en equipo, compromiso de muchas instituciones, proveedores, profesionales, arquitectos y trabajadores que se pusieron a trabajar en serio\u201d, sostuvo.<\/p>\n\n\n\n<p class=\"wp-block-paragraph\">En este punto, remarc\u00f3 que la recuperaci\u00f3n de la escuela fue posible gracias al compromiso de toda la comunidad, pero tambi\u00e9n a una decisi\u00f3n pol\u00edtica de avanzar en la reconstrucci\u00f3n de un espacio que forma parte de la historia de 30 de Agosto.<\/p>\n\n\n\n<p class=\"wp-block-paragraph\">S\u00e1nchez mencion\u00f3 adem\u00e1s otros proyectos y obras impulsados durante el a\u00f1o, entre ellos la recuperaci\u00f3n y ampliaci\u00f3n del sistema de c\u00e1maras de seguridad, la instalaci\u00f3n de iluminaci\u00f3n LED \u2014con unas 300 luminarias en el cuadro de estaci\u00f3n\u2014 y los trabajos realizados en el Hospital Municipal, donde se recuperaron m\u00e1s de 800 metros cuadrados de la cubierta, incluyendo sectores que contaban con chapas instaladas en el a\u00f1o 1950.<\/p>\n\n\n\n<p class=\"wp-block-paragraph\">\u201cFaltan cosas, sin lugar a dudas, falta mucho por hacer, pero tenemos la decisi\u00f3n y las ganas de estar todos los d\u00edas trabajando para avanzar en el desarrollo de nuestro 30 de Agosto\u201d, afirm\u00f3.<\/p>\n\n\n\n<p class=\"wp-block-paragraph\">Asimismo, destac\u00f3 la importancia de contar con un equipo de trabajo joven y comprometido, tanto en el Ejecutivo como en el Legislativo, y convoc\u00f3 a toda la comunidad a trabajar de manera conjunta.<\/p>\n\n\n\n<p class=\"wp-block-paragraph\">\u201cTenemos que estar todos y cada uno de nosotros caminando juntos por un 30 de Agosto mejor, por un Trenque Lauquen mejor, por esto que nos permite compartir en familia y disfrutar de estos grandes momentos\u201d, manifest\u00f3.<\/p>\n\n\n\n<p class=\"wp-block-paragraph\">Durante su discurso, S\u00e1nchez tambi\u00e9n agradeci\u00f3 al intendente Francisco Recoulat y a todo el equipo de gobierno por el acompa\u00f1amiento permanente, as\u00ed como a los trabajadores municipales, profesionales, m\u00e9dicos y a todas las personas que contribuyen diariamente al funcionamiento y crecimiento de la comunidad.<\/p>\n\n\n\n<p class=\"wp-block-paragraph\">En otro tramo, hizo referencia a las pol\u00edticas habitacionales y al desarrollo de tierras, destacando el trabajo conjunto para avanzar en el programa \u201cMi Lote\u201d y la puesta en marcha de cinco viviendas bajo la modalidad de C\u00edrculo Cerrado.<\/p>\n\n\n\n<p class=\"wp-block-paragraph\">\u201cPodr\u00e1n mirarse desde distintos lados, la realidad es que es la Municipalidad de Trenque Lauquen, el Ente Descentralizado, y esta gesti\u00f3n que est\u00e1 poniendo en marcha la construcci\u00f3n de viviendas en este sector del oeste de la provincia de Buenos Aires, mientras tenemos ausencia de planes nacionales o provinciales\u201d, sostuvo.<\/p>\n\n\n\n<figure class=\"wp-block-gallery has-nested-images columns-default is-cropped wp-block-gallery-1 is-layout-flex wp-block-gallery-is-layout-flex\">\n<figure class=\"wp-block-image size-large\"><img loading=\"lazy\" decoding=\"async\" width=\"1600\" height=\"900\" data-id=\"163080\" src=\"https:\/\/infoecos.com.ar\/wp-content\/uploads\/2026\/08\/Aniversario-30-de-Agosto-16-1600x900.jpg\" alt=\"\" class=\"wp-image-163080\" srcset=\"https:\/\/infoecos.com.ar\/wp-content\/uploads\/2026\/08\/Aniversario-30-de-Agosto-16-1600x900.jpg 1600w, https:\/\/infoecos.com.ar\/wp-content\/uploads\/2026\/08\/Aniversario-30-de-Agosto-16-800x450.jpg 800w, https:\/\/infoecos.com.ar\/wp-content\/uploads\/2026\/08\/Aniversario-30-de-Agosto-16-768x432.jpg 768w, https:\/\/infoecos.com.ar\/wp-content\/uploads\/2026\/08\/Aniversario-30-de-Agosto-16-1536x864.jpg 1536w, https:\/\/infoecos.com.ar\/wp-content\/uploads\/2026\/08\/Aniversario-30-de-Agosto-16-2048x1152.jpg 2048w, https:\/\/infoecos.com.ar\/wp-content\/uploads\/2026\/08\/Aniversario-30-de-Agosto-16-1024x576.jpg 1024w\" sizes=\"auto, (max-width: 1600px) 100vw, 1600px\" \/><\/figure>\n\n\n\n<figure class=\"wp-block-image size-large\"><img loading=\"lazy\" decoding=\"async\" width=\"1600\" height=\"900\" data-id=\"163078\" src=\"https:\/\/infoecos.com.ar\/wp-content\/uploads\/2026\/08\/Aniversario-30-de-Agosto-17-1600x900.jpg\" alt=\"\" class=\"wp-image-163078\" srcset=\"https:\/\/infoecos.com.ar\/wp-content\/uploads\/2026\/08\/Aniversario-30-de-Agosto-17-1600x900.jpg 1600w, https:\/\/infoecos.com.ar\/wp-content\/uploads\/2026\/08\/Aniversario-30-de-Agosto-17-800x450.jpg 800w, https:\/\/infoecos.com.ar\/wp-content\/uploads\/2026\/08\/Aniversario-30-de-Agosto-17-768x432.jpg 768w, https:\/\/infoecos.com.ar\/wp-content\/uploads\/2026\/08\/Aniversario-30-de-Agosto-17-1536x864.jpg 1536w, https:\/\/infoecos.com.ar\/wp-content\/uploads\/2026\/08\/Aniversario-30-de-Agosto-17-2048x1152.jpg 2048w, https:\/\/infoecos.com.ar\/wp-content\/uploads\/2026\/08\/Aniversario-30-de-Agosto-17-1024x576.jpg 1024w\" sizes=\"auto, (max-width: 1600px) 100vw, 1600px\" \/><\/figure>\n\n\n\n<figure class=\"wp-block-image size-large\"><img loading=\"lazy\" decoding=\"async\" width=\"1600\" height=\"1200\" data-id=\"163079\" src=\"https:\/\/infoecos.com.ar\/wp-content\/uploads\/2026\/08\/Aniversario-30-de-Agosto-18-1600x1200.jpg\" alt=\"\" class=\"wp-image-163079\" srcset=\"https:\/\/infoecos.com.ar\/wp-content\/uploads\/2026\/08\/Aniversario-30-de-Agosto-18-1600x1200.jpg 1600w, https:\/\/infoecos.com.ar\/wp-content\/uploads\/2026\/08\/Aniversario-30-de-Agosto-18-800x600.jpg 800w, https:\/\/infoecos.com.ar\/wp-content\/uploads\/2026\/08\/Aniversario-30-de-Agosto-18-768x576.jpg 768w, https:\/\/infoecos.com.ar\/wp-content\/uploads\/2026\/08\/Aniversario-30-de-Agosto-18-1536x1152.jpg 1536w, https:\/\/infoecos.com.ar\/wp-content\/uploads\/2026\/08\/Aniversario-30-de-Agosto-18-2048x1536.jpg 2048w, https:\/\/infoecos.com.ar\/wp-content\/uploads\/2026\/08\/Aniversario-30-de-Agosto-18-1024x768.jpg 1024w\" sizes=\"auto, (max-width: 1600px) 100vw, 1600px\" \/><\/figure>\n<\/figure>\n\n\n\n<p class=\"wp-block-paragraph\">Finalmente, S\u00e1nchez llam\u00f3 a la comunidad a valorar los logros alcanzados y a continuar trabajando en conjunto para construir el futuro de la localidad.<\/p>\n\n\n\n<p class=\"wp-block-paragraph\">\u201cCelebremos lo que tenemos a favor y disfrutemos lo que podemos construir todos los d\u00edas. Ac\u00e1 no sobra nadie, todos tenemos que estar caminando juntos por un 30 de Agosto mejor\u201d, concluy\u00f3, antes de desear a todos los vecinos un feliz 116\u00ba aniversario.<\/p>\n\n\n\n<p class=\"wp-block-paragraph\"><strong>Fuente: Prensa Municipalidad de Trenque Lauquen  <\/strong><\/p>\n","protected":false},"excerpt":{"rendered":"<p>El director del Ente Descentralizado de 30 de Agosto, Omar S\u00e1nchez, destac\u00f3 la importancia de&#8230;<\/p>\n","protected":false},"author":2,"featured_media":163080,"comment_status":"closed","ping_status":"open","sticky":false,"template":"","format":"standard","meta":{"footnotes":""},"categories":[1],"tags":[10298,10290,5],"class_list":["post-163076","post","type-post","status-publish","format-standard","has-post-thumbnail","hentry","category-sin-categoria","tag-bloque-inferior","tag-entretenimiento","tag-trenque-lauquen"],"featured_image_urls":{"full":["https:\/\/infoecos.com.ar\/wp-content\/uploads\/2026\/08\/Aniversario-30-de-Agosto-16-scaled.jpg",2560,1440,false],"thumbnail":["https:\/\/infoecos.com.ar\/wp-content\/uploads\/2026\/08\/Aniversario-30-de-Agosto-16-300x150.jpg",300,150,true],"medium":["https:\/\/infoecos.com.ar\/wp-content\/uploads\/2026\/08\/Aniversario-30-de-Agosto-16-800x450.jpg",800,450,true],"medium_large":["https:\/\/infoecos.com.ar\/wp-content\/uploads\/2026\/08\/Aniversario-30-de-Agosto-16-768x432.jpg",640,360,true],"large":["https:\/\/infoecos.com.ar\/wp-content\/uploads\/2026\/08\/Aniversario-30-de-Agosto-16-1600x900.jpg",640,360,true],"1536x1536":["https:\/\/infoecos.com.ar\/wp-content\/uploads\/2026\/08\/Aniversario-30-de-Agosto-16-1536x864.jpg",1536,864,true],"2048x2048":["https:\/\/infoecos.com.ar\/wp-content\/uploads\/2026\/08\/Aniversario-30-de-Agosto-16-2048x1152.jpg",2048,1152,true],"covernews-slider-full":["https:\/\/infoecos.com.ar\/wp-content\/uploads\/2026\/08\/Aniversario-30-de-Agosto-16-1115x715.jpg",1115,715,true],"covernews-slider-center":["https:\/\/infoecos.com.ar\/wp-content\/uploads\/2026\/08\/Aniversario-30-de-Agosto-16-800x500.jpg",800,500,true],"covernews-featured":["https:\/\/infoecos.com.ar\/wp-content\/uploads\/2026\/08\/Aniversario-30-de-Agosto-16-1024x576.jpg",1024,576,true],"covernews-medium":["https:\/\/infoecos.com.ar\/wp-content\/uploads\/2026\/08\/Aniversario-30-de-Agosto-16-540x340.jpg",540,340,true],"covernews-medium-square":["https:\/\/infoecos.com.ar\/wp-content\/uploads\/2026\/08\/Aniversario-30-de-Agosto-16-400x250.jpg",400,250,true]},"author_info":{"info":["Jorge Matheus"]},"category_info":"<a href=\"https:\/\/infoecos.com.ar\/index.php\/category\/sin-categoria\/\" rel=\"category tag\">Sin categor\u00eda<\/a>","tag_info":"Sin categor\u00eda","comment_count":"0","_links":{"self":[{"href":"https:\/\/infoecos.com.ar\/index.php\/wp-json\/wp\/v2\/posts\/163076","targetHints":{"allow":["GET"]}}],"collection":[{"href":"https:\/\/infoecos.com.ar\/index.php\/wp-json\/wp\/v2\/posts"}],"about":[{"href":"https:\/\/infoecos.com.ar\/index.php\/wp-json\/wp\/v2\/types\/post"}],"author":[{"embeddable":true,"href":"https:\/\/infoecos.com.ar\/index.php\/wp-json\/wp\/v2\/users\/2"}],"replies":[{"embeddable":true,"href":"https:\/\/infoecos.com.ar\/index.php\/wp-json\/wp\/v2\/comments?post=163076"}],"version-history":[{"count":1,"href":"https:\/\/infoecos.com.ar\/index.php\/wp-json\/wp\/v2\/posts\/163076\/revisions"}],"predecessor-version":[{"id":163081,"href":"https:\/\/infoecos.com.ar\/index.php\/wp-json\/wp\/v2\/posts\/163076\/revisions\/163081"}],"wp:featuredmedia":[{"embeddable":true,"href":"https:\/\/infoecos.com.ar\/index.php\/wp-json\/wp\/v2\/media\/163080"}],"wp:attachment":[{"href":"https:\/\/infoecos.com.ar\/index.php\/wp-json\/wp\/v2\/media?parent=163076"}],"wp:term":[{"taxonomy":"category","embeddable":true,"href":"https:\/\/infoecos.com.ar\/index.php\/wp-json\/wp\/v2\/categories?post=163076"},{"taxonomy":"post_tag","embeddable":true,"href":"https:\/\/infoecos.com.ar\/index.php\/wp-json\/wp\/v2\/tags?post=163076"}],"curies":[{"name":"wp","href":"https:\/\/api.w.org\/{rel}","templated":true}]}}