{"id":163096,"date":"2026-09-01T00:15:51","date_gmt":"2026-09-01T03:15:51","guid":{"rendered":"https:\/\/infoecos.com.ar\/?p=163096"},"modified":"2026-09-01T00:15:56","modified_gmt":"2026-09-01T03:15:56","slug":"rio-v-uno-de-los-temas-abordados-por-kicillof-y-ziliotto-en-santa-rosa-este-lunes","status":"publish","type":"post","link":"https:\/\/infoecos.com.ar\/index.php\/rio-v-uno-de-los-temas-abordados-por-kicillof-y-ziliotto-en-santa-rosa-este-lunes\/","title":{"rendered":"#R\u00edo V: Uno de los temas abordados por Kicillof y Ziliotto en Santa Rosa, este lunes"},"content":{"rendered":"\n<p class=\"wp-block-paragraph\">El gobernador de Buenos Aires,\u00a0<strong>Axel Kicillof,<\/strong>\u00a0y su par de La pampa,\u00a0<strong>Sergio Ziliotto<\/strong>, acordaron avanzar en un sistema integrado de monitoreo y alerta temprana para\u00a0<strong>anticipar posibles crecidas del r\u00edo V<\/strong>, al tiempo que le reclamaron a Naci\u00f3n que utilice el Fondo H\u00eddrico en obras de prevenci\u00f3n.<\/p>\n\n\n\n<figure class=\"wp-block-image size-full\"><img loading=\"lazy\" decoding=\"async\" width=\"1200\" height=\"631\" src=\"https:\/\/infoecos.com.ar\/wp-content\/uploads\/2026\/09\/image-1.png\" alt=\"\" class=\"wp-image-163098\" srcset=\"https:\/\/infoecos.com.ar\/wp-content\/uploads\/2026\/09\/image-1.png 1200w, https:\/\/infoecos.com.ar\/wp-content\/uploads\/2026\/09\/image-1-800x421.png 800w, https:\/\/infoecos.com.ar\/wp-content\/uploads\/2026\/09\/image-1-766x403.png 766w, https:\/\/infoecos.com.ar\/wp-content\/uploads\/2026\/09\/image-1-1023x538.png 1023w\" sizes=\"auto, (max-width: 1200px) 100vw, 1200px\" \/><\/figure>\n\n\n\n<p class=\"wp-block-paragraph\">En su visita a Santa Rosa, Kicillof acord\u00f3 con Ziliotto avanzar en un&nbsp;<strong>sistema integrado de monitoreo y alerta temprana<\/strong>&nbsp;para anticipar posibles crecidas del r\u00edo V y otros excedentes h\u00eddricos&nbsp;<strong>ante el escenario clim\u00e1tico de El Ni\u00f1o<\/strong>, previsto para los pr\u00f3ximos meses<\/p>\n\n\n\n<p class=\"wp-block-paragraph\">El acuerdo se inscribe en este fen\u00f3meno clim\u00e1tico que de acuerdo con las proyecciones de especialistas podr\u00eda presentar una intensidad severa, con precipitaciones por encima de los valores habituales y episodios de corta duraci\u00f3n, pero fuerte intensidad.<\/p>\n\n\n\n<p class=\"wp-block-paragraph\">La cuenca del r\u00edo V involucra adem\u00e1s a San Luis, C\u00f3rdoba y Santa Fe. Por esa raz\u00f3n, Ziliotto destac\u00f3 el trabajo que se desarrolla dentro del Comit\u00e9 Interjurisdiccional de la Regi\u00f3n H\u00eddrica del Noroeste de la Llanura Pampeana (Cirhnop), aunque remarc\u00f3 que\u00a0<strong>la coordinaci\u00f3n con Buenos Aires resulta especialmente necesaria por el recorrido que realizan las aguas hacia el territorio bonaerense.<\/strong><\/p>\n\n\n\n<p class=\"wp-block-paragraph\">En el acto que se realiz\u00f3 en el Sal\u00f3n de Acuerdos de Casa de Gobierno estuvieron presentes funcionarios de ambas provincias e intendentes. Entre ellos, los jefes comunales de Santa Rosa, Luciano di N\u00e1poli, y de General Pico, Fernanda Alonso. Tambi\u00e9n lleg\u00f3 Ariel Sucurro, intendente de Salliquel\u00f3.<\/p>\n\n\n\n<figure class=\"wp-block-image size-full\"><img loading=\"lazy\" decoding=\"async\" width=\"1000\" height=\"610\" src=\"https:\/\/infoecos.com.ar\/wp-content\/uploads\/2026\/09\/image.png\" alt=\"\" class=\"wp-image-163097\" srcset=\"https:\/\/infoecos.com.ar\/wp-content\/uploads\/2026\/09\/image.png 1000w, https:\/\/infoecos.com.ar\/wp-content\/uploads\/2026\/09\/image-800x488.png 800w, https:\/\/infoecos.com.ar\/wp-content\/uploads\/2026\/09\/image-767x468.png 767w\" sizes=\"auto, (max-width: 1000px) 100vw, 1000px\" \/><\/figure>\n\n\n\n<p class=\"wp-block-paragraph\">El mandatario pampeano destac\u00f3 la necesidad de una mirada amplia sobre el problema h\u00eddrico: \u00abCada d\u00eda que pasa se confirma lo considerable que va a ser los efectos de El Ni\u00f1o, y nos permite darle la magnitud y trabajar en ese efecto\u00bb, afirm\u00f3. A\u00f1adi\u00f3 que, para tal fin, se ha creado un \u00e1rea espec\u00edfica para trabajar en conjunto con todos los intendentes, \u00abporque es un tema de todos\u00bb.<\/p>\n\n\n\n<p class=\"wp-block-paragraph\"><\/p>\n","protected":false},"excerpt":{"rendered":"<p>El gobernador de Buenos Aires,\u00a0Axel Kicillof,\u00a0y su par de La pampa,\u00a0Sergio Ziliotto, acordaron avanzar en&#8230;<\/p>\n","protected":false},"author":2,"featured_media":163098,"comment_status":"closed","ping_status":"open","sticky":false,"template":"","format":"standard","meta":{"footnotes":""},"categories":[1612],"tags":[10298],"class_list":["post-163096","post","type-post","status-publish","format-standard","has-post-thumbnail","hentry","category-noticia-principal","tag-bloque-inferior"],"featured_image_urls":{"full":["https:\/\/infoecos.com.ar\/wp-content\/uploads\/2026\/09\/image-1.png",1200,631,false],"thumbnail":["https:\/\/infoecos.com.ar\/wp-content\/uploads\/2026\/09\/image-1-300x150.png",300,150,true],"medium":["https:\/\/infoecos.com.ar\/wp-content\/uploads\/2026\/09\/image-1-800x421.png",800,421,true],"medium_large":["https:\/\/infoecos.com.ar\/wp-content\/uploads\/2026\/09\/image-1-766x403.png",640,337,true],"large":["https:\/\/infoecos.com.ar\/wp-content\/uploads\/2026\/09\/image-1.png",640,337,false],"1536x1536":["https:\/\/infoecos.com.ar\/wp-content\/uploads\/2026\/09\/image-1.png",1200,631,false],"2048x2048":["https:\/\/infoecos.com.ar\/wp-content\/uploads\/2026\/09\/image-1.png",1200,631,false],"covernews-slider-full":["https:\/\/infoecos.com.ar\/wp-content\/uploads\/2026\/09\/image-1-1115x631.png",1115,631,true],"covernews-slider-center":["https:\/\/infoecos.com.ar\/wp-content\/uploads\/2026\/09\/image-1-800x500.png",800,500,true],"covernews-featured":["https:\/\/infoecos.com.ar\/wp-content\/uploads\/2026\/09\/image-1-1023x538.png",1023,538,true],"covernews-medium":["https:\/\/infoecos.com.ar\/wp-content\/uploads\/2026\/09\/image-1-540x340.png",540,340,true],"covernews-medium-square":["https:\/\/infoecos.com.ar\/wp-content\/uploads\/2026\/09\/image-1-400x250.png",400,250,true]},"author_info":{"info":["Jorge Matheus"]},"category_info":"<a href=\"https:\/\/infoecos.com.ar\/index.php\/category\/noticia-principal\/\" rel=\"category tag\">Noticia Principal<\/a>","tag_info":"Noticia Principal","comment_count":"0","_links":{"self":[{"href":"https:\/\/infoecos.com.ar\/index.php\/wp-json\/wp\/v2\/posts\/163096","targetHints":{"allow":["GET"]}}],"collection":[{"href":"https:\/\/infoecos.com.ar\/index.php\/wp-json\/wp\/v2\/posts"}],"about":[{"href":"https:\/\/infoecos.com.ar\/index.php\/wp-json\/wp\/v2\/types\/post"}],"author":[{"embeddable":true,"href":"https:\/\/infoecos.com.ar\/index.php\/wp-json\/wp\/v2\/users\/2"}],"replies":[{"embeddable":true,"href":"https:\/\/infoecos.com.ar\/index.php\/wp-json\/wp\/v2\/comments?post=163096"}],"version-history":[{"count":1,"href":"https:\/\/infoecos.com.ar\/index.php\/wp-json\/wp\/v2\/posts\/163096\/revisions"}],"predecessor-version":[{"id":163099,"href":"https:\/\/infoecos.com.ar\/index.php\/wp-json\/wp\/v2\/posts\/163096\/revisions\/163099"}],"wp:featuredmedia":[{"embeddable":true,"href":"https:\/\/infoecos.com.ar\/index.php\/wp-json\/wp\/v2\/media\/163098"}],"wp:attachment":[{"href":"https:\/\/infoecos.com.ar\/index.php\/wp-json\/wp\/v2\/media?parent=163096"}],"wp:term":[{"taxonomy":"category","embeddable":true,"href":"https:\/\/infoecos.com.ar\/index.php\/wp-json\/wp\/v2\/categories?post=163096"},{"taxonomy":"post_tag","embeddable":true,"href":"https:\/\/infoecos.com.ar\/index.php\/wp-json\/wp\/v2\/tags?post=163096"}],"curies":[{"name":"wp","href":"https:\/\/api.w.org\/{rel}","templated":true}]}}