{"id":163102,"date":"2026-09-01T14:03:17","date_gmt":"2026-09-01T17:03:17","guid":{"rendered":"https:\/\/infoecos.com.ar\/?p=163102"},"modified":"2026-09-01T14:03:18","modified_gmt":"2026-09-01T17:03:18","slug":"general-villegas-y-el-futuro-se-entregaron-44-terrenos-correspondientes-a-la-ex-quinta-del-valle","status":"publish","type":"post","link":"https:\/\/infoecos.com.ar\/index.php\/general-villegas-y-el-futuro-se-entregaron-44-terrenos-correspondientes-a-la-ex-quinta-del-valle\/","title":{"rendered":"#General Villegas y el futuro: Se entregaron 44 terrenos correspondientes a la ex Quinta Del Valle."},"content":{"rendered":"\n<p class=\"wp-block-paragraph\">Se realiz\u00f3 en el Sal\u00f3n Dorado de la Municipalidad de General Villegas, el acto de entrega de 44 terrenos correspondientes a la ex Quinta Del Valle.<\/p>\n\n\n\n<p class=\"wp-block-paragraph\">El intendente municipal, doctor Gilberto Alegre se\u00f1al\u00f3 que el objetivo del Municipio es dar respuesta a una de las primeras dificultades que deben afrontar quienes aspiran a construir su vivienda: acceder a un terreno.<\/p>\n\n\n\n<p class=\"wp-block-paragraph\">Explic\u00f3 que la situaci\u00f3n actual limita la posibilidad de desarrollar programas de viviendas como los que se llevaron adelante en gestiones anteriores. \u201cNos hubiera gustado poder hacer entrega de terrenos o viviendas como lo hicimos ya en otro momento, pero no hay dinero para viviendas en el gobierno nacional ni en el gobierno provincial\u201d, sostuvo.<\/p>\n\n\n\n<figure class=\"wp-block-gallery has-nested-images columns-default is-cropped wp-block-gallery-1 is-layout-flex wp-block-gallery-is-layout-flex\">\n<figure class=\"wp-block-image size-full\"><img loading=\"lazy\" decoding=\"async\" width=\"1204\" height=\"1600\" data-id=\"163103\" src=\"https:\/\/infoecos.com.ar\/wp-content\/uploads\/2026\/09\/WhatsApp-Image-2026-08-28-at-10.46.50-1.jpeg\" alt=\"\" class=\"wp-image-163103\" srcset=\"https:\/\/infoecos.com.ar\/wp-content\/uploads\/2026\/09\/WhatsApp-Image-2026-08-28-at-10.46.50-1.jpeg 1204w, https:\/\/infoecos.com.ar\/wp-content\/uploads\/2026\/09\/WhatsApp-Image-2026-08-28-at-10.46.50-1-602x800.jpeg 602w, https:\/\/infoecos.com.ar\/wp-content\/uploads\/2026\/09\/WhatsApp-Image-2026-08-28-at-10.46.50-1-768x1020.jpeg 768w, https:\/\/infoecos.com.ar\/wp-content\/uploads\/2026\/09\/WhatsApp-Image-2026-08-28-at-10.46.50-1-1156x1536.jpeg 1156w, https:\/\/infoecos.com.ar\/wp-content\/uploads\/2026\/09\/WhatsApp-Image-2026-08-28-at-10.46.50-1-1023x1360.jpeg 1023w\" sizes=\"auto, (max-width: 1204px) 100vw, 1204px\" \/><\/figure>\n\n\n\n<figure class=\"wp-block-image size-full\"><img loading=\"lazy\" decoding=\"async\" width=\"1186\" height=\"828\" data-id=\"163104\" src=\"https:\/\/infoecos.com.ar\/wp-content\/uploads\/2026\/09\/WhatsApp-Image-2026-08-28-at-10.46.59.jpeg\" alt=\"\" class=\"wp-image-163104\" srcset=\"https:\/\/infoecos.com.ar\/wp-content\/uploads\/2026\/09\/WhatsApp-Image-2026-08-28-at-10.46.59.jpeg 1186w, https:\/\/infoecos.com.ar\/wp-content\/uploads\/2026\/09\/WhatsApp-Image-2026-08-28-at-10.46.59-800x559.jpeg 800w, https:\/\/infoecos.com.ar\/wp-content\/uploads\/2026\/09\/WhatsApp-Image-2026-08-28-at-10.46.59-768x536.jpeg 768w, https:\/\/infoecos.com.ar\/wp-content\/uploads\/2026\/09\/WhatsApp-Image-2026-08-28-at-10.46.59-1023x714.jpeg 1023w\" sizes=\"auto, (max-width: 1186px) 100vw, 1186px\" \/><\/figure>\n\n\n\n<figure class=\"wp-block-image size-full\"><img loading=\"lazy\" decoding=\"async\" width=\"1600\" height=\"1204\" data-id=\"163105\" src=\"https:\/\/infoecos.com.ar\/wp-content\/uploads\/2026\/09\/WhatsApp-Image-2026-08-28-at-10.47.00-2.jpeg\" alt=\"\" class=\"wp-image-163105\" srcset=\"https:\/\/infoecos.com.ar\/wp-content\/uploads\/2026\/09\/WhatsApp-Image-2026-08-28-at-10.47.00-2.jpeg 1600w, https:\/\/infoecos.com.ar\/wp-content\/uploads\/2026\/09\/WhatsApp-Image-2026-08-28-at-10.47.00-2-1536x1156.jpeg 1536w, https:\/\/infoecos.com.ar\/wp-content\/uploads\/2026\/09\/WhatsApp-Image-2026-08-28-at-10.47.00-2-1023x770.jpeg 1023w\" sizes=\"auto, (max-width: 1600px) 100vw, 1600px\" \/><\/figure>\n<\/figure>\n\n\n\n<p class=\"wp-block-paragraph\">El intendente explic\u00f3 que se defini\u00f3 avanzar sobre el acceso a la tierra como una primera respuesta concreta: \u201cDecidimos tratar de resolver el primer tema. Si tienen terreno, en el futuro tendr\u00e1n una casa propia\u201d.<\/p>\n\n\n\n<p class=\"wp-block-paragraph\">Alegre remarc\u00f3 adem\u00e1s que la adjudicaci\u00f3n de un lote no debe entenderse solamente como la entrega de una parcela, sino como un punto de partida. \u201cCada uno de ustedes tiene que tener en claro que lo que est\u00e1n solicitando es un terreno para construir su proyecto de vida\u201d, expres\u00f3.<\/p>\n\n\n\n<p class=\"wp-block-paragraph\">La planificaci\u00f3n de la nueva urbanizaci\u00f3n contempla tambi\u00e9n el avance de la infraestructura necesaria para que los beneficiarios puedan comenzar a construir. En este sentido, Alegre explic\u00f3 que uno de los primeros pasos ser\u00e1 avanzar con la conexi\u00f3n el\u00e9ctrica, financiada a partir de los aportes de quienes recibieron los terrenos.<\/p>\n\n\n\n<figure class=\"wp-block-gallery has-nested-images columns-default is-cropped wp-block-gallery-2 is-layout-flex wp-block-gallery-is-layout-flex\">\n<figure class=\"wp-block-image size-full\"><img loading=\"lazy\" decoding=\"async\" width=\"1600\" height=\"1204\" data-id=\"163106\" src=\"https:\/\/infoecos.com.ar\/wp-content\/uploads\/2026\/09\/WhatsApp-Image-2026-08-28-at-10.47.04.jpeg\" alt=\"\" class=\"wp-image-163106\" srcset=\"https:\/\/infoecos.com.ar\/wp-content\/uploads\/2026\/09\/WhatsApp-Image-2026-08-28-at-10.47.04.jpeg 1600w, https:\/\/infoecos.com.ar\/wp-content\/uploads\/2026\/09\/WhatsApp-Image-2026-08-28-at-10.47.04-767x577.jpeg 767w, https:\/\/infoecos.com.ar\/wp-content\/uploads\/2026\/09\/WhatsApp-Image-2026-08-28-at-10.47.04-800x602.jpeg 800w, https:\/\/infoecos.com.ar\/wp-content\/uploads\/2026\/09\/WhatsApp-Image-2026-08-28-at-10.47.04-1536x1156.jpeg 1536w, https:\/\/infoecos.com.ar\/wp-content\/uploads\/2026\/09\/WhatsApp-Image-2026-08-28-at-10.47.04-1023x770.jpeg 1023w\" sizes=\"auto, (max-width: 1600px) 100vw, 1600px\" \/><\/figure>\n\n\n\n<figure class=\"wp-block-image size-full\"><img loading=\"lazy\" decoding=\"async\" width=\"1204\" height=\"1600\" data-id=\"163108\" src=\"https:\/\/infoecos.com.ar\/wp-content\/uploads\/2026\/09\/WhatsApp-Image-2026-08-28-at-10.47.12.jpeg\" alt=\"\" class=\"wp-image-163108\" srcset=\"https:\/\/infoecos.com.ar\/wp-content\/uploads\/2026\/09\/WhatsApp-Image-2026-08-28-at-10.47.12.jpeg 1204w, https:\/\/infoecos.com.ar\/wp-content\/uploads\/2026\/09\/WhatsApp-Image-2026-08-28-at-10.47.12-1156x1536.jpeg 1156w, https:\/\/infoecos.com.ar\/wp-content\/uploads\/2026\/09\/WhatsApp-Image-2026-08-28-at-10.47.12-602x800.jpeg 602w, https:\/\/infoecos.com.ar\/wp-content\/uploads\/2026\/09\/WhatsApp-Image-2026-08-28-at-10.47.12-768x1020.jpeg 768w, https:\/\/infoecos.com.ar\/wp-content\/uploads\/2026\/09\/WhatsApp-Image-2026-08-28-at-10.47.12-1023x1360.jpeg 1023w\" sizes=\"auto, (max-width: 1204px) 100vw, 1204px\" \/><\/figure>\n\n\n\n<figure class=\"wp-block-image size-full\"><img loading=\"lazy\" decoding=\"async\" width=\"1200\" height=\"1600\" data-id=\"163107\" src=\"https:\/\/infoecos.com.ar\/wp-content\/uploads\/2026\/09\/WhatsApp-Image-2026-08-28-at-12.22.47-4.jpeg\" alt=\"\" class=\"wp-image-163107\" srcset=\"https:\/\/infoecos.com.ar\/wp-content\/uploads\/2026\/09\/WhatsApp-Image-2026-08-28-at-12.22.47-4.jpeg 1200w, https:\/\/infoecos.com.ar\/wp-content\/uploads\/2026\/09\/WhatsApp-Image-2026-08-28-at-12.22.47-4-600x800.jpeg 600w, https:\/\/infoecos.com.ar\/wp-content\/uploads\/2026\/09\/WhatsApp-Image-2026-08-28-at-12.22.47-4-768x1024.jpeg 768w, https:\/\/infoecos.com.ar\/wp-content\/uploads\/2026\/09\/WhatsApp-Image-2026-08-28-at-12.22.47-4-1152x1536.jpeg 1152w, https:\/\/infoecos.com.ar\/wp-content\/uploads\/2026\/09\/WhatsApp-Image-2026-08-28-at-12.22.47-4-1024x1365.jpeg 1024w\" sizes=\"auto, (max-width: 1200px) 100vw, 1200px\" \/><\/figure>\n<\/figure>\n\n\n\n<p class=\"wp-block-paragraph\">El acto fue encabezado por el intendente Gilberto Alegre, junto a la secretaria de Gobierno, Valeria Iglesias; la encargada de la Delegaci\u00f3n Trocha, Patricia Sienra y el director de Obras P\u00fablicas, Marcelo Elgue.<\/p>\n","protected":false},"excerpt":{"rendered":"<p>Se realiz\u00f3 en el Sal\u00f3n Dorado de la Municipalidad de General Villegas, el acto de&#8230;<\/p>\n","protected":false},"author":2,"featured_media":163104,"comment_status":"closed","ping_status":"open","sticky":false,"template":"","format":"standard","meta":{"footnotes":""},"categories":[1612],"tags":[10298,1750],"class_list":["post-163102","post","type-post","status-publish","format-standard","has-post-thumbnail","hentry","category-noticia-principal","tag-bloque-inferior","tag-deporte"],"featured_image_urls":{"full":["https:\/\/infoecos.com.ar\/wp-content\/uploads\/2026\/09\/WhatsApp-Image-2026-08-28-at-10.46.59.jpeg",1186,828,false],"thumbnail":["https:\/\/infoecos.com.ar\/wp-content\/uploads\/2026\/09\/WhatsApp-Image-2026-08-28-at-10.46.59.jpeg",215,150,false],"medium":["https:\/\/infoecos.com.ar\/wp-content\/uploads\/2026\/09\/WhatsApp-Image-2026-08-28-at-10.46.59-800x559.jpeg",800,559,true],"medium_large":["https:\/\/infoecos.com.ar\/wp-content\/uploads\/2026\/09\/WhatsApp-Image-2026-08-28-at-10.46.59-768x536.jpeg",640,447,true],"large":["https:\/\/infoecos.com.ar\/wp-content\/uploads\/2026\/09\/WhatsApp-Image-2026-08-28-at-10.46.59.jpeg",640,447,false],"1536x1536":["https:\/\/infoecos.com.ar\/wp-content\/uploads\/2026\/09\/WhatsApp-Image-2026-08-28-at-10.46.59.jpeg",1186,828,false],"2048x2048":["https:\/\/infoecos.com.ar\/wp-content\/uploads\/2026\/09\/WhatsApp-Image-2026-08-28-at-10.46.59.jpeg",1186,828,false],"covernews-slider-full":["https:\/\/infoecos.com.ar\/wp-content\/uploads\/2026\/09\/WhatsApp-Image-2026-08-28-at-10.46.59-1115x715.jpeg",1115,715,true],"covernews-slider-center":["https:\/\/infoecos.com.ar\/wp-content\/uploads\/2026\/09\/WhatsApp-Image-2026-08-28-at-10.46.59-800x500.jpeg",800,500,true],"covernews-featured":["https:\/\/infoecos.com.ar\/wp-content\/uploads\/2026\/09\/WhatsApp-Image-2026-08-28-at-10.46.59-1023x714.jpeg",1023,714,true],"covernews-medium":["https:\/\/infoecos.com.ar\/wp-content\/uploads\/2026\/09\/WhatsApp-Image-2026-08-28-at-10.46.59-540x340.jpeg",540,340,true],"covernews-medium-square":["https:\/\/infoecos.com.ar\/wp-content\/uploads\/2026\/09\/WhatsApp-Image-2026-08-28-at-10.46.59-400x250.jpeg",400,250,true]},"author_info":{"info":["Jorge Matheus"]},"category_info":"<a href=\"https:\/\/infoecos.com.ar\/index.php\/category\/noticia-principal\/\" rel=\"category tag\">Noticia Principal<\/a>","tag_info":"Noticia Principal","comment_count":"0","_links":{"self":[{"href":"https:\/\/infoecos.com.ar\/index.php\/wp-json\/wp\/v2\/posts\/163102","targetHints":{"allow":["GET"]}}],"collection":[{"href":"https:\/\/infoecos.com.ar\/index.php\/wp-json\/wp\/v2\/posts"}],"about":[{"href":"https:\/\/infoecos.com.ar\/index.php\/wp-json\/wp\/v2\/types\/post"}],"author":[{"embeddable":true,"href":"https:\/\/infoecos.com.ar\/index.php\/wp-json\/wp\/v2\/users\/2"}],"replies":[{"embeddable":true,"href":"https:\/\/infoecos.com.ar\/index.php\/wp-json\/wp\/v2\/comments?post=163102"}],"version-history":[{"count":1,"href":"https:\/\/infoecos.com.ar\/index.php\/wp-json\/wp\/v2\/posts\/163102\/revisions"}],"predecessor-version":[{"id":163109,"href":"https:\/\/infoecos.com.ar\/index.php\/wp-json\/wp\/v2\/posts\/163102\/revisions\/163109"}],"wp:featuredmedia":[{"embeddable":true,"href":"https:\/\/infoecos.com.ar\/index.php\/wp-json\/wp\/v2\/media\/163104"}],"wp:attachment":[{"href":"https:\/\/infoecos.com.ar\/index.php\/wp-json\/wp\/v2\/media?parent=163102"}],"wp:term":[{"taxonomy":"category","embeddable":true,"href":"https:\/\/infoecos.com.ar\/index.php\/wp-json\/wp\/v2\/categories?post=163102"},{"taxonomy":"post_tag","embeddable":true,"href":"https:\/\/infoecos.com.ar\/index.php\/wp-json\/wp\/v2\/tags?post=163102"}],"curies":[{"name":"wp","href":"https:\/\/api.w.org\/{rel}","templated":true}]}}