{"id":163110,"date":"2026-09-01T16:09:34","date_gmt":"2026-09-01T19:09:34","guid":{"rendered":"https:\/\/infoecos.com.ar\/?p=163110"},"modified":"2026-09-01T16:20:30","modified_gmt":"2026-09-01T19:20:30","slug":"cerca-de-los-450-millones-el-municipio-de-trenque-lauquen-adquirio-una-pala-cargadora-una-rastra-y-un-tractor-0-kilometro","status":"publish","type":"post","link":"https:\/\/infoecos.com.ar\/index.php\/cerca-de-los-450-millones-el-municipio-de-trenque-lauquen-adquirio-una-pala-cargadora-una-rastra-y-un-tractor-0-kilometro\/","title":{"rendered":"#Cerca de los 450 millones: el municipio de Trenque Lauquen adquiri\u00f3 una pala cargadora, una rastra y un tractor 0 kil\u00f3metro"},"content":{"rendered":"\n<p class=\"wp-block-paragraph\">La Municipalidad de Trenque Lauquen present\u00f3 este martes nueva maquinar\u00eda, destinada a la Red Vial Rural.<\/p>\n\n\n\n<p class=\"wp-block-paragraph\">La inversi\u00f3n es cercana a los 450 millones de pesos, realizada con fondos municipales. Contempla la incorporaci\u00f3n de una nueva motoniveladora, una pala cargadora, una rastra y un tractor 0 kil\u00f3metro cuyo proceso de adquisici\u00f3n se encuentra en marcha.<\/p>\n\n\n\n<figure class=\"wp-block-gallery has-nested-images columns-default is-cropped wp-block-gallery-1 is-layout-flex wp-block-gallery-is-layout-flex\">\n<figure class=\"wp-block-image size-large\"><img loading=\"lazy\" decoding=\"async\" width=\"1600\" height=\"1067\" data-id=\"163111\" src=\"https:\/\/infoecos.com.ar\/wp-content\/uploads\/2026\/09\/Nueva-Maquinaria-Vial-01-1600x1067.jpg\" alt=\"\" class=\"wp-image-163111\" srcset=\"https:\/\/infoecos.com.ar\/wp-content\/uploads\/2026\/09\/Nueva-Maquinaria-Vial-01-1600x1067.jpg 1600w, https:\/\/infoecos.com.ar\/wp-content\/uploads\/2026\/09\/Nueva-Maquinaria-Vial-01-800x533.jpg 800w, https:\/\/infoecos.com.ar\/wp-content\/uploads\/2026\/09\/Nueva-Maquinaria-Vial-01-767x511.jpg 767w, https:\/\/infoecos.com.ar\/wp-content\/uploads\/2026\/09\/Nueva-Maquinaria-Vial-01-1536x1024.jpg 1536w, https:\/\/infoecos.com.ar\/wp-content\/uploads\/2026\/09\/Nueva-Maquinaria-Vial-01-2048x1365.jpg 2048w, https:\/\/infoecos.com.ar\/wp-content\/uploads\/2026\/09\/Nueva-Maquinaria-Vial-01-1023x682.jpg 1023w\" sizes=\"auto, (max-width: 1600px) 100vw, 1600px\" \/><\/figure>\n\n\n\n<figure class=\"wp-block-image size-large\"><img loading=\"lazy\" decoding=\"async\" width=\"1600\" height=\"1067\" data-id=\"163112\" src=\"https:\/\/infoecos.com.ar\/wp-content\/uploads\/2026\/09\/Nueva-Maquinaria-Vial-02-1600x1067.jpg\" alt=\"\" class=\"wp-image-163112\" srcset=\"https:\/\/infoecos.com.ar\/wp-content\/uploads\/2026\/09\/Nueva-Maquinaria-Vial-02-1600x1067.jpg 1600w, https:\/\/infoecos.com.ar\/wp-content\/uploads\/2026\/09\/Nueva-Maquinaria-Vial-02-800x533.jpg 800w, https:\/\/infoecos.com.ar\/wp-content\/uploads\/2026\/09\/Nueva-Maquinaria-Vial-02-767x511.jpg 767w, https:\/\/infoecos.com.ar\/wp-content\/uploads\/2026\/09\/Nueva-Maquinaria-Vial-02-1536x1024.jpg 1536w, https:\/\/infoecos.com.ar\/wp-content\/uploads\/2026\/09\/Nueva-Maquinaria-Vial-02-2048x1365.jpg 2048w, https:\/\/infoecos.com.ar\/wp-content\/uploads\/2026\/09\/Nueva-Maquinaria-Vial-02-1023x682.jpg 1023w\" sizes=\"auto, (max-width: 1600px) 100vw, 1600px\" \/><\/figure>\n\n\n\n<figure class=\"wp-block-image size-large\"><img loading=\"lazy\" decoding=\"async\" width=\"1600\" height=\"1067\" data-id=\"163113\" src=\"https:\/\/infoecos.com.ar\/wp-content\/uploads\/2026\/09\/Nueva-Maquinaria-Vial-04-1600x1067.jpg\" alt=\"\" class=\"wp-image-163113\" srcset=\"https:\/\/infoecos.com.ar\/wp-content\/uploads\/2026\/09\/Nueva-Maquinaria-Vial-04-1600x1067.jpg 1600w, https:\/\/infoecos.com.ar\/wp-content\/uploads\/2026\/09\/Nueva-Maquinaria-Vial-04-800x533.jpg 800w, https:\/\/infoecos.com.ar\/wp-content\/uploads\/2026\/09\/Nueva-Maquinaria-Vial-04-768x512.jpg 768w, https:\/\/infoecos.com.ar\/wp-content\/uploads\/2026\/09\/Nueva-Maquinaria-Vial-04-1536x1024.jpg 1536w, https:\/\/infoecos.com.ar\/wp-content\/uploads\/2026\/09\/Nueva-Maquinaria-Vial-04-1023x682.jpg 1023w, https:\/\/infoecos.com.ar\/wp-content\/uploads\/2026\/09\/Nueva-Maquinaria-Vial-04-2048x1366.jpg 2048w\" sizes=\"auto, (max-width: 1600px) 100vw, 1600px\" \/><\/figure>\n<\/figure>\n\n\n\n<p class=\"wp-block-paragraph\"><em>\u201cDesde el inicio de la gesti\u00f3n tomamos la decisi\u00f3n de sostener una fuerte inversi\u00f3n en maquinaria vial porque entendemos que es una herramienta fundamental para mejorar la transitabilidad y la conectividad de nuestros caminos. Venimos renovando equipos a\u00f1o tras a\u00f1o y vamos a continuar haci\u00e9ndolo durante lo que resta de este a\u00f1o y el pr\u00f3ximo\u201d<\/em>, se\u00f1al\u00f3 el intendente Francisco Recoulat.<\/p>\n\n\n\n<p class=\"wp-block-paragraph\">El intendente destac\u00f3 que la inversi\u00f3n en maquinaria forma parte de una planificaci\u00f3n m\u00e1s amplia: <em>\u201cLa maquinaria es fundamental, pero tiene que estar acompa\u00f1ada de planificaci\u00f3n, criterio y trabajo conjunto. Por eso la renovaci\u00f3n del parque vial se complementa con los trabajos sobre los caminos, las obras de infraestructura, la limpieza y mantenimiento de canales y la articulaci\u00f3n permanente con los Veedores Viales y los Comit\u00e9s de Cuenca\u201d.<\/em><\/p>\n\n\n\n<figure class=\"wp-block-embed is-type-video is-provider-youtube wp-block-embed-youtube wp-embed-aspect-9-16 wp-has-aspect-ratio\"><div class=\"wp-block-embed__wrapper\">\n<iframe loading=\"lazy\" title=\"CASI $450 MILLONES DE INVERSI\u00d3N EN MAQUINARIA 0 KM PARA LA RED VIAL RURAL\" width=\"540\" height=\"960\" src=\"https:\/\/www.youtube.com\/embed\/BENw9w0OiZs?feature=oembed\" frameborder=\"0\" allow=\"accelerometer; autoplay; clipboard-write; encrypted-media; gyroscope; picture-in-picture; web-share\" referrerpolicy=\"strict-origin-when-cross-origin\" allowfullscreen><\/iframe>\n<\/div><\/figure>\n","protected":false},"excerpt":{"rendered":"<p>La Municipalidad de Trenque Lauquen present\u00f3 este martes nueva maquinar\u00eda, destinada a la Red Vial&#8230;<\/p>\n","protected":false},"author":2,"featured_media":163112,"comment_status":"closed","ping_status":"open","sticky":false,"template":"","format":"standard","meta":{"footnotes":""},"categories":[1612],"tags":[10298,1750],"class_list":["post-163110","post","type-post","status-publish","format-standard","has-post-thumbnail","hentry","category-noticia-principal","tag-bloque-inferior","tag-deporte"],"featured_image_urls":{"full":["https:\/\/infoecos.com.ar\/wp-content\/uploads\/2026\/09\/Nueva-Maquinaria-Vial-02-scaled.jpg",2560,1706,false],"thumbnail":["https:\/\/infoecos.com.ar\/wp-content\/uploads\/2026\/09\/Nueva-Maquinaria-Vial-02-300x150.jpg",300,150,true],"medium":["https:\/\/infoecos.com.ar\/wp-content\/uploads\/2026\/09\/Nueva-Maquinaria-Vial-02-800x533.jpg",800,533,true],"medium_large":["https:\/\/infoecos.com.ar\/wp-content\/uploads\/2026\/09\/Nueva-Maquinaria-Vial-02-767x511.jpg",640,426,true],"large":["https:\/\/infoecos.com.ar\/wp-content\/uploads\/2026\/09\/Nueva-Maquinaria-Vial-02-1600x1067.jpg",640,427,true],"1536x1536":["https:\/\/infoecos.com.ar\/wp-content\/uploads\/2026\/09\/Nueva-Maquinaria-Vial-02-1536x1024.jpg",1536,1024,true],"2048x2048":["https:\/\/infoecos.com.ar\/wp-content\/uploads\/2026\/09\/Nueva-Maquinaria-Vial-02-2048x1365.jpg",2048,1365,true],"covernews-slider-full":["https:\/\/infoecos.com.ar\/wp-content\/uploads\/2026\/09\/Nueva-Maquinaria-Vial-02-1115x715.jpg",1115,715,true],"covernews-slider-center":["https:\/\/infoecos.com.ar\/wp-content\/uploads\/2026\/09\/Nueva-Maquinaria-Vial-02-800x500.jpg",800,500,true],"covernews-featured":["https:\/\/infoecos.com.ar\/wp-content\/uploads\/2026\/09\/Nueva-Maquinaria-Vial-02-1023x682.jpg",1023,682,true],"covernews-medium":["https:\/\/infoecos.com.ar\/wp-content\/uploads\/2026\/09\/Nueva-Maquinaria-Vial-02-540x340.jpg",540,340,true],"covernews-medium-square":["https:\/\/infoecos.com.ar\/wp-content\/uploads\/2026\/09\/Nueva-Maquinaria-Vial-02-400x250.jpg",400,250,true]},"author_info":{"info":["Jorge Matheus"]},"category_info":"<a href=\"https:\/\/infoecos.com.ar\/index.php\/category\/noticia-principal\/\" rel=\"category tag\">Noticia Principal<\/a>","tag_info":"Noticia Principal","comment_count":"0","_links":{"self":[{"href":"https:\/\/infoecos.com.ar\/index.php\/wp-json\/wp\/v2\/posts\/163110","targetHints":{"allow":["GET"]}}],"collection":[{"href":"https:\/\/infoecos.com.ar\/index.php\/wp-json\/wp\/v2\/posts"}],"about":[{"href":"https:\/\/infoecos.com.ar\/index.php\/wp-json\/wp\/v2\/types\/post"}],"author":[{"embeddable":true,"href":"https:\/\/infoecos.com.ar\/index.php\/wp-json\/wp\/v2\/users\/2"}],"replies":[{"embeddable":true,"href":"https:\/\/infoecos.com.ar\/index.php\/wp-json\/wp\/v2\/comments?post=163110"}],"version-history":[{"count":2,"href":"https:\/\/infoecos.com.ar\/index.php\/wp-json\/wp\/v2\/posts\/163110\/revisions"}],"predecessor-version":[{"id":163116,"href":"https:\/\/infoecos.com.ar\/index.php\/wp-json\/wp\/v2\/posts\/163110\/revisions\/163116"}],"wp:featuredmedia":[{"embeddable":true,"href":"https:\/\/infoecos.com.ar\/index.php\/wp-json\/wp\/v2\/media\/163112"}],"wp:attachment":[{"href":"https:\/\/infoecos.com.ar\/index.php\/wp-json\/wp\/v2\/media?parent=163110"}],"wp:term":[{"taxonomy":"category","embeddable":true,"href":"https:\/\/infoecos.com.ar\/index.php\/wp-json\/wp\/v2\/categories?post=163110"},{"taxonomy":"post_tag","embeddable":true,"href":"https:\/\/infoecos.com.ar\/index.php\/wp-json\/wp\/v2\/tags?post=163110"}],"curies":[{"name":"wp","href":"https:\/\/api.w.org\/{rel}","templated":true}]}}