{"id":163117,"date":"2026-09-01T20:19:52","date_gmt":"2026-09-01T23:19:52","guid":{"rendered":"https:\/\/infoecos.com.ar\/?p=163117"},"modified":"2026-09-01T20:38:56","modified_gmt":"2026-09-01T23:38:56","slug":"tema-hidrico-reunion-de-la-mesa-tecnica-del-comite-de-cuenca-de-la-subregion-a4-de-la-cuenca-hidrica-del-rio-salado","status":"publish","type":"post","link":"https:\/\/infoecos.com.ar\/index.php\/tema-hidrico-reunion-de-la-mesa-tecnica-del-comite-de-cuenca-de-la-subregion-a4-de-la-cuenca-hidrica-del-rio-salado\/","title":{"rendered":"#Tema H\u00eddrico: Reuni\u00f3n de la Mesa T\u00e9cnica del Comit\u00e9 de Cuenca de la Subregi\u00f3n A4 de la Cuenca del R\u00edo Salado"},"content":{"rendered":"\n<figure class=\"wp-block-gallery has-nested-images columns-default is-cropped wp-block-gallery-1 is-layout-flex wp-block-gallery-is-layout-flex\">\n<figure class=\"wp-block-image size-full\"><img loading=\"lazy\" decoding=\"async\" width=\"1013\" height=\"720\" data-id=\"163118\" src=\"https:\/\/infoecos.com.ar\/wp-content\/uploads\/2026\/09\/Comite-de-Cuenca-1.jpeg\" alt=\"\" class=\"wp-image-163118\" srcset=\"https:\/\/infoecos.com.ar\/wp-content\/uploads\/2026\/09\/Comite-de-Cuenca-1.jpeg 1013w, https:\/\/infoecos.com.ar\/wp-content\/uploads\/2026\/09\/Comite-de-Cuenca-1-800x569.jpeg 800w\" sizes=\"auto, (max-width: 1013px) 100vw, 1013px\" \/><\/figure>\n\n\n\n<figure class=\"wp-block-image size-full\"><img loading=\"lazy\" decoding=\"async\" width=\"1436\" height=\"903\" data-id=\"163119\" src=\"https:\/\/infoecos.com.ar\/wp-content\/uploads\/2026\/09\/Comite-de-Cuenca-2.jpeg\" alt=\"\" class=\"wp-image-163119\" srcset=\"https:\/\/infoecos.com.ar\/wp-content\/uploads\/2026\/09\/Comite-de-Cuenca-2.jpeg 1436w, https:\/\/infoecos.com.ar\/wp-content\/uploads\/2026\/09\/Comite-de-Cuenca-2-800x503.jpeg 800w, https:\/\/infoecos.com.ar\/wp-content\/uploads\/2026\/09\/Comite-de-Cuenca-2-767x482.jpeg 767w, https:\/\/infoecos.com.ar\/wp-content\/uploads\/2026\/09\/Comite-de-Cuenca-2-1023x643.jpeg 1023w, https:\/\/infoecos.com.ar\/wp-content\/uploads\/2026\/09\/Comite-de-Cuenca-2-540x340.jpeg 540w\" sizes=\"auto, (max-width: 1436px) 100vw, 1436px\" \/><\/figure>\n<\/figure>\n\n\n\n<p class=\"wp-block-paragraph\">La Mesa T\u00e9cnica del Comit\u00e9 de Cuenca de la Subregi\u00f3n A4 de la Cuenca H\u00eddrica del R\u00edo Salado mantuvo una reuni\u00f3n virtual con el objetivo de compartir las acciones de prevenci\u00f3n, monitoreo y gesti\u00f3n del riesgo h\u00eddrico que est\u00e1n implementando los municipios que integran la cuenca y avanzar en una agenda de trabajo conjunta.<\/p>\n\n\n\n<p class=\"wp-block-paragraph\">La reuni\u00f3n permiti\u00f3 poner en com\u00fan las medidas que cada distrito viene desarrollando frente al actual escenario h\u00eddrico, actualizar la informaci\u00f3n disponible sobre la situaci\u00f3n de la cuenca, fortalecer la articulaci\u00f3n entre los municipios y los organismos provinciales y establecer los principales temas y requerimientos de cada distrito.<\/p>\n\n\n\n<p class=\"wp-block-paragraph\">En este marco, tambi\u00e9n se informaron y analizaron los valores correspondientes al ingreso de agua proveniente del r\u00edo Quinto, un dato relevante para el seguimiento de la situaci\u00f3n h\u00eddrica regional y la evaluaci\u00f3n de su evoluci\u00f3n.<\/p>\n\n\n\n<p class=\"wp-block-paragraph\">Asimismo, se acord\u00f3 avanzar durante septiembre con una reuni\u00f3n presencial de los intendentes que integran el Comit\u00e9 de Cuenca de la Subregi\u00f3n A4, en lugar a\u00fan a confirmar. El encuentro tendr\u00e1 como objetivo actualizar de manera conjunta la informaci\u00f3n sobre la situaci\u00f3n h\u00eddrica de toda la regi\u00f3n, analizar las particularidades de cada distrito y establecer una agenda com\u00fan de trabajo y seguimiento.<\/p>\n\n\n\n<p class=\"wp-block-paragraph\">Del encuentro particip\u00f3 el intendente de Trenque Lauquen, Francisco Recoulat, en su car\u00e1cter de presidente del Comit\u00e9 de Cuenca de la Subregi\u00f3n A4, junto al secretario de Obras y Servicios P\u00fablicos, Manuel Silva Mu\u00f1oz, y la arquitecta Carolina Marchesi, del \u00e1rea de Planeamiento.<\/p>\n\n\n\n<p class=\"wp-block-paragraph\">Tambi\u00e9n participaron integrantes de las mesas t\u00e9cnicas y autoridades de Pellegrini, General Villegas, Salliquel\u00f3, Rivadavia, Carlos Tejedor, Tres Lomas, Adolfo Alsina, Guamin\u00ed y Daireaux, adem\u00e1s de representantes de la Autoridad del Agua y de la Direcci\u00f3n Provincial de Hidr\u00e1ulica.<\/p>\n\n\n\n<p class=\"wp-block-paragraph\"><\/p>\n","protected":false},"excerpt":{"rendered":"<p>La Mesa T\u00e9cnica del Comit\u00e9 de Cuenca de la Subregi\u00f3n A4 de la Cuenca H\u00eddrica&#8230;<\/p>\n","protected":false},"author":2,"featured_media":163119,"comment_status":"closed","ping_status":"open","sticky":false,"template":"","format":"standard","meta":{"footnotes":""},"categories":[1613],"tags":[10298,1750],"class_list":["post-163117","post","type-post","status-publish","format-standard","has-post-thumbnail","hentry","category-noticia-secundaria","tag-bloque-inferior","tag-deporte"],"featured_image_urls":{"full":["https:\/\/infoecos.com.ar\/wp-content\/uploads\/2026\/09\/Comite-de-Cuenca-2.jpeg",1436,903,false],"thumbnail":["https:\/\/infoecos.com.ar\/wp-content\/uploads\/2026\/09\/Comite-de-Cuenca-2-300x150.jpeg",300,150,true],"medium":["https:\/\/infoecos.com.ar\/wp-content\/uploads\/2026\/09\/Comite-de-Cuenca-2-800x503.jpeg",800,503,true],"medium_large":["https:\/\/infoecos.com.ar\/wp-content\/uploads\/2026\/09\/Comite-de-Cuenca-2-767x482.jpeg",640,402,true],"large":["https:\/\/infoecos.com.ar\/wp-content\/uploads\/2026\/09\/Comite-de-Cuenca-2.jpeg",640,402,false],"1536x1536":["https:\/\/infoecos.com.ar\/wp-content\/uploads\/2026\/09\/Comite-de-Cuenca-2.jpeg",1436,903,false],"2048x2048":["https:\/\/infoecos.com.ar\/wp-content\/uploads\/2026\/09\/Comite-de-Cuenca-2.jpeg",1436,903,false],"covernews-slider-full":["https:\/\/infoecos.com.ar\/wp-content\/uploads\/2026\/09\/Comite-de-Cuenca-2-1115x715.jpeg",1115,715,true],"covernews-slider-center":["https:\/\/infoecos.com.ar\/wp-content\/uploads\/2026\/09\/Comite-de-Cuenca-2-800x500.jpeg",800,500,true],"covernews-featured":["https:\/\/infoecos.com.ar\/wp-content\/uploads\/2026\/09\/Comite-de-Cuenca-2-1023x643.jpeg",1023,643,true],"covernews-medium":["https:\/\/infoecos.com.ar\/wp-content\/uploads\/2026\/09\/Comite-de-Cuenca-2-540x340.jpeg",540,340,true],"covernews-medium-square":["https:\/\/infoecos.com.ar\/wp-content\/uploads\/2026\/09\/Comite-de-Cuenca-2-400x250.jpeg",400,250,true]},"author_info":{"info":["Jorge Matheus"]},"category_info":"<a href=\"https:\/\/infoecos.com.ar\/index.php\/category\/noticia-secundaria\/\" rel=\"category tag\">Noticia Secundaria<\/a>","tag_info":"Noticia Secundaria","comment_count":"0","_links":{"self":[{"href":"https:\/\/infoecos.com.ar\/index.php\/wp-json\/wp\/v2\/posts\/163117","targetHints":{"allow":["GET"]}}],"collection":[{"href":"https:\/\/infoecos.com.ar\/index.php\/wp-json\/wp\/v2\/posts"}],"about":[{"href":"https:\/\/infoecos.com.ar\/index.php\/wp-json\/wp\/v2\/types\/post"}],"author":[{"embeddable":true,"href":"https:\/\/infoecos.com.ar\/index.php\/wp-json\/wp\/v2\/users\/2"}],"replies":[{"embeddable":true,"href":"https:\/\/infoecos.com.ar\/index.php\/wp-json\/wp\/v2\/comments?post=163117"}],"version-history":[{"count":2,"href":"https:\/\/infoecos.com.ar\/index.php\/wp-json\/wp\/v2\/posts\/163117\/revisions"}],"predecessor-version":[{"id":163125,"href":"https:\/\/infoecos.com.ar\/index.php\/wp-json\/wp\/v2\/posts\/163117\/revisions\/163125"}],"wp:featuredmedia":[{"embeddable":true,"href":"https:\/\/infoecos.com.ar\/index.php\/wp-json\/wp\/v2\/media\/163119"}],"wp:attachment":[{"href":"https:\/\/infoecos.com.ar\/index.php\/wp-json\/wp\/v2\/media?parent=163117"}],"wp:term":[{"taxonomy":"category","embeddable":true,"href":"https:\/\/infoecos.com.ar\/index.php\/wp-json\/wp\/v2\/categories?post=163117"},{"taxonomy":"post_tag","embeddable":true,"href":"https:\/\/infoecos.com.ar\/index.php\/wp-json\/wp\/v2\/tags?post=163117"}],"curies":[{"name":"wp","href":"https:\/\/api.w.org\/{rel}","templated":true}]}}