{"id":163121,"date":"2026-09-01T20:38:19","date_gmt":"2026-09-01T23:38:19","guid":{"rendered":"https:\/\/infoecos.com.ar\/?p=163121"},"modified":"2026-09-01T20:38:19","modified_gmt":"2026-09-01T23:38:19","slug":"economia-agropecuaria-para-los-proximos-diez-dias-se-preve-una-elevada-probabilidad-de-ocurrencia-de-heladas-con-valores-superiores-al-80","status":"publish","type":"post","link":"https:\/\/infoecos.com.ar\/index.php\/economia-agropecuaria-para-los-proximos-diez-dias-se-preve-una-elevada-probabilidad-de-ocurrencia-de-heladas-con-valores-superiores-al-80\/","title":{"rendered":"#Econom\u00eda Agropecuaria: Para los pr\u00f3ximos diez d\u00edas se prev\u00e9 una elevada probabilidad de ocurrencia de heladas con valores superiores al 80%"},"content":{"rendered":"\n<p class=\"wp-block-paragraph\"><strong>INFORME AGROMETEOROL\u00d3GICO MENSUAL \/agosto 2026<\/strong>: <strong>Bolsa de Cereales y Productos de Bah\u00eda Blanca<\/strong><\/p>\n\n\n\n<figure class=\"wp-block-image size-full\"><img loading=\"lazy\" decoding=\"async\" width=\"1201\" height=\"388\" src=\"https:\/\/infoecos.com.ar\/wp-content\/uploads\/2026\/09\/image-3.png\" alt=\"\" class=\"wp-image-163123\" srcset=\"https:\/\/infoecos.com.ar\/wp-content\/uploads\/2026\/09\/image-3.png 1201w, https:\/\/infoecos.com.ar\/wp-content\/uploads\/2026\/09\/image-3-800x258.png 800w, https:\/\/infoecos.com.ar\/wp-content\/uploads\/2026\/09\/image-3-768x248.png 768w, https:\/\/infoecos.com.ar\/wp-content\/uploads\/2026\/09\/image-3-1021x330.png 1021w\" sizes=\"auto, (max-width: 1201px) 100vw, 1201px\" \/><\/figure>\n\n\n\n<p class=\"has-text-align-center wp-block-paragraph\"><strong>Temperaturas, precipitaci\u00f3n, disponibilidad h\u00eddrica, condici\u00f3n de cultivos y pron\u00f3sticos.<\/strong><\/p>\n\n\n\n<p class=\"has-text-align-center wp-block-paragraph\">_________________________________<\/p>\n\n\n\n<p class=\"has-text-align-center wp-block-paragraph\"><strong>Registro t\u00e9rmico y aportes h\u00eddricos<\/strong><\/p>\n\n\n\n<p class=\"wp-block-paragraph\">Durante el mes de <strong>agosto,<\/strong> se registraron <strong>temperaturas m\u00e1ximas promedio de 21\u00b0C y m\u00ednimas promedio de -2\u00b0C<\/strong>, mientras que la <strong>temperatura media mensual<\/strong> se ubic\u00f3 en <strong>9\u00b0C<\/strong> en el \u00e1rea cubierta por la <strong>Red de Estaciones Meteorol\u00f3gicas (REM)<\/strong>. En cuanto a las precipitaciones, en el <strong>sudoeste bonaerense<\/strong> se registr\u00f3 un <strong>valor promedio acumulado de 21 mm<\/strong>,valor un 7% por debajo de la media mensual de los \u00faltimos diez a\u00f1os (2016-2025).<\/p>\n\n\n\n<p class=\"wp-block-paragraph\">Adem\u00e1s, se observ\u00f3 una marcada variabilidad t\u00e9rmica, con alternancia de periodos fr\u00edos y templados. Las temperaturas m\u00e1ximas y m\u00ednimas registradas por las estaciones fueron levemente inferiores a los valores hist\u00f3ricos: la m\u00ednima promedio se ubic\u00f3 0,3 \u00b0C por debajo de la m\u00ednima hist\u00f3rica promedio, mientras que la m\u00e1xima promedio fue 2,1 \u00b0C inferior a la m\u00e1xima hist\u00f3rica promedio.<\/p>\n\n\n\n<p class=\"wp-block-paragraph\">Durante la segunda semana del mes se registraron las menores temperaturas, mientras que hacia fines de agosto se observ\u00f3 un aumento progresivo, principalmente de las temperaturas m\u00e1ximas. Este comportamiento reflejar\u00eda la salida del invierno y la transici\u00f3n hacia temperaturas m\u00e1s c\u00e1lidas a medida que nos aproximamos a la primavera.<\/p>\n\n\n\n<p class=\"wp-block-paragraph\">Variaci\u00f3n t\u00e9rmica durante agosto registrada por la Red de Estaciones Meteorol\u00f3gicas de la BCP. Temperaturas promedio m\u00e1xima (T m\u00e1x.), m\u00ednima (T min.)y media (T media) en el sudoeste bonaerense.<\/p>\n\n\n\n<p class=\"wp-block-paragraph\"><strong>DISPONIBILIDAD H\u00cdDRICA<\/strong><\/p>\n\n\n\n<p class=\"wp-block-paragraph\">Las reservas h\u00eddricas se mantuvieron entre adecuadas y \u00f3ptimas, con una reducci\u00f3n progresiva de las situaciones de exceso.<\/p>\n\n\n\n<p class=\"wp-block-paragraph\"><strong>SITUACI\u00d3N GENERAL DE CULTIVOS<\/strong><\/p>\n\n\n\n<p class=\"wp-block-paragraph\">Los cultivos de fina presentan una buena condici\u00f3n general, favorecidos por una adecuada disponibilidad h\u00eddrica. Actualmente, se intensifican las labores de fertilizaci\u00f3n y se mantienen los controles de malezas. Las condiciones de humedad comienzan a favorecer la aparici\u00f3n de enfermedades foliares, por lo que ya se han iniciado aplicaciones de fungicidas. Se observan s\u00edntomas de roya y manchas foliares. El monitoreo sanitario contin\u00faa siendo una de las principales tareas de manejo, con perspectivas de nuevas aplicaciones fungicidas a medida que avance el ciclo.<\/p>\n\n\n\n<p class=\"wp-block-paragraph\">En cuanto a la cosecha de ma\u00edz, las labores presentan diferencias marcadas entre las distintas subzonas. En el este bonaerense, la cosecha se retom\u00f3 durante la \u00faltima semana, aunque con niveles de humedad elevados, entre 18 % y 22 %. Hacia el oeste, las labores se desarrollan de manera m\u00e1s activa, aunque con cierto retraso respecto de lo habitual y con predominio de lotes que a\u00fan presentan humedad elevada. En La Pampa, la cosecha comenz\u00f3 a generalizarse hace aproximadamente dos semanas y actualmente avanza con niveles de humedad cercanos a los comerciales, entre 15 % y 17 %. Los rendimientos se ubican por encima de las expectativas iniciales, aunque el ritmo de cosecha comienza a verse condicionado por la disponibilidad de camiones.<\/p>\n\n\n\n<p class=\"wp-block-paragraph\">De cara a la pr\u00f3xima campa\u00f1a de gruesa, las expectativas son favorables, considerando que parte de la superficie de fina que no pudo ser implantada se destinar\u00eda a cultivos de verano.<\/p>\n\n\n\n<p class=\"wp-block-paragraph\"><strong>PRON\u00d3STICO DEL TIEMPO<\/strong><\/p>\n\n\n\n<figure class=\"wp-block-image\"><img decoding=\"async\" src=\"https:\/\/eus-cdn.sway.static.microsoft\/s\/zzP1jhhSswDIcMFU\/images\/TEaxb_FOLQ_uCI?quality=1024&amp;allowAnimation=true\" alt=\"RAQ-Fr.png\"\/><\/figure>\n\n\n\n<figure class=\"wp-block-image\"><img decoding=\"async\" src=\"https:\/\/eus-cdn.sway.static.microsoft\/s\/zzP1jhhSswDIcMFU\/images\/VT559JqpvMtwpH?quality=1024&amp;allowAnimation=true\" alt=\"RAQ-Pcp.png\"\/><\/figure>\n\n\n\n<p class=\"wp-block-paragraph\"><strong>Para los pr\u00f3ximos diez d\u00edas<\/strong> se prev\u00e9 una elevada probabilidad de ocurrencia de heladas con valores superiores al 80%. En cuanto a las precipitaciones, se esperan acumulados moderados durante el per\u00edodo, en general entre 10 y 25 mm, con los mayores registros previstos hacia el sudeste del \u00e1rea, donde podr\u00edan superar los 25 mm.<\/p>\n\n\n\n<p class=\"wp-block-paragraph\"><strong>ESTAD\u00cdSTICAS 2026<\/strong><\/p>\n\n\n\n<p class=\"wp-block-paragraph\"><img decoding=\"async\" src=\"https:\/\/eus-cdn.sway.static.microsoft\/s\/zzP1jhhSswDIcMFU\/images\/95yT7wmmYtImEK?quality=1001&amp;allowAnimation=true\" alt=\"tabla azul.png\"><\/p>\n\n\n\n<p class=\"wp-block-paragraph\">Acumulados mensuales de precipitaci\u00f3n (mm) registrados en las estaciones<\/p>\n","protected":false},"excerpt":{"rendered":"<p>INFORME AGROMETEOROL\u00d3GICO MENSUAL \/agosto 2026: Bolsa de Cereales y Productos de Bah\u00eda Blanca<\/p>\n","protected":false},"author":2,"featured_media":163123,"comment_status":"closed","ping_status":"open","sticky":false,"template":"","format":"standard","meta":{"footnotes":""},"categories":[1613],"tags":[10298,10290],"class_list":["post-163121","post","type-post","status-publish","format-standard","has-post-thumbnail","hentry","category-noticia-secundaria","tag-bloque-inferior","tag-entretenimiento"],"featured_image_urls":{"full":["https:\/\/infoecos.com.ar\/wp-content\/uploads\/2026\/09\/image-3.png",1201,388,false],"thumbnail":["https:\/\/infoecos.com.ar\/wp-content\/uploads\/2026\/09\/image-3-300x150.png",300,150,true],"medium":["https:\/\/infoecos.com.ar\/wp-content\/uploads\/2026\/09\/image-3-800x258.png",800,258,true],"medium_large":["https:\/\/infoecos.com.ar\/wp-content\/uploads\/2026\/09\/image-3-768x248.png",640,207,true],"large":["https:\/\/infoecos.com.ar\/wp-content\/uploads\/2026\/09\/image-3.png",640,207,false],"1536x1536":["https:\/\/infoecos.com.ar\/wp-content\/uploads\/2026\/09\/image-3.png",1201,388,false],"2048x2048":["https:\/\/infoecos.com.ar\/wp-content\/uploads\/2026\/09\/image-3.png",1201,388,false],"covernews-slider-full":["https:\/\/infoecos.com.ar\/wp-content\/uploads\/2026\/09\/image-3-1115x388.png",1115,388,true],"covernews-slider-center":["https:\/\/infoecos.com.ar\/wp-content\/uploads\/2026\/09\/image-3-800x388.png",800,388,true],"covernews-featured":["https:\/\/infoecos.com.ar\/wp-content\/uploads\/2026\/09\/image-3-1021x330.png",1021,330,true],"covernews-medium":["https:\/\/infoecos.com.ar\/wp-content\/uploads\/2026\/09\/image-3-540x340.png",540,340,true],"covernews-medium-square":["https:\/\/infoecos.com.ar\/wp-content\/uploads\/2026\/09\/image-3-400x250.png",400,250,true]},"author_info":{"info":["Jorge Matheus"]},"category_info":"<a href=\"https:\/\/infoecos.com.ar\/index.php\/category\/noticia-secundaria\/\" rel=\"category tag\">Noticia Secundaria<\/a>","tag_info":"Noticia Secundaria","comment_count":"0","_links":{"self":[{"href":"https:\/\/infoecos.com.ar\/index.php\/wp-json\/wp\/v2\/posts\/163121","targetHints":{"allow":["GET"]}}],"collection":[{"href":"https:\/\/infoecos.com.ar\/index.php\/wp-json\/wp\/v2\/posts"}],"about":[{"href":"https:\/\/infoecos.com.ar\/index.php\/wp-json\/wp\/v2\/types\/post"}],"author":[{"embeddable":true,"href":"https:\/\/infoecos.com.ar\/index.php\/wp-json\/wp\/v2\/users\/2"}],"replies":[{"embeddable":true,"href":"https:\/\/infoecos.com.ar\/index.php\/wp-json\/wp\/v2\/comments?post=163121"}],"version-history":[{"count":1,"href":"https:\/\/infoecos.com.ar\/index.php\/wp-json\/wp\/v2\/posts\/163121\/revisions"}],"predecessor-version":[{"id":163124,"href":"https:\/\/infoecos.com.ar\/index.php\/wp-json\/wp\/v2\/posts\/163121\/revisions\/163124"}],"wp:featuredmedia":[{"embeddable":true,"href":"https:\/\/infoecos.com.ar\/index.php\/wp-json\/wp\/v2\/media\/163123"}],"wp:attachment":[{"href":"https:\/\/infoecos.com.ar\/index.php\/wp-json\/wp\/v2\/media?parent=163121"}],"wp:term":[{"taxonomy":"category","embeddable":true,"href":"https:\/\/infoecos.com.ar\/index.php\/wp-json\/wp\/v2\/categories?post=163121"},{"taxonomy":"post_tag","embeddable":true,"href":"https:\/\/infoecos.com.ar\/index.php\/wp-json\/wp\/v2\/tags?post=163121"}],"curies":[{"name":"wp","href":"https:\/\/api.w.org\/{rel}","templated":true}]}}