{"id":163126,"date":"2026-09-01T21:06:32","date_gmt":"2026-09-02T00:06:32","guid":{"rendered":"https:\/\/infoecos.com.ar\/?p=163126"},"modified":"2026-09-01T21:06:33","modified_gmt":"2026-09-02T00:06:33","slug":"obligacion-de-uso-del-barbijo-en-el-hospital-de-general-villegas-por-circulacion-de-gripe-a-b-y-c-tambien-de-coronavirus","status":"publish","type":"post","link":"https:\/\/infoecos.com.ar\/index.php\/obligacion-de-uso-del-barbijo-en-el-hospital-de-general-villegas-por-circulacion-de-gripe-a-b-y-c-tambien-de-coronavirus\/","title":{"rendered":"#Obligaci\u00f3n de uso del barbijo: En el Hospital de General Villegas por Circulaci\u00f3n de Gripe A, B y C, tambi\u00e9n de Coronavirus"},"content":{"rendered":"\n<figure class=\"wp-block-image aligncenter size-full\"><img loading=\"lazy\" decoding=\"async\" width=\"807\" height=\"389\" src=\"https:\/\/infoecos.com.ar\/wp-content\/uploads\/2026\/09\/image-4.png\" alt=\"\" class=\"wp-image-163127\" srcset=\"https:\/\/infoecos.com.ar\/wp-content\/uploads\/2026\/09\/image-4.png 807w, https:\/\/infoecos.com.ar\/wp-content\/uploads\/2026\/09\/image-4-800x386.png 800w, https:\/\/infoecos.com.ar\/wp-content\/uploads\/2026\/09\/image-4-768x370.png 768w\" sizes=\"auto, (max-width: 807px) 100vw, 807px\" \/><\/figure>\n\n\n\n<p class=\"wp-block-paragraph\">Todo el personal del hospital municipal de General Villegas deber\u00e1 usar barbijo y a la par se interrumpieron las mateadas, procedi\u00e9ndose a la ventilaci\u00f3n de ambientes.<\/p>\n\n\n\n<p class=\"wp-block-paragraph\">El Director del Hospital, Doctor Marcelo Tau, inform\u00f3 a <strong>Noticias en El Face<\/strong>, que se recomienda a las personas que asistan al hospital y tienen S\u00edntomas respiratorios lo hagan usando barbijo, por Circulaci\u00f3n de Gripe A, B y C, tambi\u00e9n de Coronavirus, los que algunas veces generan cuadros en pacientes que necesitan internaci\u00f3n y ox\u00edgeno.<\/p>\n\n\n\n<p class=\"wp-block-paragraph\">Se recomienda usarlo tambi\u00e9n &#8211; se\u00f1ala la informaci\u00f3n &#8211; para evitar contagios Desde personas que est\u00e9n en sala de espera, en pasillos o que se encuentren a menos de un metro y medio de distancia.<\/p>\n\n\n\n<p class=\"wp-block-paragraph\"><\/p>\n","protected":false},"excerpt":{"rendered":"<p>Todo el personal del hospital municipal de General Villegas deber\u00e1 usar barbijo y a la&#8230;<\/p>\n","protected":false},"author":2,"featured_media":163127,"comment_status":"closed","ping_status":"open","sticky":false,"template":"","format":"standard","meta":{"footnotes":""},"categories":[1613],"tags":[10298,10290],"class_list":["post-163126","post","type-post","status-publish","format-standard","has-post-thumbnail","hentry","category-noticia-secundaria","tag-bloque-inferior","tag-entretenimiento"],"featured_image_urls":{"full":["https:\/\/infoecos.com.ar\/wp-content\/uploads\/2026\/09\/image-4.png",807,389,false],"thumbnail":["https:\/\/infoecos.com.ar\/wp-content\/uploads\/2026\/09\/image-4-300x150.png",300,150,true],"medium":["https:\/\/infoecos.com.ar\/wp-content\/uploads\/2026\/09\/image-4-800x386.png",800,386,true],"medium_large":["https:\/\/infoecos.com.ar\/wp-content\/uploads\/2026\/09\/image-4-768x370.png",640,308,true],"large":["https:\/\/infoecos.com.ar\/wp-content\/uploads\/2026\/09\/image-4.png",640,309,false],"1536x1536":["https:\/\/infoecos.com.ar\/wp-content\/uploads\/2026\/09\/image-4.png",807,389,false],"2048x2048":["https:\/\/infoecos.com.ar\/wp-content\/uploads\/2026\/09\/image-4.png",807,389,false],"covernews-slider-full":["https:\/\/infoecos.com.ar\/wp-content\/uploads\/2026\/09\/image-4.png",807,389,false],"covernews-slider-center":["https:\/\/infoecos.com.ar\/wp-content\/uploads\/2026\/09\/image-4-800x389.png",800,389,true],"covernews-featured":["https:\/\/infoecos.com.ar\/wp-content\/uploads\/2026\/09\/image-4.png",807,389,false],"covernews-medium":["https:\/\/infoecos.com.ar\/wp-content\/uploads\/2026\/09\/image-4-540x340.png",540,340,true],"covernews-medium-square":["https:\/\/infoecos.com.ar\/wp-content\/uploads\/2026\/09\/image-4-400x250.png",400,250,true]},"author_info":{"info":["Jorge Matheus"]},"category_info":"<a href=\"https:\/\/infoecos.com.ar\/index.php\/category\/noticia-secundaria\/\" rel=\"category tag\">Noticia Secundaria<\/a>","tag_info":"Noticia Secundaria","comment_count":"0","_links":{"self":[{"href":"https:\/\/infoecos.com.ar\/index.php\/wp-json\/wp\/v2\/posts\/163126","targetHints":{"allow":["GET"]}}],"collection":[{"href":"https:\/\/infoecos.com.ar\/index.php\/wp-json\/wp\/v2\/posts"}],"about":[{"href":"https:\/\/infoecos.com.ar\/index.php\/wp-json\/wp\/v2\/types\/post"}],"author":[{"embeddable":true,"href":"https:\/\/infoecos.com.ar\/index.php\/wp-json\/wp\/v2\/users\/2"}],"replies":[{"embeddable":true,"href":"https:\/\/infoecos.com.ar\/index.php\/wp-json\/wp\/v2\/comments?post=163126"}],"version-history":[{"count":1,"href":"https:\/\/infoecos.com.ar\/index.php\/wp-json\/wp\/v2\/posts\/163126\/revisions"}],"predecessor-version":[{"id":163128,"href":"https:\/\/infoecos.com.ar\/index.php\/wp-json\/wp\/v2\/posts\/163126\/revisions\/163128"}],"wp:featuredmedia":[{"embeddable":true,"href":"https:\/\/infoecos.com.ar\/index.php\/wp-json\/wp\/v2\/media\/163127"}],"wp:attachment":[{"href":"https:\/\/infoecos.com.ar\/index.php\/wp-json\/wp\/v2\/media?parent=163126"}],"wp:term":[{"taxonomy":"category","embeddable":true,"href":"https:\/\/infoecos.com.ar\/index.php\/wp-json\/wp\/v2\/categories?post=163126"},{"taxonomy":"post_tag","embeddable":true,"href":"https:\/\/infoecos.com.ar\/index.php\/wp-json\/wp\/v2\/tags?post=163126"}],"curies":[{"name":"wp","href":"https:\/\/api.w.org\/{rel}","templated":true}]}}