{"id":163129,"date":"2026-09-01T21:18:13","date_gmt":"2026-09-02T00:18:13","guid":{"rendered":"https:\/\/infoecos.com.ar\/?p=163129"},"modified":"2026-09-01T21:18:14","modified_gmt":"2026-09-02T00:18:14","slug":"tragico-accidente-en-pehuajo-fallecio-un-joven-de-17-anos-que-se-movilizaba-en-moto","status":"publish","type":"post","link":"https:\/\/infoecos.com.ar\/index.php\/tragico-accidente-en-pehuajo-fallecio-un-joven-de-17-anos-que-se-movilizaba-en-moto\/","title":{"rendered":"#Tr\u00e1gico accidente en Pehuaj\u00f3: Falleci\u00f3 un joven de 17 a\u00f1os que se movilizaba en moto"},"content":{"rendered":"\n<figure class=\"wp-block-image aligncenter size-full\"><img loading=\"lazy\" decoding=\"async\" width=\"523\" height=\"181\" src=\"https:\/\/infoecos.com.ar\/wp-content\/uploads\/2026\/09\/image-5.png\" alt=\"\" class=\"wp-image-163130\"\/><\/figure>\n\n\n\n<p class=\"wp-block-paragraph\">Un joven de 17 a\u00f1os perdi\u00f3 la vida este martes luego de protagonizar un grave accidente de tr\u00e1nsito en la intersecci\u00f3n de calles Gardes y Rojas, en Pehuaj\u00f3.<\/p>\n\n\n\n<p class=\"wp-block-paragraph\">El siniestro se produjo luego del mediod\u00eda entre una moto y una camioneta. Tras el impacto, una ambulancia del hospital acudi\u00f3 al lugar y traslad\u00f3 de urgencia al motociclista al Hospital Municipal para recibir atenci\u00f3n m\u00e9dica.<\/p>\n\n\n\n<p class=\"wp-block-paragraph\">Pese a los esfuerzos realizados, se confirm\u00f3 el fallecimiento del joven motociclista, el cual sali\u00f3 despedido luego del encontronazo e impact\u00f3 contra un \u00e1rbol.<\/p>\n\n\n\n<p class=\"wp-block-paragraph\">El Colegio Nacional, donde cursaba sus estudios secundarios Lucas Leonel Locastro, estar\u00e1 de duelo en la jornada de este mi\u00e9rcoles.<\/p>\n\n\n\n<p class=\"wp-block-paragraph\"><strong>Fuente: Diario Noticias de Pehuaj\u00f3<\/strong><\/p>\n","protected":false},"excerpt":{"rendered":"<p>Un joven de 17 a\u00f1os perdi\u00f3 la vida este martes luego de protagonizar un grave&#8230;<\/p>\n","protected":false},"author":2,"featured_media":163130,"comment_status":"closed","ping_status":"open","sticky":false,"template":"","format":"standard","meta":{"footnotes":""},"categories":[1613],"tags":[10298,6831],"class_list":["post-163129","post","type-post","status-publish","format-standard","has-post-thumbnail","hentry","category-noticia-secundaria","tag-bloque-inferior","tag-servicios-comunitarios"],"featured_image_urls":{"full":["https:\/\/infoecos.com.ar\/wp-content\/uploads\/2026\/09\/image-5.png",523,181,false],"thumbnail":["https:\/\/infoecos.com.ar\/wp-content\/uploads\/2026\/09\/image-5-300x150.png",300,150,true],"medium":["https:\/\/infoecos.com.ar\/wp-content\/uploads\/2026\/09\/image-5.png",523,181,false],"medium_large":["https:\/\/infoecos.com.ar\/wp-content\/uploads\/2026\/09\/image-5.png",523,181,false],"large":["https:\/\/infoecos.com.ar\/wp-content\/uploads\/2026\/09\/image-5.png",523,181,false],"1536x1536":["https:\/\/infoecos.com.ar\/wp-content\/uploads\/2026\/09\/image-5.png",523,181,false],"2048x2048":["https:\/\/infoecos.com.ar\/wp-content\/uploads\/2026\/09\/image-5.png",523,181,false],"covernews-slider-full":["https:\/\/infoecos.com.ar\/wp-content\/uploads\/2026\/09\/image-5.png",523,181,false],"covernews-slider-center":["https:\/\/infoecos.com.ar\/wp-content\/uploads\/2026\/09\/image-5.png",523,181,false],"covernews-featured":["https:\/\/infoecos.com.ar\/wp-content\/uploads\/2026\/09\/image-5.png",523,181,false],"covernews-medium":["https:\/\/infoecos.com.ar\/wp-content\/uploads\/2026\/09\/image-5.png",523,181,false],"covernews-medium-square":["https:\/\/infoecos.com.ar\/wp-content\/uploads\/2026\/09\/image-5-400x181.png",400,181,true]},"author_info":{"info":["Jorge Matheus"]},"category_info":"<a href=\"https:\/\/infoecos.com.ar\/index.php\/category\/noticia-secundaria\/\" rel=\"category tag\">Noticia Secundaria<\/a>","tag_info":"Noticia Secundaria","comment_count":"0","_links":{"self":[{"href":"https:\/\/infoecos.com.ar\/index.php\/wp-json\/wp\/v2\/posts\/163129","targetHints":{"allow":["GET"]}}],"collection":[{"href":"https:\/\/infoecos.com.ar\/index.php\/wp-json\/wp\/v2\/posts"}],"about":[{"href":"https:\/\/infoecos.com.ar\/index.php\/wp-json\/wp\/v2\/types\/post"}],"author":[{"embeddable":true,"href":"https:\/\/infoecos.com.ar\/index.php\/wp-json\/wp\/v2\/users\/2"}],"replies":[{"embeddable":true,"href":"https:\/\/infoecos.com.ar\/index.php\/wp-json\/wp\/v2\/comments?post=163129"}],"version-history":[{"count":1,"href":"https:\/\/infoecos.com.ar\/index.php\/wp-json\/wp\/v2\/posts\/163129\/revisions"}],"predecessor-version":[{"id":163131,"href":"https:\/\/infoecos.com.ar\/index.php\/wp-json\/wp\/v2\/posts\/163129\/revisions\/163131"}],"wp:featuredmedia":[{"embeddable":true,"href":"https:\/\/infoecos.com.ar\/index.php\/wp-json\/wp\/v2\/media\/163130"}],"wp:attachment":[{"href":"https:\/\/infoecos.com.ar\/index.php\/wp-json\/wp\/v2\/media?parent=163129"}],"wp:term":[{"taxonomy":"category","embeddable":true,"href":"https:\/\/infoecos.com.ar\/index.php\/wp-json\/wp\/v2\/categories?post=163129"},{"taxonomy":"post_tag","embeddable":true,"href":"https:\/\/infoecos.com.ar\/index.php\/wp-json\/wp\/v2\/tags?post=163129"}],"curies":[{"name":"wp","href":"https:\/\/api.w.org\/{rel}","templated":true}]}}