{"id":163137,"date":"2026-09-01T23:42:55","date_gmt":"2026-09-02T02:42:55","guid":{"rendered":"https:\/\/infoecos.com.ar\/?p=163137"},"modified":"2026-09-01T23:43:02","modified_gmt":"2026-09-02T02:43:02","slug":"informe-cepa-dia-de-la-industria-2026-la-industria-manufacturera-a-dos-anos-y-medio-del-gobierno-de-milei","status":"publish","type":"post","link":"https:\/\/infoecos.com.ar\/index.php\/informe-cepa-dia-de-la-industria-2026-la-industria-manufacturera-a-dos-anos-y-medio-del-gobierno-de-milei\/","title":{"rendered":"#Informe CEPA: D\u00eda de la Industria 2026: la industria manufacturera a dos a\u00f1os y medio del gobierno de Milei"},"content":{"rendered":"\n<figure class=\"wp-block-image aligncenter size-full\"><img loading=\"lazy\" decoding=\"async\" width=\"1200\" height=\"600\" src=\"https:\/\/infoecos.com.ar\/wp-content\/uploads\/2026\/09\/image-8.png\" alt=\"\" class=\"wp-image-163139\" srcset=\"https:\/\/infoecos.com.ar\/wp-content\/uploads\/2026\/09\/image-8.png 1200w, https:\/\/infoecos.com.ar\/wp-content\/uploads\/2026\/09\/image-8-300x150.png 300w, https:\/\/infoecos.com.ar\/wp-content\/uploads\/2026\/09\/image-8-800x400.png 800w, https:\/\/infoecos.com.ar\/wp-content\/uploads\/2026\/09\/image-8-768x384.png 768w, https:\/\/infoecos.com.ar\/wp-content\/uploads\/2026\/09\/image-8-1024x512.png 1024w\" sizes=\"auto, (max-width: 1200px) 100vw, 1200px\" \/><\/figure>\n\n\n\n<p class=\"wp-block-paragraph\">La industria manufacturera ocupa un lugar central en la estructura productiva argentina. Representa alrededor del 18% del PIB, concentra aproximadamente la mitad de la inversi\u00f3n empresarial en investigaci\u00f3n y desarrollo (I+D) y genera 2,5 millones de empleos directos, con condiciones laborales que se encuentran por encima del promedio de la econom\u00eda. A su vez, Argentina presenta un grado de desarrollo industrial superior al promedio de Am\u00e9rica Latina y el Caribe. De cara al 2 de septiembre de 2026, D\u00eda de la Industria, este informe analiz\u00f3 los principales indicadores relativos al sector manufacturero, el sensible aumento de las importaciones de bienes de consumo, junto con una recopilaci\u00f3n de casos testigos que dan cuenta de la situaci\u00f3n cr\u00edtica en la que se encuentran las industrias manufactureras argentinas y el an\u00e1lisis del viraje ocurrido en las principales pol\u00edticas publicadas dirigidas hacia la industria desde la asunci\u00f3n de Javier Milei. \u00a0<\/p>\n\n\n\n<p class=\"wp-block-paragraph\"><strong><em>Evoluci\u00f3n de los principales indicadores de la industria<\/em><\/strong><\/p>\n\n\n\n<ul class=\"wp-block-list\">\n<li>La industria argentina atraviesa un marcado deterioro. En t\u00e9rminos interanuales, la industria acumula una ca\u00edda en los primeros 6 meses de 2026 de 1,9%. En la comparaci\u00f3n con el modelo anterior (promedio ene\/22 \u2013 nov\/23) presenta un nivel de actividad 8,1% menor.\u00a0<\/li>\n\n\n\n<li>El \u00cdndice de Producci\u00f3n Industrial (IPI) da cuenta de un proceso similar. La producci\u00f3n industrial en el primer semestre del a\u00f1o se ubica 2,2% por debajo del mismo per\u00edodo que en 2025. En el promedio de la era Milei, la producci\u00f3n industrial se ubica 10,2% por debajo del modelo anterior.<\/li>\n\n\n\n<li>En junio, la Utilizaci\u00f3n de la Capacidad Instalada industrial fue s\u00f3lo del 59,1%, es decir, que 4 de cada 10 m\u00e1quinas de la industria est\u00e1n en desuso. El guarismo se encuentra 9,5 p.p. por debajo del nivel de junio 2023.<\/li>\n\n\n\n<li>Todos los sectores industriales, excluyendo refinaci\u00f3n de petr\u00f3leo que crece 5,2% y productos alimenticios y bebidas que crece marginalmente 0,3%, redujeron su uso de capacidad instalada en la comparaci\u00f3n a junio 2023. El principal derrumbe se observa en \u201cMetalmec\u00e1nica excluida industria automotriz\u201d (-30,9%) y \u201cproductos minerales no met\u00e1licos\u201d (-30,4%).<\/li>\n\n\n\n<li>Entre noviembre de 2023 y mayo de 2026, se perdieron 97.312 puestos de trabajo registrados en unidades productivas industriales (-8,0%) y 4.020 industria manufactureras (8,1%).<\/li>\n\n\n\n<li>La evoluci\u00f3n de la industria argentina durante la gesti\u00f3n de Javier Milei exhibe uno de los peores desempe\u00f1os a nivel global: cay\u00f3 7,9% entre el 2023 y el 2025 y ocupa el segundo peor resultado entre 56 econom\u00edas relevantes, s\u00f3lo por detr\u00e1s de Hungr\u00eda.<\/li>\n<\/ul>\n\n\n\n<p class=\"wp-block-paragraph\"><strong><em>Apertura no planificada: aluvi\u00f3n de importaciones de Bienes de Consumo<\/em><\/strong><\/p>\n\n\n\n<ul class=\"wp-block-list\">\n<li>El 2026 perfila para observar el acumulado de importaciones de bienes de consumo final m\u00e1s elevado desde que se tiene registro. En los primeros seis meses del a\u00f1o, la entrada de estos bienes alcanz\u00f3 USD 5.362 millones, consolid\u00e1ndose como el primer semestre m\u00e1s alto para este uso econ\u00f3mico en la serie hist\u00f3rica. En el acumulado m\u00f3vil de los \u00faltimos 12 meses, las importaciones de bienes de consumo sumaron USD 11.496 millones.<\/li>\n\n\n\n<li>Durante el primer semestre de 2026, solo 10 actividades econ\u00f3micas explicaron el 84,7% del total de las importaciones de bienes de consumo. Al comparar con el mismo per\u00edodo de 2023, los incrementos m\u00e1s destacados se concentraron en las siguientes actividades:\n<ul class=\"wp-block-list\">\n<li>Electrodom\u00e9sticos, bater\u00edas y l\u00e1mparas: +109,2%<\/li>\n\n\n\n<li>Prendas de vestir: +86,3%<\/li>\n\n\n\n<li>Motos, bicicletas, yates y otros equipos de transporte: +67,6%<\/li>\n\n\n\n<li>Productos alimenticios: +51,9%<\/li>\n\n\n\n<li>Farmac\u00e9uticos: +27,0%<\/li>\n<\/ul>\n<\/li>\n\n\n\n<li>En conjunto, estos cinco rubros explicaron casi la mitad (45,5%) de todas las importaciones de bienes finales que ingresaron al pa\u00eds en la primera mitad del a\u00f1o.<\/li>\n<\/ul>\n\n\n\n<p class=\"wp-block-paragraph\"><em><strong>Cierres y paradas de plantas industriales relevados por sector<\/strong><\/em><\/p>\n\n\n\n<ul class=\"wp-block-list\">\n<li>La crisis industrial durante la gesti\u00f3n de Javier Milei se refleja, adem\u00e1s, en el cierre y suspensi\u00f3n de actividades de diversas industrias manufactureras, afectando a sectores clave como el metal\u00fargico, textil, transporte, papelero, materiales de construcci\u00f3n y qu\u00edmico.<\/li>\n<\/ul>\n\n\n\n<p class=\"wp-block-paragraph\"><strong><em>El sesgo antiindustrial en las pol\u00edticas p\u00fablicas del gobierno de Milei<\/em><\/strong><br>Desde la asunci\u00f3n de Milei se impuls\u00f3:<\/p>\n\n\n\n<ul class=\"wp-block-list\">\n<li><strong>Sensible aumento de tarifas<\/strong>\u00a0de luz y gas con impacto en talleres y peque\u00f1as industrias.<\/li>\n\n\n\n<li><strong>Derogaci\u00f3n Ley de Compre Nacional (DNU 70\/2023).<\/strong><\/li>\n\n\n\n<li><strong>Derogaci\u00f3n del PRODEPRO (DNU 70\/2023<\/strong><strong>)<\/strong>, que establec\u00eda una pol\u00edtica de ANR (Aportes No Reembolsables) destinado a empresas que abastecen a sectores estrat\u00e9gicos de la industria.<\/li>\n\n\n\n<li><strong>Eliminaci\u00f3n o baja de aranceles de importaci\u00f3n,\u00a0<\/strong>incluyendo la eliminaci\u00f3n de la pol\u00edtica de Licencias Autom\u00e1ticas y No Autom\u00e1ticas, el Decreto 384\/2024 la Secretar\u00eda de Comercio con baja de aranceles de importaci\u00f3n para productos de l\u00ednea blanca como heladeras y lavarropas (del 35% al 20%), a los que se le suman los neum\u00e1ticos (35% a 16%) e insumos pl\u00e1sticos (12,6% a 6%) y el Decreto 513\/2025 a trav\u00e9s del cual redujo al 12,6% los aranceles de importaci\u00f3n para 29 bienes de capital.<\/li>\n\n\n\n<li><strong>Cambios r\u00e9gimen antidumping,\u00a0<\/strong>apuntando a topear el porcentaje de los derechos aplicados a ciertas importaciones y establecer un plazo m\u00e1ximo del orden de los 18 meses para este tipo de medidas (el r\u00e9gimen establece hasta 5 a\u00f1os, renovables en determinadas condiciones).<\/li>\n\n\n\n<li><strong>Eliminaci\u00f3n de toda pol\u00edtica de cr\u00e9ditos productivos<\/strong>\u00a0para la inversi\u00f3n en pymes, abandonando los cr\u00e9ditos subsidiados del Banco Naci\u00f3n y BICE, entre ellas la L\u00ednea de Proyectos Estrat\u00e9gicos con objetivo sustitutivo.<\/li>\n\n\n\n<li><strong>Intervenci\u00f3n en organismos vinculados a la industria:<\/strong>\u00a0la intervenci\u00f3n sobre organismos descentralizados en el marco de la Ley Bases, junto con los intentos de desmantelamiento del INTI a trav\u00e9s del decreto 462\/2025, evidencian un retroceso en materia de pol\u00edtica industrial y tecnol\u00f3gica. La reducci\u00f3n de 854 trabajadores desde fines de 2023 debilita seriamente la capacidad del instituto para brindar asistencia t\u00e9cnica a las PyMEs \u2014que concentran el 80% de su labor\u2014, compromete el desarrollo de normas de calidad, la transferencia de tecnolog\u00eda y la generaci\u00f3n de bienes con valor agregado nacional.<\/li>\n\n\n\n<li><strong>Cierre de la Secretar\u00eda PyME,\u00a0<\/strong>en agosto de 2025, constituye un fuerte retroceso institucional en materia de pol\u00edtica productiva. Las PyMEs, que representan el 98% de las firmas del pa\u00eds y generan m\u00e1s del 70% del empleo, pierden un \u00e1mbito espec\u00edfico de acompa\u00f1amiento estatal orientado a reducir la brecha de productividad respecto de las grandes empresas.<\/li>\n\n\n\n<li><strong>Desfinanciamiento de programas y \u00e1reas asociados a la pol\u00edtica industrial:\u00a0<\/strong>a julio de 2026, la ejecuci\u00f3n presupuestaria muestra ca\u00eddas reales significativas respecto de 2023 en Instituto de Investigaci\u00f3n y Desarrollo Pesquero (-30,4%), el Instituto Nacional de la Propiedad Industrial (-26,2%), el Instituto Nacional de Semillas (-49,5%), el INTA (-21,4%), el INTI (-49,9%), la Secretar\u00eda de Industria y Desarrollo Productivo (-77,3%) y en el Instituto Nacional del Agua (-64,5%).<\/li>\n<\/ul>\n\n\n\n<div data-wp-interactive=\"core\/file\" class=\"wp-block-file\"><object data-wp-bind--hidden=\"!state.hasPdfPreview\" hidden class=\"wp-block-file__embed\" data=\"https:\/\/infoecos.com.ar\/wp-content\/uploads\/2026\/09\/2026.09.01_D_iacute_a_de_la_Industria_2026_la_industria_manufacturera_a_dos_a_ntilde_os_y_medio_del_gobierno_de_Milei_CEPA_Septiembre_2026.pdf\" type=\"application\/pdf\" style=\"width:100%;height:600px\" aria-label=\"Incrustado de 2026.09.01_D_iacute_a_de_la_Industria_2026_la_industria_manufacturera_a_dos_a_ntilde_os_y_medio_del_gobierno_de_Milei_CEPA_Septiembre_2026.\"><\/object><a id=\"wp-block-file--media-8d32a72b-d59b-490d-87be-a2825360fa62\" href=\"https:\/\/infoecos.com.ar\/wp-content\/uploads\/2026\/09\/2026.09.01_D_iacute_a_de_la_Industria_2026_la_industria_manufacturera_a_dos_a_ntilde_os_y_medio_del_gobierno_de_Milei_CEPA_Septiembre_2026.pdf\">2026.09.01_D_iacute_a_de_la_Industria_2026_la_industria_manufacturera_a_dos_a_ntilde_os_y_medio_del_gobierno_de_Milei_CEPA_Septiembre_2026<\/a><a href=\"https:\/\/infoecos.com.ar\/wp-content\/uploads\/2026\/09\/2026.09.01_D_iacute_a_de_la_Industria_2026_la_industria_manufacturera_a_dos_a_ntilde_os_y_medio_del_gobierno_de_Milei_CEPA_Septiembre_2026.pdf\" class=\"wp-block-file__button wp-element-button\" download aria-describedby=\"wp-block-file--media-8d32a72b-d59b-490d-87be-a2825360fa62\">Descarga<\/a><\/div>\n","protected":false},"excerpt":{"rendered":"<p>La industria manufacturera ocupa un lugar central en la estructura productiva argentina. Representa alrededor del&#8230;<\/p>\n","protected":false},"author":2,"featured_media":163139,"comment_status":"closed","ping_status":"open","sticky":false,"template":"","format":"standard","meta":{"footnotes":""},"categories":[1],"tags":[10298,1500],"class_list":["post-163137","post","type-post","status-publish","format-standard","has-post-thumbnail","hentry","category-sin-categoria","tag-bloque-inferior","tag-regional"],"featured_image_urls":{"full":["https:\/\/infoecos.com.ar\/wp-content\/uploads\/2026\/09\/image-8.png",1200,600,false],"thumbnail":["https:\/\/infoecos.com.ar\/wp-content\/uploads\/2026\/09\/image-8-300x150.png",300,150,true],"medium":["https:\/\/infoecos.com.ar\/wp-content\/uploads\/2026\/09\/image-8-800x400.png",800,400,true],"medium_large":["https:\/\/infoecos.com.ar\/wp-content\/uploads\/2026\/09\/image-8-768x384.png",640,320,true],"large":["https:\/\/infoecos.com.ar\/wp-content\/uploads\/2026\/09\/image-8.png",640,320,false],"1536x1536":["https:\/\/infoecos.com.ar\/wp-content\/uploads\/2026\/09\/image-8.png",1200,600,false],"2048x2048":["https:\/\/infoecos.com.ar\/wp-content\/uploads\/2026\/09\/image-8.png",1200,600,false],"covernews-slider-full":["https:\/\/infoecos.com.ar\/wp-content\/uploads\/2026\/09\/image-8-1115x600.png",1115,600,true],"covernews-slider-center":["https:\/\/infoecos.com.ar\/wp-content\/uploads\/2026\/09\/image-8-800x500.png",800,500,true],"covernews-featured":["https:\/\/infoecos.com.ar\/wp-content\/uploads\/2026\/09\/image-8-1024x512.png",1024,512,true],"covernews-medium":["https:\/\/infoecos.com.ar\/wp-content\/uploads\/2026\/09\/image-8-540x340.png",540,340,true],"covernews-medium-square":["https:\/\/infoecos.com.ar\/wp-content\/uploads\/2026\/09\/image-8-400x250.png",400,250,true]},"author_info":{"info":["Jorge Matheus"]},"category_info":"<a href=\"https:\/\/infoecos.com.ar\/index.php\/category\/sin-categoria\/\" rel=\"category tag\">Sin categor\u00eda<\/a>","tag_info":"Sin categor\u00eda","comment_count":"0","_links":{"self":[{"href":"https:\/\/infoecos.com.ar\/index.php\/wp-json\/wp\/v2\/posts\/163137","targetHints":{"allow":["GET"]}}],"collection":[{"href":"https:\/\/infoecos.com.ar\/index.php\/wp-json\/wp\/v2\/posts"}],"about":[{"href":"https:\/\/infoecos.com.ar\/index.php\/wp-json\/wp\/v2\/types\/post"}],"author":[{"embeddable":true,"href":"https:\/\/infoecos.com.ar\/index.php\/wp-json\/wp\/v2\/users\/2"}],"replies":[{"embeddable":true,"href":"https:\/\/infoecos.com.ar\/index.php\/wp-json\/wp\/v2\/comments?post=163137"}],"version-history":[{"count":1,"href":"https:\/\/infoecos.com.ar\/index.php\/wp-json\/wp\/v2\/posts\/163137\/revisions"}],"predecessor-version":[{"id":163140,"href":"https:\/\/infoecos.com.ar\/index.php\/wp-json\/wp\/v2\/posts\/163137\/revisions\/163140"}],"wp:featuredmedia":[{"embeddable":true,"href":"https:\/\/infoecos.com.ar\/index.php\/wp-json\/wp\/v2\/media\/163139"}],"wp:attachment":[{"href":"https:\/\/infoecos.com.ar\/index.php\/wp-json\/wp\/v2\/media?parent=163137"}],"wp:term":[{"taxonomy":"category","embeddable":true,"href":"https:\/\/infoecos.com.ar\/index.php\/wp-json\/wp\/v2\/categories?post=163137"},{"taxonomy":"post_tag","embeddable":true,"href":"https:\/\/infoecos.com.ar\/index.php\/wp-json\/wp\/v2\/tags?post=163137"}],"curies":[{"name":"wp","href":"https:\/\/api.w.org\/{rel}","templated":true}]}}