{"id":163143,"date":"2026-09-02T14:37:02","date_gmt":"2026-09-02T17:37:02","guid":{"rendered":"https:\/\/infoecos.com.ar\/?p=163143"},"modified":"2026-09-02T14:37:38","modified_gmt":"2026-09-02T17:37:38","slug":"golpe-a-los-afectos-fue-sepultado-este-mediodia-luis-ramas-multifacetico-y-apreciado-vecino-trenquelauquense","status":"publish","type":"post","link":"https:\/\/infoecos.com.ar\/index.php\/golpe-a-los-afectos-fue-sepultado-este-mediodia-luis-ramas-multifacetico-y-apreciado-vecino-trenquelauquense\/","title":{"rendered":"#Golpe a los afectos: Fue sepultado este mediod\u00eda Luis Ramas, multifac\u00e9tico y apreciado vecino trenquelauquense"},"content":{"rendered":"\n<p class=\"wp-block-paragraph\">Sorpresa en muchas\/os vecinos y consternaci\u00f3n significativa en Trenque Lauquen por el fallecimiento del conocido vecino, Luis Ramas. <\/p>\n\n\n\n<p class=\"wp-block-paragraph\">A los 65 a\u00f1os, en la ciudad de La Plata donde se encontraba internado por un problema de salud que se le hab\u00eda presentado en el \u00faltimo tiempo, dej\u00f3 de existir, lo que producir\u00e1 un vac\u00edo en la vida cultural de la ciudad, como as\u00ed tambi\u00e9n en lo institucional. <\/p>\n\n\n\n<p class=\"wp-block-paragraph\">Fue miembro de la Asociaci\u00f3n Trenquelauquense de B\u00e1squetbol, desempe\u00f1\u00f3 tareas de conferencista por su condici\u00f3n de profesor de Literatura y ejemplo de lucha. <\/p>\n\n\n\n<p class=\"wp-block-paragraph\">Hace unos diez a\u00f1os recibi\u00f3 un transplante de coraz\u00f3n, que no le impidi\u00f3 realizar distintas actividades, entre ellas sumarse a un grupo de motociclistas con los que recorri\u00f3 distintas rutas y provincias argentinas<\/p>\n\n\n\n<p class=\"wp-block-paragraph\">Como se\u00f1ala el sitio <strong>datatrenque.com.ar<\/strong> tambi\u00e9n se distingui\u00f3 como jurado de concurso de cuentos, y ofreci\u00f3 imprescindibles charlas y ense\u00f1anzas en las que destac\u00f3 por el estudio de las obras de grandes escritores argentinos y del mundo.<\/p>\n\n\n\n<p class=\"wp-block-paragraph\">Sus restos fueron velados en la Cooperativa El\u00e9ctrica y recibieron sepultura este mi\u00e9rcoles a las 13 horas en el cementerio de Trenque Lauquen. <\/p>\n\n\n\n<figure class=\"wp-block-image aligncenter size-full\"><img loading=\"lazy\" decoding=\"async\" width=\"634\" height=\"248\" src=\"https:\/\/infoecos.com.ar\/wp-content\/uploads\/2026\/09\/image-10.png\" alt=\"\" class=\"wp-image-163145\"\/><\/figure>\n","protected":false},"excerpt":{"rendered":"<p>Sorpresa en muchas\/os vecinos y consternaci\u00f3n significativa en Trenque Lauquen por el fallecimiento del conocido&#8230;<\/p>\n","protected":false},"author":2,"featured_media":163145,"comment_status":"closed","ping_status":"open","sticky":false,"template":"","format":"standard","meta":{"footnotes":""},"categories":[1],"tags":[10304,10298],"class_list":["post-163143","post","type-post","status-publish","format-standard","has-post-thumbnail","hentry","category-sin-categoria","tag-actualidad","tag-bloque-inferior"],"featured_image_urls":{"full":["https:\/\/infoecos.com.ar\/wp-content\/uploads\/2026\/09\/image-10.png",634,248,false],"thumbnail":["https:\/\/infoecos.com.ar\/wp-content\/uploads\/2026\/09\/image-10-300x150.png",300,150,true],"medium":["https:\/\/infoecos.com.ar\/wp-content\/uploads\/2026\/09\/image-10.png",634,248,false],"medium_large":["https:\/\/infoecos.com.ar\/wp-content\/uploads\/2026\/09\/image-10.png",634,248,false],"large":["https:\/\/infoecos.com.ar\/wp-content\/uploads\/2026\/09\/image-10.png",634,248,false],"1536x1536":["https:\/\/infoecos.com.ar\/wp-content\/uploads\/2026\/09\/image-10.png",634,248,false],"2048x2048":["https:\/\/infoecos.com.ar\/wp-content\/uploads\/2026\/09\/image-10.png",634,248,false],"covernews-slider-full":["https:\/\/infoecos.com.ar\/wp-content\/uploads\/2026\/09\/image-10.png",634,248,false],"covernews-slider-center":["https:\/\/infoecos.com.ar\/wp-content\/uploads\/2026\/09\/image-10.png",634,248,false],"covernews-featured":["https:\/\/infoecos.com.ar\/wp-content\/uploads\/2026\/09\/image-10.png",634,248,false],"covernews-medium":["https:\/\/infoecos.com.ar\/wp-content\/uploads\/2026\/09\/image-10-540x248.png",540,248,true],"covernews-medium-square":["https:\/\/infoecos.com.ar\/wp-content\/uploads\/2026\/09\/image-10-400x248.png",400,248,true]},"author_info":{"info":["Jorge Matheus"]},"category_info":"<a href=\"https:\/\/infoecos.com.ar\/index.php\/category\/sin-categoria\/\" rel=\"category tag\">Sin categor\u00eda<\/a>","tag_info":"Sin categor\u00eda","comment_count":"0","_links":{"self":[{"href":"https:\/\/infoecos.com.ar\/index.php\/wp-json\/wp\/v2\/posts\/163143","targetHints":{"allow":["GET"]}}],"collection":[{"href":"https:\/\/infoecos.com.ar\/index.php\/wp-json\/wp\/v2\/posts"}],"about":[{"href":"https:\/\/infoecos.com.ar\/index.php\/wp-json\/wp\/v2\/types\/post"}],"author":[{"embeddable":true,"href":"https:\/\/infoecos.com.ar\/index.php\/wp-json\/wp\/v2\/users\/2"}],"replies":[{"embeddable":true,"href":"https:\/\/infoecos.com.ar\/index.php\/wp-json\/wp\/v2\/comments?post=163143"}],"version-history":[{"count":1,"href":"https:\/\/infoecos.com.ar\/index.php\/wp-json\/wp\/v2\/posts\/163143\/revisions"}],"predecessor-version":[{"id":163146,"href":"https:\/\/infoecos.com.ar\/index.php\/wp-json\/wp\/v2\/posts\/163143\/revisions\/163146"}],"wp:featuredmedia":[{"embeddable":true,"href":"https:\/\/infoecos.com.ar\/index.php\/wp-json\/wp\/v2\/media\/163145"}],"wp:attachment":[{"href":"https:\/\/infoecos.com.ar\/index.php\/wp-json\/wp\/v2\/media?parent=163143"}],"wp:term":[{"taxonomy":"category","embeddable":true,"href":"https:\/\/infoecos.com.ar\/index.php\/wp-json\/wp\/v2\/categories?post=163143"},{"taxonomy":"post_tag","embeddable":true,"href":"https:\/\/infoecos.com.ar\/index.php\/wp-json\/wp\/v2\/tags?post=163143"}],"curies":[{"name":"wp","href":"https:\/\/api.w.org\/{rel}","templated":true}]}}