{"id":163147,"date":"2026-09-02T15:09:36","date_gmt":"2026-09-02T18:09:36","guid":{"rendered":"https:\/\/infoecos.com.ar\/?p=163147"},"modified":"2026-09-02T15:09:41","modified_gmt":"2026-09-02T18:09:41","slug":"mes-de-la-primavera-la-agenda-en-trenque-lauquen-comienza-a-cumplirse-este-jueves","status":"publish","type":"post","link":"https:\/\/infoecos.com.ar\/index.php\/mes-de-la-primavera-la-agenda-en-trenque-lauquen-comienza-a-cumplirse-este-jueves\/","title":{"rendered":"#Mes de la Primavera: La agenda en Trenque Lauquen comienza a cumplirse este jueves"},"content":{"rendered":"\n<figure class=\"wp-block-image aligncenter size-full\"><img loading=\"lazy\" decoding=\"async\" width=\"1393\" height=\"931\" src=\"https:\/\/infoecos.com.ar\/wp-content\/uploads\/2023\/09\/SC_2984.jpg\" alt=\"\" class=\"wp-image-112830\" srcset=\"https:\/\/infoecos.com.ar\/wp-content\/uploads\/2023\/09\/SC_2984.jpg 1393w, https:\/\/infoecos.com.ar\/wp-content\/uploads\/2023\/09\/SC_2984-800x535.jpg 800w, https:\/\/infoecos.com.ar\/wp-content\/uploads\/2023\/09\/SC_2984-768x513.jpg 768w, https:\/\/infoecos.com.ar\/wp-content\/uploads\/2023\/09\/SC_2984-1024x684.jpg 1024w, https:\/\/infoecos.com.ar\/wp-content\/uploads\/2023\/09\/SC_2984-675x450.jpg 675w\" sizes=\"auto, (max-width: 1393px) 100vw, 1393px\" \/><\/figure>\n\n\n\n<p class=\"wp-block-paragraph\">La Municipalidad de Trenque Lauquen, a trav\u00e9s de la subsecretar\u00eda de Desarrollo Humano, la subsecretar\u00eda de Desarrollo Econ\u00f3mico y Productivo y el \u00e1rea de Juventudes, organiza los festejos por el Mes de la Primavera que tendr\u00e1n lugar durante el mes de septiembre y que culminar\u00e1n el domingo 20 en el Parque Municipal \u201cConrado Villegas\u201d con un picnic para compartir con amigos y familias, donde habr\u00e1 diversas propuestas y atracciones.<\/p>\n\n\n\n<p class=\"wp-block-paragraph\">Bajo el lema <strong>\u201cFormarse, Crear, Expresarse, Encontrarse y Disfrutar\u201d<\/strong>, las actividades apuntan a propiciar una agenda integral de propuestas destinadas a adolescentes y j\u00f3venes, que incluye charlas, talleres y actividades recreativas.<\/p>\n\n\n\n<p class=\"wp-block-paragraph\">La agenda:<\/p>\n\n\n\n<p class=\"wp-block-paragraph\">. <strong>Jueves 3\/9: EXPO FUTURO JOVEN<\/strong><\/p>\n\n\n\n<p class=\"wp-block-paragraph\">De 8 a 15 h en la sede de la Universidad Tecnol\u00f3gica Nacional, Facultad Regional Trenque Lauquen (UTN), en Racedo n.\u00b0 298 (con ingreso por calle Avellaneda),<\/p>\n\n\n\n<p class=\"wp-block-paragraph\">Encuentro destinado a estudiantes de los \u00faltimos a\u00f1os del nivel secundario. Propuesta orientada a acercar a los j\u00f3venes la oferta acad\u00e9mica local y regional de nivel superior, junto con charlas y experiencias con profesionales que permitan conocer distintas alternativas de estudio y desarrollo profesional.<\/p>\n\n\n\n<p class=\"wp-block-paragraph\">. <strong>Mi\u00e9rcoles 16\/9 &#8211; TALLERES GRATUITOS DE JUNIOR ACHIEVEMENT<\/strong><\/p>\n\n\n\n<p class=\"wp-block-paragraph\">Talleres con enfoque en educaci\u00f3n financiera, herramientas de inserci\u00f3n laboral, capacitaciones en IA (Inteligencia Artificial) para dotar a los j\u00f3venes de conocimientos b\u00e1sicos en la materia y ayudar a la toma de decisiones econ\u00f3micas aplicables a la vida cotidiana y al futuro laboral.<\/p>\n\n\n\n<p class=\"wp-block-paragraph\">. <strong>Jueves 17\/9 &#8211; CHARLA SOBRE INTELIGENCIA ARTIFICIAL (IA)<\/strong><\/p>\n\n\n\n<p class=\"wp-block-paragraph\">A las 18 h en el Polo Cient\u00edfico Tecnol\u00f3gico (Hern\u00e1ndez n.\u00b0 816) con la disertaci\u00f3n Mariano Manzanel. Se trata de una jornada de capacitaci\u00f3n y taller pr\u00e1ctico, gratuita y abierta a empresas, emprendedores y p\u00fablico en general.<\/p>\n\n\n\n<p class=\"wp-block-paragraph\">. <strong>Viernes 18\/9 &#8211; PREMIO ARTE JOVEN + MUESTRA DE ARTE INFANTIL<\/strong><\/p>\n\n\n\n<p class=\"wp-block-paragraph\">A las 18 h en el Museo Municipal de Artes Visuales (MuMAV)<\/p>\n\n\n\n<p class=\"wp-block-paragraph\">Se realizar\u00e1 la inauguraci\u00f3n de la Muestra de Arte Infantil (hasta 14 a\u00f1os) y se har\u00e1 la premiaci\u00f3n de Arte Joven (15 a 25 a\u00f1os) para las distintas categor\u00edas. Es una jornada destinada a poner en valor la creatividad y la expresi\u00f3n art\u00edstica de ni\u00f1os, adolescentes y j\u00f3venes de nuestra comunidad.<\/p>\n\n\n\n<p class=\"wp-block-paragraph\">. <strong>S\u00e1bado 19\/9 &#8211; Charla \u201cSER ADOLESCENTES HOY: DESAF\u00cdOS Y APUESTAS\u201d<\/strong><\/p>\n\n\n\n<p class=\"wp-block-paragraph\">A las 16 h en el Teatro Espa\u00f1ol con la disertaci\u00f3n de M\u00f3nica Arias, Psiquiatra-Psicoanalista, y Nicol\u00e1s Touloupas, Psiquiatra-Psicoanalista.<\/p>\n\n\n\n<p class=\"wp-block-paragraph\">Actividad organizada por las Lic. Vanesa Bonavita y Lic. Carolina Angelucci, con el acompa\u00f1amiento de la Municipalidad de Trenque Lauquen.<\/p>\n\n\n\n<p class=\"wp-block-paragraph\">Espacio de reflexi\u00f3n y di\u00e1logo en torno a las experiencias, desaf\u00edos y oportunidades que atraviesan actualmente las adolescencias.<\/p>\n\n\n\n<p class=\"wp-block-paragraph\">. <strong>Domingo 20\/9 &#8211; PICNIC DE LA PRIMAVERA<\/strong><\/p>\n\n\n\n<p class=\"wp-block-paragraph\">De 16 a 19 h en el Parque Municipal \u201cConrado Villegas.<\/p>\n\n\n\n<p class=\"wp-block-paragraph\">Una jornada al aire libre y abierta a j\u00f3venes y familias, pensada para disfrutar del espacio p\u00fablico, compartir con amigos, participar de diferentes actividades y propuestas.<\/p>\n\n\n\n<p class=\"wp-block-paragraph\">Desde el Municipio manifestaron que \u201cel mes de la primavera constituye una oportunidad para generar espacios de encuentro, participaci\u00f3n y disfrute destinados especialmente a adolescentes y j\u00f3venes de nuestra comunidad\u201d.<\/p>\n\n\n\n<p class=\"wp-block-paragraph\">\u201cLa primavera se convierte en una oportunidad para generar experiencias, fortalecer v\u00ednculos y poner en valor el protagonismo de las juventudes de Trenque Lauquen\u201d, agregaron y detallaron los objetivos espec\u00edficos de la propuesta:<\/p>\n\n\n\n<p class=\"wp-block-paragraph\">. Promover el acceso de los j\u00f3venes a propuestas educativas y de formaci\u00f3n.<\/p>\n\n\n\n<p class=\"wp-block-paragraph\">. Acercar herramientas vinculadas con el mundo laboral, financiero y tecnol\u00f3gico.<\/p>\n\n\n\n<p class=\"wp-block-paragraph\">. Generar espacios para la expresi\u00f3n art\u00edstica y cultural.<\/p>\n\n\n\n<p class=\"wp-block-paragraph\">. Abordar tem\u00e1ticas vinculadas con las adolescencias y sus desaf\u00edos actuales.<\/p>\n\n\n\n<p class=\"wp-block-paragraph\">. Promover el deporte, la recreaci\u00f3n y los h\u00e1bitos de vida activa.<\/p>\n\n\n\n<p class=\"wp-block-paragraph\">. Fortalecer los espacios de encuentro y participaci\u00f3n Juvenil.<\/p>\n\n\n\n<p class=\"wp-block-paragraph\">. Visibilizar el talento, la creatividad de j\u00f3venes de la comunidad.<\/p>\n\n\n\n<p class=\"wp-block-paragraph\">. Generar propuestas que involucren tambi\u00e9n a las familias y a la comunidad en general.<\/p>\n","protected":false},"excerpt":{"rendered":"<p>La Municipalidad de Trenque Lauquen, a trav\u00e9s de la subsecretar\u00eda de Desarrollo Humano, la subsecretar\u00eda&#8230;<\/p>\n","protected":false},"author":2,"featured_media":154821,"comment_status":"closed","ping_status":"open","sticky":false,"template":"","format":"standard","meta":{"footnotes":""},"categories":[1612],"tags":[10298,6831],"class_list":["post-163147","post","type-post","status-publish","format-standard","has-post-thumbnail","hentry","category-noticia-principal","tag-bloque-inferior","tag-servicios-comunitarios"],"featured_image_urls":{"full":["https:\/\/infoecos.com.ar\/wp-content\/uploads\/2026\/03\/Ciudad-de-Trenque-Lauquen.jpeg",1600,900,false],"thumbnail":["https:\/\/infoecos.com.ar\/wp-content\/uploads\/2026\/03\/Ciudad-de-Trenque-Lauquen-300x150.jpeg",300,150,true],"medium":["https:\/\/infoecos.com.ar\/wp-content\/uploads\/2026\/03\/Ciudad-de-Trenque-Lauquen-800x450.jpeg",800,450,true],"medium_large":["https:\/\/infoecos.com.ar\/wp-content\/uploads\/2026\/03\/Ciudad-de-Trenque-Lauquen-768x432.jpeg",640,360,true],"large":["https:\/\/infoecos.com.ar\/wp-content\/uploads\/2026\/03\/Ciudad-de-Trenque-Lauquen.jpeg",640,360,false],"1536x1536":["https:\/\/infoecos.com.ar\/wp-content\/uploads\/2026\/03\/Ciudad-de-Trenque-Lauquen-1536x864.jpeg",1536,864,true],"2048x2048":["https:\/\/infoecos.com.ar\/wp-content\/uploads\/2026\/03\/Ciudad-de-Trenque-Lauquen.jpeg",1600,900,false],"covernews-slider-full":["https:\/\/infoecos.com.ar\/wp-content\/uploads\/2026\/03\/Ciudad-de-Trenque-Lauquen-1115x715.jpeg",1115,715,true],"covernews-slider-center":["https:\/\/infoecos.com.ar\/wp-content\/uploads\/2026\/03\/Ciudad-de-Trenque-Lauquen-800x500.jpeg",800,500,true],"covernews-featured":["https:\/\/infoecos.com.ar\/wp-content\/uploads\/2026\/03\/Ciudad-de-Trenque-Lauquen-1024x576.jpeg",1024,576,true],"covernews-medium":["https:\/\/infoecos.com.ar\/wp-content\/uploads\/2026\/03\/Ciudad-de-Trenque-Lauquen-540x340.jpeg",540,340,true],"covernews-medium-square":["https:\/\/infoecos.com.ar\/wp-content\/uploads\/2026\/03\/Ciudad-de-Trenque-Lauquen-400x250.jpeg",400,250,true]},"author_info":{"info":["Jorge Matheus"]},"category_info":"<a href=\"https:\/\/infoecos.com.ar\/index.php\/category\/noticia-principal\/\" rel=\"category tag\">Noticia Principal<\/a>","tag_info":"Noticia Principal","comment_count":"0","_links":{"self":[{"href":"https:\/\/infoecos.com.ar\/index.php\/wp-json\/wp\/v2\/posts\/163147","targetHints":{"allow":["GET"]}}],"collection":[{"href":"https:\/\/infoecos.com.ar\/index.php\/wp-json\/wp\/v2\/posts"}],"about":[{"href":"https:\/\/infoecos.com.ar\/index.php\/wp-json\/wp\/v2\/types\/post"}],"author":[{"embeddable":true,"href":"https:\/\/infoecos.com.ar\/index.php\/wp-json\/wp\/v2\/users\/2"}],"replies":[{"embeddable":true,"href":"https:\/\/infoecos.com.ar\/index.php\/wp-json\/wp\/v2\/comments?post=163147"}],"version-history":[{"count":1,"href":"https:\/\/infoecos.com.ar\/index.php\/wp-json\/wp\/v2\/posts\/163147\/revisions"}],"predecessor-version":[{"id":163148,"href":"https:\/\/infoecos.com.ar\/index.php\/wp-json\/wp\/v2\/posts\/163147\/revisions\/163148"}],"wp:featuredmedia":[{"embeddable":true,"href":"https:\/\/infoecos.com.ar\/index.php\/wp-json\/wp\/v2\/media\/154821"}],"wp:attachment":[{"href":"https:\/\/infoecos.com.ar\/index.php\/wp-json\/wp\/v2\/media?parent=163147"}],"wp:term":[{"taxonomy":"category","embeddable":true,"href":"https:\/\/infoecos.com.ar\/index.php\/wp-json\/wp\/v2\/categories?post=163147"},{"taxonomy":"post_tag","embeddable":true,"href":"https:\/\/infoecos.com.ar\/index.php\/wp-json\/wp\/v2\/tags?post=163147"}],"curies":[{"name":"wp","href":"https:\/\/api.w.org\/{rel}","templated":true}]}}