{"id":163149,"date":"2026-09-02T15:23:35","date_gmt":"2026-09-02T18:23:35","guid":{"rendered":"https:\/\/infoecos.com.ar\/?p=163149"},"modified":"2026-09-02T15:23:36","modified_gmt":"2026-09-02T18:23:36","slug":"choque-frontal-resultaron-heridos-tres-integrantes-del-ejercito-argentino-en-la-ruta-33-jurisdiccion-de-torquinst","status":"publish","type":"post","link":"https:\/\/infoecos.com.ar\/index.php\/choque-frontal-resultaron-heridos-tres-integrantes-del-ejercito-argentino-en-la-ruta-33-jurisdiccion-de-torquinst\/","title":{"rendered":"#Choque frontal: Resultaron heridos tres integrantes del Ej\u00e9rcito Argentino en la Ruta 33, jurisdicci\u00f3n de Torquinst"},"content":{"rendered":"\n<p class=\"wp-block-paragraph\">Tres integrantes del Ej\u00e9rcito Argentino resultaron heridos este mi\u00e9rcoles tras un choque frontal ocurrido sobre la Ruta Nacional 33, a la altura del kil\u00f3metro 45, en jurisdicci\u00f3n de Tornquist.<\/p>\n\n\n\n<p class=\"wp-block-paragraph\">Seg\u00fan public\u00f3 <strong>La Br\u00fajula 24<\/strong>, el siniestro vial involucr\u00f3 a una camioneta Ford perteneciente al Ej\u00e9rcito, que proced\u00eda de Santa Rosa (La Pampa), y a un cami\u00f3n Scania conducido por un hombre de 37 a\u00f1os oriundo de la localidad bonaerense de Salliquel\u00f3, quien result\u00f3 ileso.<\/p>\n\n\n\n<p class=\"wp-block-paragraph\">Como consecuencia del impacto, los tres ocupantes del veh\u00edculo militar debieron ser trasladados al Hospital de Tornquist para ser evaluados. Seg\u00fan la informaci\u00f3n oficial, hasta el momento ninguno de ellos presenta heridas de gravedad.<\/p>\n\n\n\n<p class=\"wp-block-paragraph\">Uno de los lesionados fue identificado como el teniente coronel Jorge Wahnish, quien manifest\u00f3 dolor en una rodilla. Tambi\u00e9n fue asistido el cabo primero Marcos Villanueva, que presentaba mareos y distintas dolencias producto del impacto.<\/p>\n\n\n\n<p class=\"wp-block-paragraph\">El tercer integrante del Ej\u00e9rcito, cuya identidad todav\u00eda no fue confirmada, sufri\u00f3 golpes y dolor en una pierna.<\/p>\n\n\n\n<figure class=\"wp-block-image aligncenter size-full\"><img loading=\"lazy\" decoding=\"async\" width=\"512\" height=\"443\" src=\"https:\/\/infoecos.com.ar\/wp-content\/uploads\/2026\/09\/image-11.png\" alt=\"\" class=\"wp-image-163150\"\/><\/figure>\n\n\n\n<p class=\"wp-block-paragraph\"><strong>Foto: La5Noticias<\/strong><\/p>\n","protected":false},"excerpt":{"rendered":"<p>Tres integrantes del Ej\u00e9rcito Argentino resultaron heridos este mi\u00e9rcoles tras un choque frontal ocurrido sobre&#8230;<\/p>\n","protected":false},"author":2,"featured_media":163150,"comment_status":"closed","ping_status":"open","sticky":false,"template":"","format":"standard","meta":{"footnotes":""},"categories":[1612],"tags":[10298,156],"class_list":["post-163149","post","type-post","status-publish","format-standard","has-post-thumbnail","hentry","category-noticia-principal","tag-bloque-inferior","tag-salud"],"featured_image_urls":{"full":["https:\/\/infoecos.com.ar\/wp-content\/uploads\/2026\/09\/image-11.png",512,443,false],"thumbnail":["https:\/\/infoecos.com.ar\/wp-content\/uploads\/2026\/09\/image-11-300x150.png",300,150,true],"medium":["https:\/\/infoecos.com.ar\/wp-content\/uploads\/2026\/09\/image-11.png",512,443,false],"medium_large":["https:\/\/infoecos.com.ar\/wp-content\/uploads\/2026\/09\/image-11.png",512,443,false],"large":["https:\/\/infoecos.com.ar\/wp-content\/uploads\/2026\/09\/image-11.png",512,443,false],"1536x1536":["https:\/\/infoecos.com.ar\/wp-content\/uploads\/2026\/09\/image-11.png",512,443,false],"2048x2048":["https:\/\/infoecos.com.ar\/wp-content\/uploads\/2026\/09\/image-11.png",512,443,false],"covernews-slider-full":["https:\/\/infoecos.com.ar\/wp-content\/uploads\/2026\/09\/image-11.png",512,443,false],"covernews-slider-center":["https:\/\/infoecos.com.ar\/wp-content\/uploads\/2026\/09\/image-11.png",512,443,false],"covernews-featured":["https:\/\/infoecos.com.ar\/wp-content\/uploads\/2026\/09\/image-11.png",512,443,false],"covernews-medium":["https:\/\/infoecos.com.ar\/wp-content\/uploads\/2026\/09\/image-11-512x340.png",512,340,true],"covernews-medium-square":["https:\/\/infoecos.com.ar\/wp-content\/uploads\/2026\/09\/image-11-400x250.png",400,250,true]},"author_info":{"info":["Jorge Matheus"]},"category_info":"<a href=\"https:\/\/infoecos.com.ar\/index.php\/category\/noticia-principal\/\" rel=\"category tag\">Noticia Principal<\/a>","tag_info":"Noticia Principal","comment_count":"0","_links":{"self":[{"href":"https:\/\/infoecos.com.ar\/index.php\/wp-json\/wp\/v2\/posts\/163149","targetHints":{"allow":["GET"]}}],"collection":[{"href":"https:\/\/infoecos.com.ar\/index.php\/wp-json\/wp\/v2\/posts"}],"about":[{"href":"https:\/\/infoecos.com.ar\/index.php\/wp-json\/wp\/v2\/types\/post"}],"author":[{"embeddable":true,"href":"https:\/\/infoecos.com.ar\/index.php\/wp-json\/wp\/v2\/users\/2"}],"replies":[{"embeddable":true,"href":"https:\/\/infoecos.com.ar\/index.php\/wp-json\/wp\/v2\/comments?post=163149"}],"version-history":[{"count":1,"href":"https:\/\/infoecos.com.ar\/index.php\/wp-json\/wp\/v2\/posts\/163149\/revisions"}],"predecessor-version":[{"id":163151,"href":"https:\/\/infoecos.com.ar\/index.php\/wp-json\/wp\/v2\/posts\/163149\/revisions\/163151"}],"wp:featuredmedia":[{"embeddable":true,"href":"https:\/\/infoecos.com.ar\/index.php\/wp-json\/wp\/v2\/media\/163150"}],"wp:attachment":[{"href":"https:\/\/infoecos.com.ar\/index.php\/wp-json\/wp\/v2\/media?parent=163149"}],"wp:term":[{"taxonomy":"category","embeddable":true,"href":"https:\/\/infoecos.com.ar\/index.php\/wp-json\/wp\/v2\/categories?post=163149"},{"taxonomy":"post_tag","embeddable":true,"href":"https:\/\/infoecos.com.ar\/index.php\/wp-json\/wp\/v2\/tags?post=163149"}],"curies":[{"name":"wp","href":"https:\/\/api.w.org\/{rel}","templated":true}]}}