{"id":163152,"date":"2026-09-02T15:51:31","date_gmt":"2026-09-02T18:51:31","guid":{"rendered":"https:\/\/infoecos.com.ar\/?p=163152"},"modified":"2026-09-02T15:51:37","modified_gmt":"2026-09-02T18:51:37","slug":"un-fallecido-y-otra-herida-grave-accidente-en-la-ruta-nacional-numero-5-entre-anguil-la-pampa-y-la-ruta-provincial-7","status":"publish","type":"post","link":"https:\/\/infoecos.com.ar\/index.php\/un-fallecido-y-otra-herida-grave-accidente-en-la-ruta-nacional-numero-5-entre-anguil-la-pampa-y-la-ruta-provincial-7\/","title":{"rendered":"#Un fallecido y otra herida grave: Accidente en la Ruta Nacional n\u00famero 5 entre Anguil, La Pampa, y la Ruta Provincial 7"},"content":{"rendered":"\n<p class=\"wp-block-paragraph\">Muri\u00f3 una persona y otra result\u00f3 con heridas graves en un accidente sobre  la Ruta Nacional N\u00b0 5.\u00a0<\/p>\n\n\n\n<figure class=\"wp-block-image aligncenter size-full is-resized\"><img loading=\"lazy\" decoding=\"async\" width=\"996\" height=\"436\" src=\"https:\/\/infoecos.com.ar\/wp-content\/uploads\/2026\/09\/image-12.png\" alt=\"\" class=\"wp-image-163153\" style=\"aspect-ratio:2.2845014712266654;width:660px;height:auto\" srcset=\"https:\/\/infoecos.com.ar\/wp-content\/uploads\/2026\/09\/image-12.png 996w, https:\/\/infoecos.com.ar\/wp-content\/uploads\/2026\/09\/image-12-800x350.png 800w, https:\/\/infoecos.com.ar\/wp-content\/uploads\/2026\/09\/image-12-768x336.png 768w\" sizes=\"auto, (max-width: 996px) 100vw, 996px\" \/><\/figure>\n\n\n\n<p class=\"wp-block-paragraph\">El siniestro ocurri\u00f3 a la altura del kil\u00f3metro 569, en el tramo comprendido entre Anguil y el cruce con la Ruta Provincial 7. Un Ford Focus y un Volkswagen Gol Trend, colisionaron de frente.<\/p>\n\n\n\n<figure class=\"wp-block-image aligncenter size-full\"><img loading=\"lazy\" decoding=\"async\" width=\"645\" height=\"433\" src=\"https:\/\/infoecos.com.ar\/wp-content\/uploads\/2026\/09\/image-13.png\" alt=\"\" class=\"wp-image-163154\"\/><\/figure>\n\n\n\n<p class=\"wp-block-paragraph\">La circulaci\u00f3n por la Ruta Nacional 5 permaneci\u00f3 completamente interrumpida mientras se desarrollaban las tareas de rescate, peritajes mec\u00e1nicos y remoci\u00f3n de los veh\u00edculos accidentados.<\/p>\n\n\n\n<p class=\"wp-block-paragraph\">Cerca de las 13.20 horas, los equipos de emergencia, peritaje forense y vial concluyeron las tareas operativas y de remoci\u00f3n de los veh\u00edculos involucrados en el siniestro.<\/p>\n\n\n\n<figure class=\"wp-block-image aligncenter size-full is-resized\"><img loading=\"lazy\" decoding=\"async\" width=\"1200\" height=\"631\" src=\"https:\/\/infoecos.com.ar\/wp-content\/uploads\/2026\/09\/image-14.png\" alt=\"\" class=\"wp-image-163155\" style=\"aspect-ratio:1.9017789021403044;width:670px;height:auto\" srcset=\"https:\/\/infoecos.com.ar\/wp-content\/uploads\/2026\/09\/image-14.png 1200w, https:\/\/infoecos.com.ar\/wp-content\/uploads\/2026\/09\/image-14-766x403.png 766w, https:\/\/infoecos.com.ar\/wp-content\/uploads\/2026\/09\/image-14-1023x538.png 1023w, https:\/\/infoecos.com.ar\/wp-content\/uploads\/2026\/09\/image-14-800x421.png 800w\" sizes=\"auto, (max-width: 1200px) 100vw, 1200px\" \/><\/figure>\n\n\n\n<p class=\"wp-block-paragraph\"><strong>Fuente: eldiariodelapampa.com.ar <\/strong><\/p>\n","protected":false},"excerpt":{"rendered":"<p>Muri\u00f3 una persona y otra result\u00f3 con heridas graves en un accidente sobre la Ruta&#8230;<\/p>\n","protected":false},"author":2,"featured_media":163154,"comment_status":"closed","ping_status":"open","sticky":false,"template":"","format":"standard","meta":{"footnotes":""},"categories":[1612],"tags":[10298,156],"class_list":["post-163152","post","type-post","status-publish","format-standard","has-post-thumbnail","hentry","category-noticia-principal","tag-bloque-inferior","tag-salud"],"featured_image_urls":{"full":["https:\/\/infoecos.com.ar\/wp-content\/uploads\/2026\/09\/image-13.png",645,433,false],"thumbnail":["https:\/\/infoecos.com.ar\/wp-content\/uploads\/2026\/09\/image-13-300x150.png",300,150,true],"medium":["https:\/\/infoecos.com.ar\/wp-content\/uploads\/2026\/09\/image-13.png",645,433,false],"medium_large":["https:\/\/infoecos.com.ar\/wp-content\/uploads\/2026\/09\/image-13.png",640,430,false],"large":["https:\/\/infoecos.com.ar\/wp-content\/uploads\/2026\/09\/image-13.png",640,430,false],"1536x1536":["https:\/\/infoecos.com.ar\/wp-content\/uploads\/2026\/09\/image-13.png",645,433,false],"2048x2048":["https:\/\/infoecos.com.ar\/wp-content\/uploads\/2026\/09\/image-13.png",645,433,false],"covernews-slider-full":["https:\/\/infoecos.com.ar\/wp-content\/uploads\/2026\/09\/image-13.png",645,433,false],"covernews-slider-center":["https:\/\/infoecos.com.ar\/wp-content\/uploads\/2026\/09\/image-13.png",645,433,false],"covernews-featured":["https:\/\/infoecos.com.ar\/wp-content\/uploads\/2026\/09\/image-13.png",645,433,false],"covernews-medium":["https:\/\/infoecos.com.ar\/wp-content\/uploads\/2026\/09\/image-13-540x340.png",540,340,true],"covernews-medium-square":["https:\/\/infoecos.com.ar\/wp-content\/uploads\/2026\/09\/image-13-400x250.png",400,250,true]},"author_info":{"info":["Jorge Matheus"]},"category_info":"<a href=\"https:\/\/infoecos.com.ar\/index.php\/category\/noticia-principal\/\" rel=\"category tag\">Noticia Principal<\/a>","tag_info":"Noticia Principal","comment_count":"0","_links":{"self":[{"href":"https:\/\/infoecos.com.ar\/index.php\/wp-json\/wp\/v2\/posts\/163152","targetHints":{"allow":["GET"]}}],"collection":[{"href":"https:\/\/infoecos.com.ar\/index.php\/wp-json\/wp\/v2\/posts"}],"about":[{"href":"https:\/\/infoecos.com.ar\/index.php\/wp-json\/wp\/v2\/types\/post"}],"author":[{"embeddable":true,"href":"https:\/\/infoecos.com.ar\/index.php\/wp-json\/wp\/v2\/users\/2"}],"replies":[{"embeddable":true,"href":"https:\/\/infoecos.com.ar\/index.php\/wp-json\/wp\/v2\/comments?post=163152"}],"version-history":[{"count":1,"href":"https:\/\/infoecos.com.ar\/index.php\/wp-json\/wp\/v2\/posts\/163152\/revisions"}],"predecessor-version":[{"id":163156,"href":"https:\/\/infoecos.com.ar\/index.php\/wp-json\/wp\/v2\/posts\/163152\/revisions\/163156"}],"wp:featuredmedia":[{"embeddable":true,"href":"https:\/\/infoecos.com.ar\/index.php\/wp-json\/wp\/v2\/media\/163154"}],"wp:attachment":[{"href":"https:\/\/infoecos.com.ar\/index.php\/wp-json\/wp\/v2\/media?parent=163152"}],"wp:term":[{"taxonomy":"category","embeddable":true,"href":"https:\/\/infoecos.com.ar\/index.php\/wp-json\/wp\/v2\/categories?post=163152"},{"taxonomy":"post_tag","embeddable":true,"href":"https:\/\/infoecos.com.ar\/index.php\/wp-json\/wp\/v2\/tags?post=163152"}],"curies":[{"name":"wp","href":"https:\/\/api.w.org\/{rel}","templated":true}]}}