{"id":163157,"date":"2026-09-02T19:17:55","date_gmt":"2026-09-02T22:17:55","guid":{"rendered":"https:\/\/infoecos.com.ar\/?p=163157"},"modified":"2026-09-02T19:18:00","modified_gmt":"2026-09-02T22:18:00","slug":"dificultades-de-las-pymes-fueron-planteadas-por-la-came-a-unos-pocos-legisladores-nacionales","status":"publish","type":"post","link":"https:\/\/infoecos.com.ar\/index.php\/dificultades-de-las-pymes-fueron-planteadas-por-la-came-a-unos-pocos-legisladores-nacionales\/","title":{"rendered":"#Dificultades: De las Pymes, fueron planteadas por la CAME a unos pocos legisladores nacionales"},"content":{"rendered":"\n<p class=\"wp-block-paragraph\">Dirigentes empresarios de las 23 provincias y la Ciudad de Buenos Aires se reunieron con senadores nacionales en la sede de la Confederaci\u00f3n Argentina de la Mediana Empresa (CAME). <\/p>\n\n\n\n<figure class=\"wp-block-image size-full\"><img loading=\"lazy\" decoding=\"async\" width=\"708\" height=\"399\" src=\"https:\/\/infoecos.com.ar\/wp-content\/uploads\/2026\/09\/image-15.png\" alt=\"\" class=\"wp-image-163158\"\/><\/figure>\n\n\n\n<p class=\"wp-block-paragraph\">Durante el encuentro, los peque\u00f1os y medianos empresarios expresaron las diversas dificultades que atraviesan las pymes: ca\u00edda del consumo, embargos de ARCA, alta presi\u00f3n impositiva, endeudamiento, entre otras. A su vez, remarcaron la falta de di\u00e1logo para buscar soluciones conjuntas. Por su parte, los legisladores coincidieron en la preocupaci\u00f3n manifestada por la situaci\u00f3n general del comercio, la industria, el turismo y las econom\u00edas regionales. <\/p>\n\n\n\n<p class=\"wp-block-paragraph\">Ambas partes acordaron que avanzar\u00e1n en propuestas concretas, como la que la entidad ya les present\u00f3 a los diputados nacionales y ahora les elev\u00f3 a los senadores. <\/p>\n\n\n\n<p class=\"wp-block-paragraph\">Entre los temas, se plantearon cuestiones tributarias, laborales, de financiamiento, de embargos y ejecuciones fiscales a pymes, y de transparencia en las operaciones con tarjetas de cr\u00e9dito. <\/p>\n\n\n\n<figure class=\"wp-block-image size-full\"><img loading=\"lazy\" decoding=\"async\" width=\"708\" height=\"399\" src=\"https:\/\/infoecos.com.ar\/wp-content\/uploads\/2026\/09\/image-16.png\" alt=\"\" class=\"wp-image-163159\"\/><\/figure>\n\n\n\n<p class=\"wp-block-paragraph\">Participaron de la reuni\u00f3n el Comit\u00e9 de Presidencia de CAME, encabezado por su presidente, Ricardo Diab; el senador nacional por Corrientes, Eduardo Vischi; la senadora nacional por Salta, Flavia Roy\u00f3n; el senador nacional por Misiones, Mart\u00edn Goerling; la senadora nacional por Mendoza, Mariana Juri; y la diputada provincial misionera, Anal\u00eda Labandoczka.<br>\u00a0<\/p>\n","protected":false},"excerpt":{"rendered":"<p>Dirigentes empresarios de las 23 provincias y la Ciudad de Buenos Aires se reunieron con&#8230;<\/p>\n","protected":false},"author":2,"featured_media":163158,"comment_status":"closed","ping_status":"open","sticky":false,"template":"","format":"standard","meta":{"footnotes":""},"categories":[1],"tags":[10298,1500],"class_list":["post-163157","post","type-post","status-publish","format-standard","has-post-thumbnail","hentry","category-sin-categoria","tag-bloque-inferior","tag-regional"],"featured_image_urls":{"full":["https:\/\/infoecos.com.ar\/wp-content\/uploads\/2026\/09\/image-15.png",708,399,false],"thumbnail":["https:\/\/infoecos.com.ar\/wp-content\/uploads\/2026\/09\/image-15-300x150.png",300,150,true],"medium":["https:\/\/infoecos.com.ar\/wp-content\/uploads\/2026\/09\/image-15.png",708,399,false],"medium_large":["https:\/\/infoecos.com.ar\/wp-content\/uploads\/2026\/09\/image-15.png",640,361,false],"large":["https:\/\/infoecos.com.ar\/wp-content\/uploads\/2026\/09\/image-15.png",640,361,false],"1536x1536":["https:\/\/infoecos.com.ar\/wp-content\/uploads\/2026\/09\/image-15.png",708,399,false],"2048x2048":["https:\/\/infoecos.com.ar\/wp-content\/uploads\/2026\/09\/image-15.png",708,399,false],"covernews-slider-full":["https:\/\/infoecos.com.ar\/wp-content\/uploads\/2026\/09\/image-15.png",708,399,false],"covernews-slider-center":["https:\/\/infoecos.com.ar\/wp-content\/uploads\/2026\/09\/image-15.png",708,399,false],"covernews-featured":["https:\/\/infoecos.com.ar\/wp-content\/uploads\/2026\/09\/image-15.png",708,399,false],"covernews-medium":["https:\/\/infoecos.com.ar\/wp-content\/uploads\/2026\/09\/image-15-540x340.png",540,340,true],"covernews-medium-square":["https:\/\/infoecos.com.ar\/wp-content\/uploads\/2026\/09\/image-15-400x250.png",400,250,true]},"author_info":{"info":["Jorge Matheus"]},"category_info":"<a href=\"https:\/\/infoecos.com.ar\/index.php\/category\/sin-categoria\/\" rel=\"category tag\">Sin categor\u00eda<\/a>","tag_info":"Sin categor\u00eda","comment_count":"0","_links":{"self":[{"href":"https:\/\/infoecos.com.ar\/index.php\/wp-json\/wp\/v2\/posts\/163157","targetHints":{"allow":["GET"]}}],"collection":[{"href":"https:\/\/infoecos.com.ar\/index.php\/wp-json\/wp\/v2\/posts"}],"about":[{"href":"https:\/\/infoecos.com.ar\/index.php\/wp-json\/wp\/v2\/types\/post"}],"author":[{"embeddable":true,"href":"https:\/\/infoecos.com.ar\/index.php\/wp-json\/wp\/v2\/users\/2"}],"replies":[{"embeddable":true,"href":"https:\/\/infoecos.com.ar\/index.php\/wp-json\/wp\/v2\/comments?post=163157"}],"version-history":[{"count":1,"href":"https:\/\/infoecos.com.ar\/index.php\/wp-json\/wp\/v2\/posts\/163157\/revisions"}],"predecessor-version":[{"id":163160,"href":"https:\/\/infoecos.com.ar\/index.php\/wp-json\/wp\/v2\/posts\/163157\/revisions\/163160"}],"wp:featuredmedia":[{"embeddable":true,"href":"https:\/\/infoecos.com.ar\/index.php\/wp-json\/wp\/v2\/media\/163158"}],"wp:attachment":[{"href":"https:\/\/infoecos.com.ar\/index.php\/wp-json\/wp\/v2\/media?parent=163157"}],"wp:term":[{"taxonomy":"category","embeddable":true,"href":"https:\/\/infoecos.com.ar\/index.php\/wp-json\/wp\/v2\/categories?post=163157"},{"taxonomy":"post_tag","embeddable":true,"href":"https:\/\/infoecos.com.ar\/index.php\/wp-json\/wp\/v2\/tags?post=163157"}],"curies":[{"name":"wp","href":"https:\/\/api.w.org\/{rel}","templated":true}]}}