{"id":163174,"date":"2026-09-02T20:32:51","date_gmt":"2026-09-02T23:32:51","guid":{"rendered":"https:\/\/infoecos.com.ar\/?p=163174"},"modified":"2026-09-02T20:32:58","modified_gmt":"2026-09-02T23:32:58","slug":"congreso-federal-de-ciudades-inteligentes-participo-la-intendenta-municipal-de-pellegrini-sofia-gambier","status":"publish","type":"post","link":"https:\/\/infoecos.com.ar\/index.php\/congreso-federal-de-ciudades-inteligentes-participo-la-intendenta-municipal-de-pellegrini-sofia-gambier\/","title":{"rendered":"#Congreso Federal de Ciudades Inteligentes: Particip\u00f3 la intendenta municipal de Pellegrini, Sof\u00eda Gambier"},"content":{"rendered":"\n<p class=\"wp-block-paragraph\">La intendente municipal de Pellegrini particip\u00f3 del primer Congreso Federal de Ciudades Inteligentes \u2013 Urban Cities Buenos Aires 2026.<\/p>\n\n\n\n<p class=\"wp-block-paragraph\">El encuentro reuni\u00f3 a representantes de m\u00e1s de 300 ciudades, de las 24 jurisdicciones del pa\u00eds, gobiernos, empresas, universidades, startups y especialistas para intercambiar experiencias sobre inteligencia artificial, transformaci\u00f3n digital, gesti\u00f3n basada en datos, seguridad, infraestructura, movilidad y sostenibilidad.<\/p>\n\n\n\n<p class=\"wp-block-paragraph\">De la jornada particip\u00f3, entre otros, Mateo Salvatto, emprendedor y referente argentino en tecnolog\u00eda y rob\u00f3tica, fundador y CEO de Asteroid y Grondplek &amp; Apgreid, quien form\u00f3 parte de los principales speakers del Congreso con una conferencia central.<\/p>\n\n\n\n<figure class=\"wp-block-image aligncenter size-full\"><img loading=\"lazy\" decoding=\"async\" width=\"354\" height=\"388\" src=\"https:\/\/infoecos.com.ar\/wp-content\/uploads\/2026\/09\/image-18.png\" alt=\"\" class=\"wp-image-163175\"\/><\/figure>\n","protected":false},"excerpt":{"rendered":"<p>La intendente municipal de Pellegrini particip\u00f3 del primer Congreso Federal de Ciudades Inteligentes \u2013 Urban&#8230;<\/p>\n","protected":false},"author":2,"featured_media":163175,"comment_status":"closed","ping_status":"open","sticky":false,"template":"","format":"standard","meta":{"footnotes":""},"categories":[1613],"tags":[10298,156],"class_list":["post-163174","post","type-post","status-publish","format-standard","has-post-thumbnail","hentry","category-noticia-secundaria","tag-bloque-inferior","tag-salud"],"featured_image_urls":{"full":["https:\/\/infoecos.com.ar\/wp-content\/uploads\/2026\/09\/image-18.png",354,388,false],"thumbnail":["https:\/\/infoecos.com.ar\/wp-content\/uploads\/2026\/09\/image-18-300x150.png",300,150,true],"medium":["https:\/\/infoecos.com.ar\/wp-content\/uploads\/2026\/09\/image-18.png",354,388,false],"medium_large":["https:\/\/infoecos.com.ar\/wp-content\/uploads\/2026\/09\/image-18.png",354,388,false],"large":["https:\/\/infoecos.com.ar\/wp-content\/uploads\/2026\/09\/image-18.png",354,388,false],"1536x1536":["https:\/\/infoecos.com.ar\/wp-content\/uploads\/2026\/09\/image-18.png",354,388,false],"2048x2048":["https:\/\/infoecos.com.ar\/wp-content\/uploads\/2026\/09\/image-18.png",354,388,false],"covernews-slider-full":["https:\/\/infoecos.com.ar\/wp-content\/uploads\/2026\/09\/image-18.png",354,388,false],"covernews-slider-center":["https:\/\/infoecos.com.ar\/wp-content\/uploads\/2026\/09\/image-18.png",354,388,false],"covernews-featured":["https:\/\/infoecos.com.ar\/wp-content\/uploads\/2026\/09\/image-18.png",354,388,false],"covernews-medium":["https:\/\/infoecos.com.ar\/wp-content\/uploads\/2026\/09\/image-18-354x340.png",354,340,true],"covernews-medium-square":["https:\/\/infoecos.com.ar\/wp-content\/uploads\/2026\/09\/image-18-354x250.png",354,250,true]},"author_info":{"info":["Jorge Matheus"]},"category_info":"<a href=\"https:\/\/infoecos.com.ar\/index.php\/category\/noticia-secundaria\/\" rel=\"category tag\">Noticia Secundaria<\/a>","tag_info":"Noticia Secundaria","comment_count":"0","_links":{"self":[{"href":"https:\/\/infoecos.com.ar\/index.php\/wp-json\/wp\/v2\/posts\/163174","targetHints":{"allow":["GET"]}}],"collection":[{"href":"https:\/\/infoecos.com.ar\/index.php\/wp-json\/wp\/v2\/posts"}],"about":[{"href":"https:\/\/infoecos.com.ar\/index.php\/wp-json\/wp\/v2\/types\/post"}],"author":[{"embeddable":true,"href":"https:\/\/infoecos.com.ar\/index.php\/wp-json\/wp\/v2\/users\/2"}],"replies":[{"embeddable":true,"href":"https:\/\/infoecos.com.ar\/index.php\/wp-json\/wp\/v2\/comments?post=163174"}],"version-history":[{"count":1,"href":"https:\/\/infoecos.com.ar\/index.php\/wp-json\/wp\/v2\/posts\/163174\/revisions"}],"predecessor-version":[{"id":163176,"href":"https:\/\/infoecos.com.ar\/index.php\/wp-json\/wp\/v2\/posts\/163174\/revisions\/163176"}],"wp:featuredmedia":[{"embeddable":true,"href":"https:\/\/infoecos.com.ar\/index.php\/wp-json\/wp\/v2\/media\/163175"}],"wp:attachment":[{"href":"https:\/\/infoecos.com.ar\/index.php\/wp-json\/wp\/v2\/media?parent=163174"}],"wp:term":[{"taxonomy":"category","embeddable":true,"href":"https:\/\/infoecos.com.ar\/index.php\/wp-json\/wp\/v2\/categories?post=163174"},{"taxonomy":"post_tag","embeddable":true,"href":"https:\/\/infoecos.com.ar\/index.php\/wp-json\/wp\/v2\/tags?post=163174"}],"curies":[{"name":"wp","href":"https:\/\/api.w.org\/{rel}","templated":true}]}}