{"id":163180,"date":"2026-09-02T22:41:18","date_gmt":"2026-09-03T01:41:18","guid":{"rendered":"https:\/\/infoecos.com.ar\/?p=163180"},"modified":"2026-09-02T23:05:55","modified_gmt":"2026-09-03T02:05:55","slug":"cumpleanos-de-colonia-sere-en-el-distrito-de-carlos-tejedor-a-celebrar-entre-sabado-y-domingo","status":"publish","type":"post","link":"https:\/\/infoecos.com.ar\/index.php\/cumpleanos-de-colonia-sere-en-el-distrito-de-carlos-tejedor-a-celebrar-entre-sabado-y-domingo\/","title":{"rendered":"#Cumplea\u00f1os: De Colonia Ser\u00e9, en el distrito de Carlos Tejedor, a celebrar entre s\u00e1bado y domingo"},"content":{"rendered":"\n<figure class=\"wp-block-image aligncenter size-full\"><img loading=\"lazy\" decoding=\"async\" width=\"549\" height=\"364\" src=\"https:\/\/infoecos.com.ar\/wp-content\/uploads\/2026\/09\/image-21.png\" alt=\"\" class=\"wp-image-163182\"\/><\/figure>\n\n\n\n<p class=\"wp-block-paragraph\">Se realizar\u00e1n entre s\u00e1bado y domingo los actos por el 123 aniversario de Colonia Ser\u00e9.<\/p>\n\n\n\n<p class=\"wp-block-paragraph\">El primer d\u00eda se celebrar\u00e1 la misma a las 10 de la ma\u00f1ana y a las 20 est\u00e1 programado el inicio de un baile popular. <\/p>\n\n\n\n<p class=\"wp-block-paragraph\">Los actos principales se materializar\u00e1n el domingo, desde las 10 de la ma\u00f1ana con un acto protocolar y desfile institucional y tradicionalista. A las 13 se servir\u00e1 un almuerzo comunitario, y a las 14 horas se iniciar\u00e1n los espect\u00e1culos musicales. <\/p>\n\n\n\n<p class=\"wp-block-paragraph\">La organizaci\u00f3n corre por cuenta de la Comisi\u00f3n de Festejos de Colonia Ser\u00e9 y la Delegaci\u00f3n de3 la localidad junto a la Direcci\u00f3n de Cultura de la Municipalidad de Carlos Tejedor. <\/p>\n\n\n\n<figure class=\"wp-block-image aligncenter size-full\"><img loading=\"lazy\" decoding=\"async\" width=\"512\" height=\"640\" src=\"https:\/\/infoecos.com.ar\/wp-content\/uploads\/2026\/09\/image-20.png\" alt=\"\" class=\"wp-image-163181\"\/><\/figure>\n","protected":false},"excerpt":{"rendered":"<p>Se realizar\u00e1n entre s\u00e1bado y domingo los actos por el 123 aniversario de Colonia Ser\u00e9&#8230;.<\/p>\n","protected":false},"author":2,"featured_media":163182,"comment_status":"closed","ping_status":"open","sticky":false,"template":"","format":"standard","meta":{"footnotes":""},"categories":[1613],"tags":[10298,1750,155],"class_list":["post-163180","post","type-post","status-publish","format-standard","has-post-thumbnail","hentry","category-noticia-secundaria","tag-bloque-inferior","tag-deporte","tag-politica"],"featured_image_urls":{"full":["https:\/\/infoecos.com.ar\/wp-content\/uploads\/2026\/09\/image-21.png",549,364,false],"thumbnail":["https:\/\/infoecos.com.ar\/wp-content\/uploads\/2026\/09\/image-21-300x150.png",300,150,true],"medium":["https:\/\/infoecos.com.ar\/wp-content\/uploads\/2026\/09\/image-21.png",549,364,false],"medium_large":["https:\/\/infoecos.com.ar\/wp-content\/uploads\/2026\/09\/image-21.png",549,364,false],"large":["https:\/\/infoecos.com.ar\/wp-content\/uploads\/2026\/09\/image-21.png",549,364,false],"1536x1536":["https:\/\/infoecos.com.ar\/wp-content\/uploads\/2026\/09\/image-21.png",549,364,false],"2048x2048":["https:\/\/infoecos.com.ar\/wp-content\/uploads\/2026\/09\/image-21.png",549,364,false],"covernews-slider-full":["https:\/\/infoecos.com.ar\/wp-content\/uploads\/2026\/09\/image-21.png",549,364,false],"covernews-slider-center":["https:\/\/infoecos.com.ar\/wp-content\/uploads\/2026\/09\/image-21.png",549,364,false],"covernews-featured":["https:\/\/infoecos.com.ar\/wp-content\/uploads\/2026\/09\/image-21.png",549,364,false],"covernews-medium":["https:\/\/infoecos.com.ar\/wp-content\/uploads\/2026\/09\/image-21-540x340.png",540,340,true],"covernews-medium-square":["https:\/\/infoecos.com.ar\/wp-content\/uploads\/2026\/09\/image-21-400x250.png",400,250,true]},"author_info":{"info":["Jorge Matheus"]},"category_info":"<a href=\"https:\/\/infoecos.com.ar\/index.php\/category\/noticia-secundaria\/\" rel=\"category tag\">Noticia Secundaria<\/a>","tag_info":"Noticia Secundaria","comment_count":"0","_links":{"self":[{"href":"https:\/\/infoecos.com.ar\/index.php\/wp-json\/wp\/v2\/posts\/163180","targetHints":{"allow":["GET"]}}],"collection":[{"href":"https:\/\/infoecos.com.ar\/index.php\/wp-json\/wp\/v2\/posts"}],"about":[{"href":"https:\/\/infoecos.com.ar\/index.php\/wp-json\/wp\/v2\/types\/post"}],"author":[{"embeddable":true,"href":"https:\/\/infoecos.com.ar\/index.php\/wp-json\/wp\/v2\/users\/2"}],"replies":[{"embeddable":true,"href":"https:\/\/infoecos.com.ar\/index.php\/wp-json\/wp\/v2\/comments?post=163180"}],"version-history":[{"count":1,"href":"https:\/\/infoecos.com.ar\/index.php\/wp-json\/wp\/v2\/posts\/163180\/revisions"}],"predecessor-version":[{"id":163183,"href":"https:\/\/infoecos.com.ar\/index.php\/wp-json\/wp\/v2\/posts\/163180\/revisions\/163183"}],"wp:featuredmedia":[{"embeddable":true,"href":"https:\/\/infoecos.com.ar\/index.php\/wp-json\/wp\/v2\/media\/163182"}],"wp:attachment":[{"href":"https:\/\/infoecos.com.ar\/index.php\/wp-json\/wp\/v2\/media?parent=163180"}],"wp:term":[{"taxonomy":"category","embeddable":true,"href":"https:\/\/infoecos.com.ar\/index.php\/wp-json\/wp\/v2\/categories?post=163180"},{"taxonomy":"post_tag","embeddable":true,"href":"https:\/\/infoecos.com.ar\/index.php\/wp-json\/wp\/v2\/tags?post=163180"}],"curies":[{"name":"wp","href":"https:\/\/api.w.org\/{rel}","templated":true}]}}