{"id":163189,"date":"2026-09-03T13:32:28","date_gmt":"2026-09-03T16:32:28","guid":{"rendered":"https:\/\/infoecos.com.ar\/?p=163189"},"modified":"2026-09-03T13:32:38","modified_gmt":"2026-09-03T16:32:38","slug":"conferencia-el-proximo-9-de-septiembre-hablara-en-trenque-lauquen-sobre-la-economia-que-viene-santiago-bulat","status":"publish","type":"post","link":"https:\/\/infoecos.com.ar\/index.php\/conferencia-el-proximo-9-de-septiembre-hablara-en-trenque-lauquen-sobre-la-economia-que-viene-santiago-bulat\/","title":{"rendered":"#Conferencia: El pr\u00f3ximo 9 de septiembre hablar\u00e1 en Trenque Lauquen sobre \u00abLa Econom\u00eda que Viene\u00bb, Santiago Bulat"},"content":{"rendered":"\n<figure class=\"wp-block-image aligncenter size-full\"><img loading=\"lazy\" decoding=\"async\" width=\"526\" height=\"494\" src=\"https:\/\/infoecos.com.ar\/wp-content\/uploads\/2026\/09\/image-23.png\" alt=\"\" class=\"wp-image-163190\"\/><\/figure>\n\n\n\n<p class=\"wp-block-paragraph\">La\u00a0<strong>Fundaci\u00f3n OSDE<\/strong>\u00a0junto a la Subsecretar\u00eda de Desarrollo Econ\u00f3mico y Productivo\u00a0de la Municipalidad de Trenque Lauquen\u00a0y la C\u00e1mara de Comercio, Industria y Servicios de Trenque Lauquen, programa para el pr\u00f3ximo 9 del corriente mes la conferencia\u00a0<strong>\u201cLa econom\u00eda que viene\u201d.<\/strong><\/p>\n\n\n\n<p class=\"wp-block-paragraph\">Ser\u00e1 expositor el economista Santiago Bulat que llevar\u00e1 a cabo un an\u00e1lisis integral sobre el escenario econ\u00f3mico actual, los principales desaf\u00edos y las perspectivas para el futuro cercano de la Argentina.<\/p>\n\n\n\n<p class=\"wp-block-paragraph\">Se concretar\u00e1 en el auditorio del Polo Cient\u00edfico Tecnol\u00f3gico, Hern\u00e1ndez 816, desde las 19.30. Si bien la actividad es libre y gratuita, por el espacio a ocupar los cupos son limitados. <\/p>\n\n\n\n<p class=\"wp-block-paragraph\">Para participar se debe completar el formulario que se muestra en este enlace: <a href=\"https:\/\/forms.gle\/QFZZCAcg4TQYsn257\">https:\/\/forms.gle\/QFZZCAcg4TQYsn257<\/a><\/p>\n\n\n\n<p class=\"wp-block-paragraph\"><\/p>\n","protected":false},"excerpt":{"rendered":"<p>La\u00a0Fundaci\u00f3n OSDE\u00a0junto a la Subsecretar\u00eda de Desarrollo Econ\u00f3mico y Productivo\u00a0de la Municipalidad de Trenque Lauquen\u00a0y&#8230;<\/p>\n","protected":false},"author":2,"featured_media":163190,"comment_status":"closed","ping_status":"open","sticky":false,"template":"","format":"standard","meta":{"footnotes":""},"categories":[1612],"tags":[10298,1750,156],"class_list":["post-163189","post","type-post","status-publish","format-standard","has-post-thumbnail","hentry","category-noticia-principal","tag-bloque-inferior","tag-deporte","tag-salud"],"featured_image_urls":{"full":["https:\/\/infoecos.com.ar\/wp-content\/uploads\/2026\/09\/image-23.png",526,494,false],"thumbnail":["https:\/\/infoecos.com.ar\/wp-content\/uploads\/2026\/09\/image-23-300x150.png",300,150,true],"medium":["https:\/\/infoecos.com.ar\/wp-content\/uploads\/2026\/09\/image-23.png",526,494,false],"medium_large":["https:\/\/infoecos.com.ar\/wp-content\/uploads\/2026\/09\/image-23.png",526,494,false],"large":["https:\/\/infoecos.com.ar\/wp-content\/uploads\/2026\/09\/image-23.png",526,494,false],"1536x1536":["https:\/\/infoecos.com.ar\/wp-content\/uploads\/2026\/09\/image-23.png",526,494,false],"2048x2048":["https:\/\/infoecos.com.ar\/wp-content\/uploads\/2026\/09\/image-23.png",526,494,false],"covernews-slider-full":["https:\/\/infoecos.com.ar\/wp-content\/uploads\/2026\/09\/image-23.png",526,494,false],"covernews-slider-center":["https:\/\/infoecos.com.ar\/wp-content\/uploads\/2026\/09\/image-23.png",526,494,false],"covernews-featured":["https:\/\/infoecos.com.ar\/wp-content\/uploads\/2026\/09\/image-23.png",526,494,false],"covernews-medium":["https:\/\/infoecos.com.ar\/wp-content\/uploads\/2026\/09\/image-23-526x340.png",526,340,true],"covernews-medium-square":["https:\/\/infoecos.com.ar\/wp-content\/uploads\/2026\/09\/image-23-400x250.png",400,250,true]},"author_info":{"info":["Jorge Matheus"]},"category_info":"<a href=\"https:\/\/infoecos.com.ar\/index.php\/category\/noticia-principal\/\" rel=\"category tag\">Noticia Principal<\/a>","tag_info":"Noticia Principal","comment_count":"0","_links":{"self":[{"href":"https:\/\/infoecos.com.ar\/index.php\/wp-json\/wp\/v2\/posts\/163189","targetHints":{"allow":["GET"]}}],"collection":[{"href":"https:\/\/infoecos.com.ar\/index.php\/wp-json\/wp\/v2\/posts"}],"about":[{"href":"https:\/\/infoecos.com.ar\/index.php\/wp-json\/wp\/v2\/types\/post"}],"author":[{"embeddable":true,"href":"https:\/\/infoecos.com.ar\/index.php\/wp-json\/wp\/v2\/users\/2"}],"replies":[{"embeddable":true,"href":"https:\/\/infoecos.com.ar\/index.php\/wp-json\/wp\/v2\/comments?post=163189"}],"version-history":[{"count":1,"href":"https:\/\/infoecos.com.ar\/index.php\/wp-json\/wp\/v2\/posts\/163189\/revisions"}],"predecessor-version":[{"id":163191,"href":"https:\/\/infoecos.com.ar\/index.php\/wp-json\/wp\/v2\/posts\/163189\/revisions\/163191"}],"wp:featuredmedia":[{"embeddable":true,"href":"https:\/\/infoecos.com.ar\/index.php\/wp-json\/wp\/v2\/media\/163190"}],"wp:attachment":[{"href":"https:\/\/infoecos.com.ar\/index.php\/wp-json\/wp\/v2\/media?parent=163189"}],"wp:term":[{"taxonomy":"category","embeddable":true,"href":"https:\/\/infoecos.com.ar\/index.php\/wp-json\/wp\/v2\/categories?post=163189"},{"taxonomy":"post_tag","embeddable":true,"href":"https:\/\/infoecos.com.ar\/index.php\/wp-json\/wp\/v2\/tags?post=163189"}],"curies":[{"name":"wp","href":"https:\/\/api.w.org\/{rel}","templated":true}]}}