{"id":163206,"date":"2026-09-03T14:52:52","date_gmt":"2026-09-03T17:52:52","guid":{"rendered":"https:\/\/infoecos.com.ar\/?p=163206"},"modified":"2026-09-03T14:52:52","modified_gmt":"2026-09-03T17:52:52","slug":"asador-criollo-septima-fiesta-nacional-en-miguel-riglos-provincia-de-la-pampa","status":"publish","type":"post","link":"https:\/\/infoecos.com.ar\/index.php\/asador-criollo-septima-fiesta-nacional-en-miguel-riglos-provincia-de-la-pampa\/","title":{"rendered":"#Asador Criollo: S\u00e9ptima Fiesta Nacional en Miguel Riglos, provincia de La Pampa"},"content":{"rendered":"\n<figure class=\"wp-block-image aligncenter size-full\"><img loading=\"lazy\" decoding=\"async\" width=\"512\" height=\"352\" src=\"https:\/\/infoecos.com.ar\/wp-content\/uploads\/2026\/09\/image-24.png\" alt=\"\" class=\"wp-image-163207\"\/><\/figure>\n\n\n\n<p class=\"wp-block-paragraph\">El pr\u00f3ximo 20 de septiembre de la 7\u00aa Fiesta Nacional del Asador Criollo en Miguel Riglos, La Pampa. Reunir\u00e1 gastronom\u00eda, tradici\u00f3n y cultura pampeana.<\/p>\n\n\n\n<p class=\"wp-block-paragraph\">La propuesta comenzar\u00e1 a las 9 y contar\u00e1 con m\u00e1s de 30 parejas de asadores y unos 800 comensales. Tambi\u00e9n habr\u00e1 artesanos, emprendedores y espect\u00e1culos musicales.<\/p>\n\n\n\n<p class=\"wp-block-paragraph\">La actividad fue presentada en la Secretar\u00eda de Turismo, con la participaci\u00f3n del titular del \u00e1rea, Sa\u00fal Echeveste; la subsecretaria de Planificaci\u00f3n Tur\u00edstica, Noelia Albornoz; el intendente Elio Lautaro Calzado y el presidente de la Asociaci\u00f3n de Bomberos Voluntarios, Ariel Alejo.<\/p>\n\n\n\n<p class=\"wp-block-paragraph\">Alejo destac\u00f3 que el men\u00fa incluir\u00e1 asado a la estaca, vinos pampeanos, productos elaborados con harina de la localidad, postre, bebida y espect\u00e1culos. La jornada tendr\u00e1 adem\u00e1s el tradicional recorrido por los fogoneros para conocer el trabajo de los asadores.<\/p>\n\n\n\n<p class=\"wp-block-paragraph\">El cierre musical estar\u00e1 a cargo de El Entrevero.<\/p>\n\n\n\n<p class=\"wp-block-paragraph\"><strong>Fuente: La5Noticias (Catril\u00f3)<\/strong><\/p>\n","protected":false},"excerpt":{"rendered":"<p>El pr\u00f3ximo 20 de septiembre de la 7\u00aa Fiesta Nacional del Asador Criollo en Miguel&#8230;<\/p>\n","protected":false},"author":2,"featured_media":163207,"comment_status":"closed","ping_status":"open","sticky":false,"template":"","format":"standard","meta":{"footnotes":""},"categories":[1613],"tags":[],"class_list":["post-163206","post","type-post","status-publish","format-standard","has-post-thumbnail","hentry","category-noticia-secundaria"],"featured_image_urls":{"full":["https:\/\/infoecos.com.ar\/wp-content\/uploads\/2026\/09\/image-24.png",512,352,false],"thumbnail":["https:\/\/infoecos.com.ar\/wp-content\/uploads\/2026\/09\/image-24-300x150.png",300,150,true],"medium":["https:\/\/infoecos.com.ar\/wp-content\/uploads\/2026\/09\/image-24.png",512,352,false],"medium_large":["https:\/\/infoecos.com.ar\/wp-content\/uploads\/2026\/09\/image-24.png",512,352,false],"large":["https:\/\/infoecos.com.ar\/wp-content\/uploads\/2026\/09\/image-24.png",512,352,false],"1536x1536":["https:\/\/infoecos.com.ar\/wp-content\/uploads\/2026\/09\/image-24.png",512,352,false],"2048x2048":["https:\/\/infoecos.com.ar\/wp-content\/uploads\/2026\/09\/image-24.png",512,352,false],"covernews-slider-full":["https:\/\/infoecos.com.ar\/wp-content\/uploads\/2026\/09\/image-24.png",512,352,false],"covernews-slider-center":["https:\/\/infoecos.com.ar\/wp-content\/uploads\/2026\/09\/image-24.png",512,352,false],"covernews-featured":["https:\/\/infoecos.com.ar\/wp-content\/uploads\/2026\/09\/image-24.png",512,352,false],"covernews-medium":["https:\/\/infoecos.com.ar\/wp-content\/uploads\/2026\/09\/image-24-512x340.png",512,340,true],"covernews-medium-square":["https:\/\/infoecos.com.ar\/wp-content\/uploads\/2026\/09\/image-24-400x250.png",400,250,true]},"author_info":{"info":["Jorge Matheus"]},"category_info":"<a href=\"https:\/\/infoecos.com.ar\/index.php\/category\/noticia-secundaria\/\" rel=\"category tag\">Noticia Secundaria<\/a>","tag_info":"Noticia Secundaria","comment_count":"0","_links":{"self":[{"href":"https:\/\/infoecos.com.ar\/index.php\/wp-json\/wp\/v2\/posts\/163206","targetHints":{"allow":["GET"]}}],"collection":[{"href":"https:\/\/infoecos.com.ar\/index.php\/wp-json\/wp\/v2\/posts"}],"about":[{"href":"https:\/\/infoecos.com.ar\/index.php\/wp-json\/wp\/v2\/types\/post"}],"author":[{"embeddable":true,"href":"https:\/\/infoecos.com.ar\/index.php\/wp-json\/wp\/v2\/users\/2"}],"replies":[{"embeddable":true,"href":"https:\/\/infoecos.com.ar\/index.php\/wp-json\/wp\/v2\/comments?post=163206"}],"version-history":[{"count":1,"href":"https:\/\/infoecos.com.ar\/index.php\/wp-json\/wp\/v2\/posts\/163206\/revisions"}],"predecessor-version":[{"id":163208,"href":"https:\/\/infoecos.com.ar\/index.php\/wp-json\/wp\/v2\/posts\/163206\/revisions\/163208"}],"wp:featuredmedia":[{"embeddable":true,"href":"https:\/\/infoecos.com.ar\/index.php\/wp-json\/wp\/v2\/media\/163207"}],"wp:attachment":[{"href":"https:\/\/infoecos.com.ar\/index.php\/wp-json\/wp\/v2\/media?parent=163206"}],"wp:term":[{"taxonomy":"category","embeddable":true,"href":"https:\/\/infoecos.com.ar\/index.php\/wp-json\/wp\/v2\/categories?post=163206"},{"taxonomy":"post_tag","embeddable":true,"href":"https:\/\/infoecos.com.ar\/index.php\/wp-json\/wp\/v2\/tags?post=163206"}],"curies":[{"name":"wp","href":"https:\/\/api.w.org\/{rel}","templated":true}]}}