{"id":163209,"date":"2026-09-03T16:20:20","date_gmt":"2026-09-03T19:20:20","guid":{"rendered":"https:\/\/infoecos.com.ar\/?p=163209"},"modified":"2026-09-03T16:22:13","modified_gmt":"2026-09-03T19:22:13","slug":"la-donacion-de-gallego-el-concejo-deliberante-de-salliquelo-aprobo-por-unanimidad-y-destaco-el-gesto-de-donar-121-hectareas","status":"publish","type":"post","link":"https:\/\/infoecos.com.ar\/index.php\/la-donacion-de-gallego-el-concejo-deliberante-de-salliquelo-aprobo-por-unanimidad-y-destaco-el-gesto-de-donar-121-hectareas\/","title":{"rendered":"#La donaci\u00f3n de Gallego: El Concejo Deliberante de Salliquel\u00f3 aprob\u00f3 por unanimidad y destac\u00f3 su gesto de donar 121 hect\u00e1reas"},"content":{"rendered":"\n<p class=\"wp-block-paragraph\">El Concejo Deliberante de Salliquel\u00f3 se reuni\u00f3 este mi\u00e9rcoles.<\/p>\n\n\n\n<p class=\"wp-block-paragraph\">Entre los temas tratados y aprobado por unanimidad se destaca la aceptaci\u00f3n del legado testamentario realizado por el ciudadano Juli\u00e1n Gallego que antes de su muerte dispuso que tres parcelas de su propiedad que representan 121 hect\u00e1reas pasen al municipio, con el solo objetivo de contribuir al sostenimiento y mejoramiento del Hospital Municipal de la ciudad cabecera.<\/p>\n\n\n\n<p class=\"wp-block-paragraph\">Durante el tratamiento, los dos bloques con representaci\u00f3n legislativa destacaron y valoraron la decisi\u00f3n del vecino y se\u00f1alaron la importancia que tendr\u00e1 este aporte para el sistema de salud.<\/p>\n\n\n\n<figure class=\"wp-block-image aligncenter size-large\"><img loading=\"lazy\" decoding=\"async\" width=\"1600\" height=\"900\" src=\"https:\/\/infoecos.com.ar\/wp-content\/uploads\/2026\/06\/image-149-1600x900.png\" alt=\"\" class=\"wp-image-159976\" srcset=\"https:\/\/infoecos.com.ar\/wp-content\/uploads\/2026\/06\/image-149-1600x900.png 1600w, https:\/\/infoecos.com.ar\/wp-content\/uploads\/2026\/06\/image-149-800x450.png 800w, https:\/\/infoecos.com.ar\/wp-content\/uploads\/2026\/06\/image-149-768x432.png 768w, https:\/\/infoecos.com.ar\/wp-content\/uploads\/2026\/06\/image-149-1536x864.png 1536w, https:\/\/infoecos.com.ar\/wp-content\/uploads\/2026\/06\/image-149-1024x576.png 1024w, https:\/\/infoecos.com.ar\/wp-content\/uploads\/2026\/06\/image-149.png 1920w\" sizes=\"auto, (max-width: 1600px) 100vw, 1600px\" \/><\/figure>\n","protected":false},"excerpt":{"rendered":"<p>El Concejo Deliberante de Salliquel\u00f3 se reuni\u00f3 este mi\u00e9rcoles. Entre los temas tratados y aprobado&#8230;<\/p>\n","protected":false},"author":2,"featured_media":159976,"comment_status":"closed","ping_status":"open","sticky":false,"template":"","format":"standard","meta":{"footnotes":""},"categories":[1612],"tags":[10298,155,6831],"class_list":["post-163209","post","type-post","status-publish","format-standard","has-post-thumbnail","hentry","category-noticia-principal","tag-bloque-inferior","tag-politica","tag-servicios-comunitarios"],"featured_image_urls":{"full":["https:\/\/infoecos.com.ar\/wp-content\/uploads\/2026\/06\/image-149.png",1920,1080,false],"thumbnail":["https:\/\/infoecos.com.ar\/wp-content\/uploads\/2026\/06\/image-149-300x150.png",300,150,true],"medium":["https:\/\/infoecos.com.ar\/wp-content\/uploads\/2026\/06\/image-149-800x450.png",800,450,true],"medium_large":["https:\/\/infoecos.com.ar\/wp-content\/uploads\/2026\/06\/image-149-768x432.png",640,360,true],"large":["https:\/\/infoecos.com.ar\/wp-content\/uploads\/2026\/06\/image-149-1600x900.png",640,360,true],"1536x1536":["https:\/\/infoecos.com.ar\/wp-content\/uploads\/2026\/06\/image-149-1536x864.png",1536,864,true],"2048x2048":["https:\/\/infoecos.com.ar\/wp-content\/uploads\/2026\/06\/image-149.png",1920,1080,false],"covernews-slider-full":["https:\/\/infoecos.com.ar\/wp-content\/uploads\/2026\/06\/image-149-1115x715.png",1115,715,true],"covernews-slider-center":["https:\/\/infoecos.com.ar\/wp-content\/uploads\/2026\/06\/image-149-800x500.png",800,500,true],"covernews-featured":["https:\/\/infoecos.com.ar\/wp-content\/uploads\/2026\/06\/image-149-1024x576.png",1024,576,true],"covernews-medium":["https:\/\/infoecos.com.ar\/wp-content\/uploads\/2026\/06\/image-149-540x340.png",540,340,true],"covernews-medium-square":["https:\/\/infoecos.com.ar\/wp-content\/uploads\/2026\/06\/image-149-400x250.png",400,250,true]},"author_info":{"info":["Jorge Matheus"]},"category_info":"<a href=\"https:\/\/infoecos.com.ar\/index.php\/category\/noticia-principal\/\" rel=\"category tag\">Noticia Principal<\/a>","tag_info":"Noticia Principal","comment_count":"0","_links":{"self":[{"href":"https:\/\/infoecos.com.ar\/index.php\/wp-json\/wp\/v2\/posts\/163209","targetHints":{"allow":["GET"]}}],"collection":[{"href":"https:\/\/infoecos.com.ar\/index.php\/wp-json\/wp\/v2\/posts"}],"about":[{"href":"https:\/\/infoecos.com.ar\/index.php\/wp-json\/wp\/v2\/types\/post"}],"author":[{"embeddable":true,"href":"https:\/\/infoecos.com.ar\/index.php\/wp-json\/wp\/v2\/users\/2"}],"replies":[{"embeddable":true,"href":"https:\/\/infoecos.com.ar\/index.php\/wp-json\/wp\/v2\/comments?post=163209"}],"version-history":[{"count":2,"href":"https:\/\/infoecos.com.ar\/index.php\/wp-json\/wp\/v2\/posts\/163209\/revisions"}],"predecessor-version":[{"id":163211,"href":"https:\/\/infoecos.com.ar\/index.php\/wp-json\/wp\/v2\/posts\/163209\/revisions\/163211"}],"wp:featuredmedia":[{"embeddable":true,"href":"https:\/\/infoecos.com.ar\/index.php\/wp-json\/wp\/v2\/media\/159976"}],"wp:attachment":[{"href":"https:\/\/infoecos.com.ar\/index.php\/wp-json\/wp\/v2\/media?parent=163209"}],"wp:term":[{"taxonomy":"category","embeddable":true,"href":"https:\/\/infoecos.com.ar\/index.php\/wp-json\/wp\/v2\/categories?post=163209"},{"taxonomy":"post_tag","embeddable":true,"href":"https:\/\/infoecos.com.ar\/index.php\/wp-json\/wp\/v2\/tags?post=163209"}],"curies":[{"name":"wp","href":"https:\/\/api.w.org\/{rel}","templated":true}]}}