{"id":163214,"date":"2026-09-03T22:34:24","date_gmt":"2026-09-04T01:34:24","guid":{"rendered":"https:\/\/infoecos.com.ar\/?p=163214"},"modified":"2026-09-03T22:34:47","modified_gmt":"2026-09-04T01:34:47","slug":"expo-los-dias-18-19-y-20-de-septiembre-urdampilleta-rodante","status":"publish","type":"post","link":"https:\/\/infoecos.com.ar\/index.php\/expo-los-dias-18-19-y-20-de-septiembre-urdampilleta-rodante\/","title":{"rendered":"#Expo: Los d\u00edas 18, 19 y 20 de septiembre, \u201cUrdampilleta Rodante\u201d"},"content":{"rendered":"\n<figure class=\"wp-block-image aligncenter size-full\"><img loading=\"lazy\" decoding=\"async\" width=\"500\" height=\"261\" src=\"https:\/\/infoecos.com.ar\/wp-content\/uploads\/2026\/09\/image-25.png\" alt=\"\" class=\"wp-image-163215\"\/><\/figure>\n\n\n\n<p class=\"wp-block-paragraph\">Los d\u00edas 18, 19 y 20 de septiembre, \u201cUrdampilleta Rodante\u201d. Tendr\u00e1 como protagonistas a la 1\u00aa Expo Motorhome y el 6\u00ba Encuentro de Motorhome.<\/p>\n\n\n\n<p class=\"wp-block-paragraph\">La Expo contar\u00e1 con la participaci\u00f3n de 15 empresas, entre fabricantes de casas rodantes, equipamiento y firmas especializadas en distintas soluciones para quienes buscan iniciar o mejorar su experiencia de viaje.<\/p>\n\n\n\n<p class=\"wp-block-paragraph\">Quienes se acerquen podr\u00e1n recibir asesoramiento de fabricantes para armar su propio motorhome, conocer alternativas de energ\u00eda solar para casas rodantes y acercarse a productos y servicios vinculados al turismo, el camping y la vida al aire libre.<\/p>\n\n\n\n<p class=\"wp-block-paragraph\">Uno de los atractivos de la Expo ser\u00e1 la presentaci\u00f3n de una casilla completamente equipada, que ser\u00e1 sorteada a fin de a\u00f1o y de manera totalmente gratuita, como parte de una propuesta que busca acercar a m\u00e1s personas al mundo de los viajes sobre ruedas.<\/p>\n\n\n\n<p class=\"wp-block-paragraph\"><strong>Fuente:<\/strong> <strong><em>Municipio de Bol\u00edvar<\/em><\/strong><\/p>\n\n\n\n<p class=\"wp-block-paragraph\"><\/p>\n","protected":false},"excerpt":{"rendered":"<p>Los d\u00edas 18, 19 y 20 de septiembre, \u201cUrdampilleta Rodante\u201d. Tendr\u00e1 como protagonistas a la&#8230;<\/p>\n","protected":false},"author":2,"featured_media":163215,"comment_status":"closed","ping_status":"open","sticky":false,"template":"","format":"standard","meta":{"footnotes":""},"categories":[1613],"tags":[10298,155],"class_list":["post-163214","post","type-post","status-publish","format-standard","has-post-thumbnail","hentry","category-noticia-secundaria","tag-bloque-inferior","tag-politica"],"featured_image_urls":{"full":["https:\/\/infoecos.com.ar\/wp-content\/uploads\/2026\/09\/image-25.png",500,261,false],"thumbnail":["https:\/\/infoecos.com.ar\/wp-content\/uploads\/2026\/09\/image-25-300x150.png",300,150,true],"medium":["https:\/\/infoecos.com.ar\/wp-content\/uploads\/2026\/09\/image-25.png",500,261,false],"medium_large":["https:\/\/infoecos.com.ar\/wp-content\/uploads\/2026\/09\/image-25.png",500,261,false],"large":["https:\/\/infoecos.com.ar\/wp-content\/uploads\/2026\/09\/image-25.png",500,261,false],"1536x1536":["https:\/\/infoecos.com.ar\/wp-content\/uploads\/2026\/09\/image-25.png",500,261,false],"2048x2048":["https:\/\/infoecos.com.ar\/wp-content\/uploads\/2026\/09\/image-25.png",500,261,false],"covernews-slider-full":["https:\/\/infoecos.com.ar\/wp-content\/uploads\/2026\/09\/image-25.png",500,261,false],"covernews-slider-center":["https:\/\/infoecos.com.ar\/wp-content\/uploads\/2026\/09\/image-25.png",500,261,false],"covernews-featured":["https:\/\/infoecos.com.ar\/wp-content\/uploads\/2026\/09\/image-25.png",500,261,false],"covernews-medium":["https:\/\/infoecos.com.ar\/wp-content\/uploads\/2026\/09\/image-25.png",500,261,false],"covernews-medium-square":["https:\/\/infoecos.com.ar\/wp-content\/uploads\/2026\/09\/image-25-400x250.png",400,250,true]},"author_info":{"info":["Jorge Matheus"]},"category_info":"<a href=\"https:\/\/infoecos.com.ar\/index.php\/category\/noticia-secundaria\/\" rel=\"category tag\">Noticia Secundaria<\/a>","tag_info":"Noticia Secundaria","comment_count":"0","_links":{"self":[{"href":"https:\/\/infoecos.com.ar\/index.php\/wp-json\/wp\/v2\/posts\/163214","targetHints":{"allow":["GET"]}}],"collection":[{"href":"https:\/\/infoecos.com.ar\/index.php\/wp-json\/wp\/v2\/posts"}],"about":[{"href":"https:\/\/infoecos.com.ar\/index.php\/wp-json\/wp\/v2\/types\/post"}],"author":[{"embeddable":true,"href":"https:\/\/infoecos.com.ar\/index.php\/wp-json\/wp\/v2\/users\/2"}],"replies":[{"embeddable":true,"href":"https:\/\/infoecos.com.ar\/index.php\/wp-json\/wp\/v2\/comments?post=163214"}],"version-history":[{"count":1,"href":"https:\/\/infoecos.com.ar\/index.php\/wp-json\/wp\/v2\/posts\/163214\/revisions"}],"predecessor-version":[{"id":163216,"href":"https:\/\/infoecos.com.ar\/index.php\/wp-json\/wp\/v2\/posts\/163214\/revisions\/163216"}],"wp:featuredmedia":[{"embeddable":true,"href":"https:\/\/infoecos.com.ar\/index.php\/wp-json\/wp\/v2\/media\/163215"}],"wp:attachment":[{"href":"https:\/\/infoecos.com.ar\/index.php\/wp-json\/wp\/v2\/media?parent=163214"}],"wp:term":[{"taxonomy":"category","embeddable":true,"href":"https:\/\/infoecos.com.ar\/index.php\/wp-json\/wp\/v2\/categories?post=163214"},{"taxonomy":"post_tag","embeddable":true,"href":"https:\/\/infoecos.com.ar\/index.php\/wp-json\/wp\/v2\/tags?post=163214"}],"curies":[{"name":"wp","href":"https:\/\/api.w.org\/{rel}","templated":true}]}}