{"id":163217,"date":"2026-09-03T22:49:44","date_gmt":"2026-09-04T01:49:44","guid":{"rendered":"https:\/\/infoecos.com.ar\/?p=163217"},"modified":"2026-09-03T22:49:45","modified_gmt":"2026-09-04T01:49:45","slug":"teatro-en-rivadavia-y-gonzalez-moreno-desde-este-viernes-sede-del-encuentro-bonaerense-de-teatro-comunitario","status":"publish","type":"post","link":"https:\/\/infoecos.com.ar\/index.php\/teatro-en-rivadavia-y-gonzalez-moreno-desde-este-viernes-sede-del-encuentro-bonaerense-de-teatro-comunitario\/","title":{"rendered":"#Teatro en Rivadavia y Gonz\u00e1lez Moreno: Desde este viernes sede del\u00a0Encuentro Bonaerense de Teatro Comunitario"},"content":{"rendered":"\n<figure class=\"wp-block-image size-full\"><img loading=\"lazy\" decoding=\"async\" width=\"800\" height=\"600\" src=\"https:\/\/infoecos.com.ar\/wp-content\/uploads\/2026\/09\/image-26.png\" alt=\"\" class=\"wp-image-163218\" srcset=\"https:\/\/infoecos.com.ar\/wp-content\/uploads\/2026\/09\/image-26.png 800w, https:\/\/infoecos.com.ar\/wp-content\/uploads\/2026\/09\/image-26-768x576.png 768w\" sizes=\"auto, (max-width: 800px) 100vw, 800px\" \/><\/figure>\n\n\n\n<p class=\"wp-block-paragraph\">Rivadavia ser\u00e1 sede del\u00a0Encuentro Bonaerense de Teatro Comunitario.<\/p>\n\n\n\n<p class=\"wp-block-paragraph\">Habr\u00e1 seminarios, espect\u00e1culos gratuitos, actividades culturales y propuestas en Am\u00e9rica y Gonz\u00e1lez Moreno.<strong>\u00a0<\/strong><\/p>\n\n\n\n<p class=\"wp-block-paragraph\">Se estima que estar\u00e1n presentes m\u00e1s de 200 personas, que integrar\u00e1n los grupos teatreales de distintos puntos de la provincia de Buenos Aires. <\/p>\n\n\n\n<p class=\"wp-block-paragraph\">Durante el s\u00e1bado se desarrollar\u00e1 una intensa agenda en ambas localidades.<\/p>\n\n\n\n<p class=\"wp-block-paragraph\">En\u00a0Gonz\u00e1lez Moreno\u00a0habr\u00e1 diferentes presentaciones y actividades vinculadas especialmente con los grupos que tienen una relaci\u00f3n con las estaciones ferroviarias y la historia del ferrocarril.<\/p>\n\n\n\n<p class=\"wp-block-paragraph\">Mientras tanto, en\u00a0Am\u00e9rica, durante la tarde del s\u00e1bado se presentar\u00e1 en\u00a0Plaza Col\u00f3n, desde las\u00a016 horas, la obra\u00a0<em>Matanzo Barbarie<\/em>, del grupo Desparramos, de Ramos Mej\u00eda.<\/p>\n\n\n\n<p class=\"wp-block-paragraph\">La jornada tambi\u00e9n contar\u00e1 con\u00a0Feria de Emprendedores y actividades culturales.<\/p>\n\n\n\n<p class=\"wp-block-paragraph\">Por la noche, desde las\u00a020 horas, el\u00a0Cine Teatro\u00a0recibir\u00e1 al grupo\u00a0<em>La Caterva de City Bell<\/em>, proveniente de La Plata, que presentar\u00e1\u00a0<em>Templo Estancia Batall\u00f3n<\/em>, una propuesta que aborda, con humor, la historia y fundaci\u00f3n de esa ciudad.<\/p>\n\n\n\n<p class=\"wp-block-paragraph\">El cierre del encuentro ser\u00e1 el domingo y tendr\u00e1 como escenario un lugar cargado de significado: la\u00a0Estaci\u00f3n de Trenes de Am\u00e9rica.<\/p>\n\n\n\n<p class=\"wp-block-paragraph\">A las\u00a011 horas\u00a0se presentar\u00e1\u00a0<em>Si hay v\u00edas hay esperanza<\/em>, una obra realizada de manera conjunta por\u00a0La Comunitaria, el\u00a0Grupo de Arte Timotense, de Timote, y un grupo de\u00a09 de Julio.<\/p>\n\n\n\n<p class=\"wp-block-paragraph\">\u201cQueremos especialmente invitar a la gente a que nos acompa\u00f1e\u201d, remarc\u00f3 De la Iglesia al referirse a esta actividad que marcar\u00e1 el cierre del encuentro.<\/p>\n\n\n\n<p class=\"wp-block-paragraph\">Este viernes,\u00a0a las\u00a018 horas en la Escuela N.\u00ba 1, se realizar\u00e1 una charla abierta para abordar qu\u00e9 es el teatro comunitario y generar un espacio de intercambio con el p\u00fablico.<\/p>\n\n\n\n<p class=\"wp-block-paragraph\"><\/p>\n","protected":false},"excerpt":{"rendered":"<p>Rivadavia ser\u00e1 sede del\u00a0Encuentro Bonaerense de Teatro Comunitario. Habr\u00e1 seminarios, espect\u00e1culos gratuitos, actividades culturales y&#8230;<\/p>\n","protected":false},"author":2,"featured_media":163218,"comment_status":"closed","ping_status":"open","sticky":false,"template":"","format":"standard","meta":{"footnotes":""},"categories":[1613],"tags":[10298,155],"class_list":["post-163217","post","type-post","status-publish","format-standard","has-post-thumbnail","hentry","category-noticia-secundaria","tag-bloque-inferior","tag-politica"],"featured_image_urls":{"full":["https:\/\/infoecos.com.ar\/wp-content\/uploads\/2026\/09\/image-26.png",800,600,false],"thumbnail":["https:\/\/infoecos.com.ar\/wp-content\/uploads\/2026\/09\/image-26-300x150.png",300,150,true],"medium":["https:\/\/infoecos.com.ar\/wp-content\/uploads\/2026\/09\/image-26.png",800,600,false],"medium_large":["https:\/\/infoecos.com.ar\/wp-content\/uploads\/2026\/09\/image-26-768x576.png",640,480,true],"large":["https:\/\/infoecos.com.ar\/wp-content\/uploads\/2026\/09\/image-26.png",640,480,false],"1536x1536":["https:\/\/infoecos.com.ar\/wp-content\/uploads\/2026\/09\/image-26.png",800,600,false],"2048x2048":["https:\/\/infoecos.com.ar\/wp-content\/uploads\/2026\/09\/image-26.png",800,600,false],"covernews-slider-full":["https:\/\/infoecos.com.ar\/wp-content\/uploads\/2026\/09\/image-26.png",800,600,false],"covernews-slider-center":["https:\/\/infoecos.com.ar\/wp-content\/uploads\/2026\/09\/image-26-800x500.png",800,500,true],"covernews-featured":["https:\/\/infoecos.com.ar\/wp-content\/uploads\/2026\/09\/image-26.png",800,600,false],"covernews-medium":["https:\/\/infoecos.com.ar\/wp-content\/uploads\/2026\/09\/image-26-540x340.png",540,340,true],"covernews-medium-square":["https:\/\/infoecos.com.ar\/wp-content\/uploads\/2026\/09\/image-26-400x250.png",400,250,true]},"author_info":{"info":["Jorge Matheus"]},"category_info":"<a href=\"https:\/\/infoecos.com.ar\/index.php\/category\/noticia-secundaria\/\" rel=\"category tag\">Noticia Secundaria<\/a>","tag_info":"Noticia Secundaria","comment_count":"0","_links":{"self":[{"href":"https:\/\/infoecos.com.ar\/index.php\/wp-json\/wp\/v2\/posts\/163217","targetHints":{"allow":["GET"]}}],"collection":[{"href":"https:\/\/infoecos.com.ar\/index.php\/wp-json\/wp\/v2\/posts"}],"about":[{"href":"https:\/\/infoecos.com.ar\/index.php\/wp-json\/wp\/v2\/types\/post"}],"author":[{"embeddable":true,"href":"https:\/\/infoecos.com.ar\/index.php\/wp-json\/wp\/v2\/users\/2"}],"replies":[{"embeddable":true,"href":"https:\/\/infoecos.com.ar\/index.php\/wp-json\/wp\/v2\/comments?post=163217"}],"version-history":[{"count":1,"href":"https:\/\/infoecos.com.ar\/index.php\/wp-json\/wp\/v2\/posts\/163217\/revisions"}],"predecessor-version":[{"id":163219,"href":"https:\/\/infoecos.com.ar\/index.php\/wp-json\/wp\/v2\/posts\/163217\/revisions\/163219"}],"wp:featuredmedia":[{"embeddable":true,"href":"https:\/\/infoecos.com.ar\/index.php\/wp-json\/wp\/v2\/media\/163218"}],"wp:attachment":[{"href":"https:\/\/infoecos.com.ar\/index.php\/wp-json\/wp\/v2\/media?parent=163217"}],"wp:term":[{"taxonomy":"category","embeddable":true,"href":"https:\/\/infoecos.com.ar\/index.php\/wp-json\/wp\/v2\/categories?post=163217"},{"taxonomy":"post_tag","embeddable":true,"href":"https:\/\/infoecos.com.ar\/index.php\/wp-json\/wp\/v2\/tags?post=163217"}],"curies":[{"name":"wp","href":"https:\/\/api.w.org\/{rel}","templated":true}]}}