{"id":163221,"date":"2026-09-03T23:12:16","date_gmt":"2026-09-04T02:12:16","guid":{"rendered":"https:\/\/infoecos.com.ar\/?p=163221"},"modified":"2026-09-03T23:12:20","modified_gmt":"2026-09-04T02:12:20","slug":"baja-la-temperatura-viernes-y-sabado-mientras-que-el-domingo-seria-muy-frio-con-11-de-maxima-y-minima-de-2-bajo-cero","status":"publish","type":"post","link":"https:\/\/infoecos.com.ar\/index.php\/baja-la-temperatura-viernes-y-sabado-mientras-que-el-domingo-seria-muy-frio-con-11-de-maxima-y-minima-de-2-bajo-cero\/","title":{"rendered":"#Baja la temperatura: Viernes y s\u00e1bado, mientras que el domingo ser\u00eda muy fr\u00edo con 11 de m\u00e1xima y m\u00ednima de 2 bajo cero"},"content":{"rendered":"\n<p class=\"has-text-align-center wp-block-paragraph\"><strong>Servicio Meteorol\u00f3gico Nacional <\/strong><\/p>\n\n\n\n<p class=\"wp-block-paragraph\"><strong><mark style=\"background-color:rgba(0, 0, 0, 0)\" class=\"has-inline-color has-vivid-red-color\">Estimaci\u00f3n de temperatura m\u00ednimas bajas para el viernes y s\u00e1bado, mientras que el domingo ser\u00eda un d\u00eda muy fr\u00edo con 11 grados de m\u00e1xima y una m\u00ednima de 2 grados bajo cero<\/mark><\/strong><\/p>\n\n\n\n<figure class=\"wp-block-image aligncenter size-full\"><img loading=\"lazy\" decoding=\"async\" width=\"437\" height=\"226\" src=\"https:\/\/infoecos.com.ar\/wp-content\/uploads\/2026\/09\/image-27.png\" alt=\"\" class=\"wp-image-163222\"\/><\/figure>\n","protected":false},"excerpt":{"rendered":"<p>Servicio Meteorol\u00f3gico Nacional Estimaci\u00f3n de temperatura m\u00ednimas bajas para el viernes y s\u00e1bado, mientras que&#8230;<\/p>\n","protected":false},"author":2,"featured_media":125933,"comment_status":"closed","ping_status":"open","sticky":false,"template":"","format":"standard","meta":{"footnotes":""},"categories":[1612],"tags":[10298,10290],"class_list":["post-163221","post","type-post","status-publish","format-standard","has-post-thumbnail","hentry","category-noticia-principal","tag-bloque-inferior","tag-entretenimiento"],"featured_image_urls":{"full":["https:\/\/infoecos.com.ar\/wp-content\/uploads\/2024\/06\/image-249.png",626,599,false],"thumbnail":["https:\/\/infoecos.com.ar\/wp-content\/uploads\/2024\/06\/image-249-300x150.png",300,150,true],"medium":["https:\/\/infoecos.com.ar\/wp-content\/uploads\/2024\/06\/image-249.png",626,599,false],"medium_large":["https:\/\/infoecos.com.ar\/wp-content\/uploads\/2024\/06\/image-249.png",626,599,false],"large":["https:\/\/infoecos.com.ar\/wp-content\/uploads\/2024\/06\/image-249.png",626,599,false],"1536x1536":["https:\/\/infoecos.com.ar\/wp-content\/uploads\/2024\/06\/image-249.png",626,599,false],"2048x2048":["https:\/\/infoecos.com.ar\/wp-content\/uploads\/2024\/06\/image-249.png",626,599,false],"covernews-slider-full":["https:\/\/infoecos.com.ar\/wp-content\/uploads\/2024\/06\/image-249.png",626,599,false],"covernews-slider-center":["https:\/\/infoecos.com.ar\/wp-content\/uploads\/2024\/06\/image-249-626x500.png",626,500,true],"covernews-featured":["https:\/\/infoecos.com.ar\/wp-content\/uploads\/2024\/06\/image-249.png",626,599,false],"covernews-medium":["https:\/\/infoecos.com.ar\/wp-content\/uploads\/2024\/06\/image-249-540x340.png",540,340,true],"covernews-medium-square":["https:\/\/infoecos.com.ar\/wp-content\/uploads\/2024\/06\/image-249-400x250.png",400,250,true]},"author_info":{"info":["Jorge Matheus"]},"category_info":"<a href=\"https:\/\/infoecos.com.ar\/index.php\/category\/noticia-principal\/\" rel=\"category tag\">Noticia Principal<\/a>","tag_info":"Noticia Principal","comment_count":"0","_links":{"self":[{"href":"https:\/\/infoecos.com.ar\/index.php\/wp-json\/wp\/v2\/posts\/163221","targetHints":{"allow":["GET"]}}],"collection":[{"href":"https:\/\/infoecos.com.ar\/index.php\/wp-json\/wp\/v2\/posts"}],"about":[{"href":"https:\/\/infoecos.com.ar\/index.php\/wp-json\/wp\/v2\/types\/post"}],"author":[{"embeddable":true,"href":"https:\/\/infoecos.com.ar\/index.php\/wp-json\/wp\/v2\/users\/2"}],"replies":[{"embeddable":true,"href":"https:\/\/infoecos.com.ar\/index.php\/wp-json\/wp\/v2\/comments?post=163221"}],"version-history":[{"count":1,"href":"https:\/\/infoecos.com.ar\/index.php\/wp-json\/wp\/v2\/posts\/163221\/revisions"}],"predecessor-version":[{"id":163223,"href":"https:\/\/infoecos.com.ar\/index.php\/wp-json\/wp\/v2\/posts\/163221\/revisions\/163223"}],"wp:featuredmedia":[{"embeddable":true,"href":"https:\/\/infoecos.com.ar\/index.php\/wp-json\/wp\/v2\/media\/125933"}],"wp:attachment":[{"href":"https:\/\/infoecos.com.ar\/index.php\/wp-json\/wp\/v2\/media?parent=163221"}],"wp:term":[{"taxonomy":"category","embeddable":true,"href":"https:\/\/infoecos.com.ar\/index.php\/wp-json\/wp\/v2\/categories?post=163221"},{"taxonomy":"post_tag","embeddable":true,"href":"https:\/\/infoecos.com.ar\/index.php\/wp-json\/wp\/v2\/tags?post=163221"}],"curies":[{"name":"wp","href":"https:\/\/api.w.org\/{rel}","templated":true}]}}