{"id":163224,"date":"2026-09-03T23:33:42","date_gmt":"2026-09-04T02:33:42","guid":{"rendered":"https:\/\/infoecos.com.ar\/?p=163224"},"modified":"2026-09-03T23:33:49","modified_gmt":"2026-09-04T02:33:49","slug":"malvinas-mensaje-por-cadena-nacional-del-presidente-de-la-nacion-javier-milei","status":"publish","type":"post","link":"https:\/\/infoecos.com.ar\/index.php\/malvinas-mensaje-por-cadena-nacional-del-presidente-de-la-nacion-javier-milei\/","title":{"rendered":"#Malvinas: Mensaje por cadena nacional del presidente de la Naci\u00f3n, Javier Milei"},"content":{"rendered":"\n<figure class=\"wp-block-image aligncenter size-full\"><img loading=\"lazy\" decoding=\"async\" width=\"1200\" height=\"675\" src=\"https:\/\/infoecos.com.ar\/wp-content\/uploads\/2026\/09\/image-28.png\" alt=\"\" class=\"wp-image-163225\" srcset=\"https:\/\/infoecos.com.ar\/wp-content\/uploads\/2026\/09\/image-28.png 1200w, https:\/\/infoecos.com.ar\/wp-content\/uploads\/2026\/09\/image-28-768x432.png 768w, https:\/\/infoecos.com.ar\/wp-content\/uploads\/2026\/09\/image-28-800x450.png 800w, https:\/\/infoecos.com.ar\/wp-content\/uploads\/2026\/09\/image-28-1024x576.png 1024w\" sizes=\"auto, (max-width: 1200px) 100vw, 1200px\" \/><\/figure>\n\n\n\n<p class=\"wp-block-paragraph\">El presidente de la Naci\u00f3n, Javier Milei, brind\u00f3 este jueves desde las 21 horas a trav\u00e9s de la cadena nacional  un nuevo mensaje que fue grabado en el\u00a0<strong>Sal\u00f3n Blanco de la Casa Rosada<\/strong>, en donde lanz\u00f3 diferentes anuncios sobre la\u00a0<strong>causa Malvinas<\/strong>, incluidos proyectos de ley y decretos.<\/p>\n\n\n\n<p class=\"wp-block-paragraph\">La decisi\u00f3n de convocar a un mensaje formal a toda la ciudadan\u00eda se cristaliz\u00f3 tras la \u00faltima reuni\u00f3n de Gabinete y cobr\u00f3 impulso definitivo a ra\u00edz de los recientes movimientos geopol\u00edticos protagonizados por el mandatario estadounidense,&nbsp;<strong>Donald Trump<\/strong>, en torno a la disputa por la soberan\u00eda de las Islas.<\/p>\n\n\n\n<p class=\"wp-block-paragraph\">Los puntos sobresalientes: <\/p>\n\n\n\n<ul class=\"wp-block-list\">\n<li>Con la intenci\u00f3n de disuadir la presencia de actores extranjeros en las islas y contrarrestar la eventual explotaci\u00f3n de los recursos hidrocarbur\u00edferos de la zona el Gobierno ampliar\u00e1 los recursos del Ministerio de Defensa para avanzar en la construcci\u00f3n de una\u00a0<strong>Base Naval Integrada en Tierra del Fuego\u00a0<\/strong>con la intenci\u00f3n de incrementar las capacidades en telecomunicaciones en el sur.<\/li>\n\n\n\n<li>Por otro lado, anunci\u00f3 la publicaci\u00f3n de un decreto reglamentario que busca reunir la informaci\u00f3n necesaria en Canciller\u00eda para\u00a0<strong>impulsar sanciones<\/strong>\u00a0hacia las compa\u00f1\u00edas o estados que realicen actividad ilegal en la zona.<\/li>\n\n\n\n<li>Adem\u00e1s, se incorporar\u00e1n declaraciones juradas en tr\u00e1mites hidrocarbur\u00edferos y el RIGI para \u201casegurar el cumplimiento de la ley y evitar que se permitan actividades a aquellos que est\u00e1n explotando en la Plataforma Continental Argentina sin la soberan\u00eda nacional.<\/li>\n\n\n\n<li>Tambi\u00e9n se enviar\u00e1 un\u00a0<strong>proyecto de ley de Defensa de la Soberan\u00eda Nacional para modificar la Ley N\u00b0 26.659<\/strong>\u00a0con el objetivo de sancionar a las compa\u00f1\u00edas vinculadas a operaciones no autorizadas.<\/li>\n\n\n\n<li>No obstante, la ley incluir\u00e1 el apartado para la la\u00a0<strong>creaci\u00f3n de un Consejo de Seguridad Nacional<\/strong>, con la intenci\u00f3n de proteger el territorio aeroespacial y mar\u00edtimo de la Naci\u00f3n. \u201cEsto permitir\u00e1 una estrategia coordinada en la defensa de la soberan\u00eda y del territorio nacional, y en la recuperaci\u00f3n de las islas Malvinas\u201d, explic\u00f3 Milei.<\/li>\n\n\n\n<li>En tanto, el proyecto establecer\u00e1 un\u00a0<strong>r\u00e9gimen de protecci\u00f3n infraestructuras cr\u00edticas y un marco de protecci\u00f3n aeroespacial y mar\u00edtima<\/strong>. De este modo, \u201cse profundiza en la protecci\u00f3n ante posibles ataques de todo tipo a la integridad territorial de nuestro pa\u00eds\u201d.<\/li>\n<\/ul>\n\n\n\n<p class=\"wp-block-paragraph\"><\/p>\n","protected":false},"excerpt":{"rendered":"<p>El presidente de la Naci\u00f3n, Javier Milei, brind\u00f3 este jueves desde las 21 horas a&#8230;<\/p>\n","protected":false},"author":2,"featured_media":163225,"comment_status":"closed","ping_status":"open","sticky":false,"template":"","format":"standard","meta":{"footnotes":""},"categories":[1],"tags":[10304,10298,6831],"class_list":["post-163224","post","type-post","status-publish","format-standard","has-post-thumbnail","hentry","category-sin-categoria","tag-actualidad","tag-bloque-inferior","tag-servicios-comunitarios"],"featured_image_urls":{"full":["https:\/\/infoecos.com.ar\/wp-content\/uploads\/2026\/09\/image-28.png",1200,675,false],"thumbnail":["https:\/\/infoecos.com.ar\/wp-content\/uploads\/2026\/09\/image-28-300x150.png",300,150,true],"medium":["https:\/\/infoecos.com.ar\/wp-content\/uploads\/2026\/09\/image-28-800x450.png",800,450,true],"medium_large":["https:\/\/infoecos.com.ar\/wp-content\/uploads\/2026\/09\/image-28-768x432.png",640,360,true],"large":["https:\/\/infoecos.com.ar\/wp-content\/uploads\/2026\/09\/image-28.png",640,360,false],"1536x1536":["https:\/\/infoecos.com.ar\/wp-content\/uploads\/2026\/09\/image-28.png",1200,675,false],"2048x2048":["https:\/\/infoecos.com.ar\/wp-content\/uploads\/2026\/09\/image-28.png",1200,675,false],"covernews-slider-full":["https:\/\/infoecos.com.ar\/wp-content\/uploads\/2026\/09\/image-28-1115x675.png",1115,675,true],"covernews-slider-center":["https:\/\/infoecos.com.ar\/wp-content\/uploads\/2026\/09\/image-28-800x500.png",800,500,true],"covernews-featured":["https:\/\/infoecos.com.ar\/wp-content\/uploads\/2026\/09\/image-28-1024x576.png",1024,576,true],"covernews-medium":["https:\/\/infoecos.com.ar\/wp-content\/uploads\/2026\/09\/image-28-540x340.png",540,340,true],"covernews-medium-square":["https:\/\/infoecos.com.ar\/wp-content\/uploads\/2026\/09\/image-28-400x250.png",400,250,true]},"author_info":{"info":["Jorge Matheus"]},"category_info":"<a href=\"https:\/\/infoecos.com.ar\/index.php\/category\/sin-categoria\/\" rel=\"category tag\">Sin categor\u00eda<\/a>","tag_info":"Sin categor\u00eda","comment_count":"0","_links":{"self":[{"href":"https:\/\/infoecos.com.ar\/index.php\/wp-json\/wp\/v2\/posts\/163224","targetHints":{"allow":["GET"]}}],"collection":[{"href":"https:\/\/infoecos.com.ar\/index.php\/wp-json\/wp\/v2\/posts"}],"about":[{"href":"https:\/\/infoecos.com.ar\/index.php\/wp-json\/wp\/v2\/types\/post"}],"author":[{"embeddable":true,"href":"https:\/\/infoecos.com.ar\/index.php\/wp-json\/wp\/v2\/users\/2"}],"replies":[{"embeddable":true,"href":"https:\/\/infoecos.com.ar\/index.php\/wp-json\/wp\/v2\/comments?post=163224"}],"version-history":[{"count":1,"href":"https:\/\/infoecos.com.ar\/index.php\/wp-json\/wp\/v2\/posts\/163224\/revisions"}],"predecessor-version":[{"id":163226,"href":"https:\/\/infoecos.com.ar\/index.php\/wp-json\/wp\/v2\/posts\/163224\/revisions\/163226"}],"wp:featuredmedia":[{"embeddable":true,"href":"https:\/\/infoecos.com.ar\/index.php\/wp-json\/wp\/v2\/media\/163225"}],"wp:attachment":[{"href":"https:\/\/infoecos.com.ar\/index.php\/wp-json\/wp\/v2\/media?parent=163224"}],"wp:term":[{"taxonomy":"category","embeddable":true,"href":"https:\/\/infoecos.com.ar\/index.php\/wp-json\/wp\/v2\/categories?post=163224"},{"taxonomy":"post_tag","embeddable":true,"href":"https:\/\/infoecos.com.ar\/index.php\/wp-json\/wp\/v2\/tags?post=163224"}],"curies":[{"name":"wp","href":"https:\/\/api.w.org\/{rel}","templated":true}]}}