{"id":163227,"date":"2026-09-04T13:55:39","date_gmt":"2026-09-04T16:55:39","guid":{"rendered":"https:\/\/infoecos.com.ar\/?p=163227"},"modified":"2026-09-04T13:55:40","modified_gmt":"2026-09-04T16:55:40","slug":"se-viene-del-11-al-13-de-septiembre-fiesta-nacional-del-salame-quintero-en-mercedes-buenos-aires","status":"publish","type":"post","link":"https:\/\/infoecos.com.ar\/index.php\/se-viene-del-11-al-13-de-septiembre-fiesta-nacional-del-salame-quintero-en-mercedes-buenos-aires\/","title":{"rendered":"#Se viene: Del 11 al 13 de septiembre Fiesta Nacional del Salame Quintero en Mercedes, Buenos Aires"},"content":{"rendered":"\n<figure class=\"wp-block-image size-full\"><img loading=\"lazy\" decoding=\"async\" width=\"1080\" height=\"830\" src=\"https:\/\/infoecos.com.ar\/wp-content\/uploads\/2026\/09\/image-29.png\" alt=\"\" class=\"wp-image-163228\" srcset=\"https:\/\/infoecos.com.ar\/wp-content\/uploads\/2026\/09\/image-29.png 1080w, https:\/\/infoecos.com.ar\/wp-content\/uploads\/2026\/09\/image-29-800x615.png 800w, https:\/\/infoecos.com.ar\/wp-content\/uploads\/2026\/09\/image-29-768x590.png 768w, https:\/\/infoecos.com.ar\/wp-content\/uploads\/2026\/09\/image-29-1023x786.png 1023w\" sizes=\"auto, (max-width: 1080px) 100vw, 1080px\" \/><\/figure>\n\n\n\n<p class=\"wp-block-paragraph\">51\u00b0 Fiesta Nacional del Salame Quintero en Mercedes. Se llevar\u00e1 a cabo durante los d\u00edas viernes 11, s\u00e1bado 12 y domingo 13 de septiembre en el Parque Municipal Independencia.<\/p>\n\n\n\n<p class=\"wp-block-paragraph\">La tradicional celebraci\u00f3n gastron\u00f3mica y cultural contar\u00e1 con una variada oferta de productores del distrito, artesan\u00edas, espacio gastron\u00f3mico y una grilla art\u00edstica de nivel nacional encabezada por Los Palmeras, Antonio R\u00edos y el hist\u00f3rico conjunto folcl\u00f3rico Los Fronterizos.<\/p>\n\n\n\n<figure class=\"wp-block-image size-full\"><img loading=\"lazy\" decoding=\"async\" width=\"1080\" height=\"1440\" src=\"https:\/\/infoecos.com.ar\/wp-content\/uploads\/2026\/09\/image-30.png\" alt=\"\" class=\"wp-image-163229\" srcset=\"https:\/\/infoecos.com.ar\/wp-content\/uploads\/2026\/09\/image-30.png 1080w, https:\/\/infoecos.com.ar\/wp-content\/uploads\/2026\/09\/image-30-600x800.png 600w, https:\/\/infoecos.com.ar\/wp-content\/uploads\/2026\/09\/image-30-768x1024.png 768w, https:\/\/infoecos.com.ar\/wp-content\/uploads\/2026\/09\/image-30-1024x1365.png 1024w\" sizes=\"auto, (max-width: 1080px) 100vw, 1080px\" \/><\/figure>\n\n\n\n<p class=\"wp-block-paragraph\">El responsable del \u00e1rea de Turismo, Francisco Dinova, se\u00f1al\u00f3 a los medios mercedinos que la comercializaci\u00f3n de tickets promocionales pas\u00f3 de 1.310 pases en el per\u00edodo anterior a m\u00e1s de 3.000 entradas vendidas para la presente edici\u00f3n. El funcionario detall\u00f3 que el predio contar\u00e1 con m\u00e1s de 110 artesanos y emprendedores, patios gastron\u00f3micos y la tradicional carpa central ampliada donde expondr\u00e1n los productores locales de salame \u2014con la incorporaci\u00f3n de Nicol\u00e1s Taberne\u2014 y se desarrollar\u00e1 la jura del Salame Campe\u00f3n. <\/p>\n\n\n\n<figure class=\"wp-block-image size-full\"><img loading=\"lazy\" decoding=\"async\" width=\"1319\" height=\"879\" src=\"https:\/\/infoecos.com.ar\/wp-content\/uploads\/2026\/09\/image-31.png\" alt=\"\" class=\"wp-image-163230\" srcset=\"https:\/\/infoecos.com.ar\/wp-content\/uploads\/2026\/09\/image-31.png 1319w, https:\/\/infoecos.com.ar\/wp-content\/uploads\/2026\/09\/image-31-800x533.png 800w, https:\/\/infoecos.com.ar\/wp-content\/uploads\/2026\/09\/image-31-767x511.png 767w, https:\/\/infoecos.com.ar\/wp-content\/uploads\/2026\/09\/image-31-1023x682.png 1023w\" sizes=\"auto, (max-width: 1319px) 100vw, 1319px\" \/><\/figure>\n\n\n\n<p class=\"wp-block-paragraph\">El Intendente Municipal, Juan Ignacio Ustarroz, tambi\u00e9n en contacto con los medios acentu\u00f3 en la dimensi\u00f3n del movimiento econ\u00f3mico que genera la fiesta en el distrito, recordando que en la edici\u00f3n anterior la masa monetaria circulante alcanz\u00f3 los 370 millones de pesos.<\/p>\n\n\n\n<p class=\"wp-block-paragraph\"><\/p>\n","protected":false},"excerpt":{"rendered":"<p>51\u00b0 Fiesta Nacional del Salame Quintero en Mercedes. Se llevar\u00e1 a cabo durante los d\u00edas&#8230;<\/p>\n","protected":false},"author":2,"featured_media":163229,"comment_status":"closed","ping_status":"open","sticky":false,"template":"","format":"standard","meta":{"footnotes":""},"categories":[1613],"tags":[10298,6831],"class_list":["post-163227","post","type-post","status-publish","format-standard","has-post-thumbnail","hentry","category-noticia-secundaria","tag-bloque-inferior","tag-servicios-comunitarios"],"featured_image_urls":{"full":["https:\/\/infoecos.com.ar\/wp-content\/uploads\/2026\/09\/image-30.png",1080,1440,false],"thumbnail":["https:\/\/infoecos.com.ar\/wp-content\/uploads\/2026\/09\/image-30-300x150.png",300,150,true],"medium":["https:\/\/infoecos.com.ar\/wp-content\/uploads\/2026\/09\/image-30-600x800.png",600,800,true],"medium_large":["https:\/\/infoecos.com.ar\/wp-content\/uploads\/2026\/09\/image-30-768x1024.png",640,853,true],"large":["https:\/\/infoecos.com.ar\/wp-content\/uploads\/2026\/09\/image-30.png",640,853,false],"1536x1536":["https:\/\/infoecos.com.ar\/wp-content\/uploads\/2026\/09\/image-30.png",1080,1440,false],"2048x2048":["https:\/\/infoecos.com.ar\/wp-content\/uploads\/2026\/09\/image-30.png",1080,1440,false],"covernews-slider-full":["https:\/\/infoecos.com.ar\/wp-content\/uploads\/2026\/09\/image-30-1080x715.png",1080,715,true],"covernews-slider-center":["https:\/\/infoecos.com.ar\/wp-content\/uploads\/2026\/09\/image-30-800x500.png",800,500,true],"covernews-featured":["https:\/\/infoecos.com.ar\/wp-content\/uploads\/2026\/09\/image-30-1024x1365.png",1024,1365,true],"covernews-medium":["https:\/\/infoecos.com.ar\/wp-content\/uploads\/2026\/09\/image-30-540x340.png",540,340,true],"covernews-medium-square":["https:\/\/infoecos.com.ar\/wp-content\/uploads\/2026\/09\/image-30-400x250.png",400,250,true]},"author_info":{"info":["Jorge Matheus"]},"category_info":"<a href=\"https:\/\/infoecos.com.ar\/index.php\/category\/noticia-secundaria\/\" rel=\"category tag\">Noticia Secundaria<\/a>","tag_info":"Noticia Secundaria","comment_count":"0","_links":{"self":[{"href":"https:\/\/infoecos.com.ar\/index.php\/wp-json\/wp\/v2\/posts\/163227","targetHints":{"allow":["GET"]}}],"collection":[{"href":"https:\/\/infoecos.com.ar\/index.php\/wp-json\/wp\/v2\/posts"}],"about":[{"href":"https:\/\/infoecos.com.ar\/index.php\/wp-json\/wp\/v2\/types\/post"}],"author":[{"embeddable":true,"href":"https:\/\/infoecos.com.ar\/index.php\/wp-json\/wp\/v2\/users\/2"}],"replies":[{"embeddable":true,"href":"https:\/\/infoecos.com.ar\/index.php\/wp-json\/wp\/v2\/comments?post=163227"}],"version-history":[{"count":1,"href":"https:\/\/infoecos.com.ar\/index.php\/wp-json\/wp\/v2\/posts\/163227\/revisions"}],"predecessor-version":[{"id":163231,"href":"https:\/\/infoecos.com.ar\/index.php\/wp-json\/wp\/v2\/posts\/163227\/revisions\/163231"}],"wp:featuredmedia":[{"embeddable":true,"href":"https:\/\/infoecos.com.ar\/index.php\/wp-json\/wp\/v2\/media\/163229"}],"wp:attachment":[{"href":"https:\/\/infoecos.com.ar\/index.php\/wp-json\/wp\/v2\/media?parent=163227"}],"wp:term":[{"taxonomy":"category","embeddable":true,"href":"https:\/\/infoecos.com.ar\/index.php\/wp-json\/wp\/v2\/categories?post=163227"},{"taxonomy":"post_tag","embeddable":true,"href":"https:\/\/infoecos.com.ar\/index.php\/wp-json\/wp\/v2\/tags?post=163227"}],"curies":[{"name":"wp","href":"https:\/\/api.w.org\/{rel}","templated":true}]}}