{"id":163232,"date":"2026-09-04T14:08:07","date_gmt":"2026-09-04T17:08:07","guid":{"rendered":"https:\/\/infoecos.com.ar\/?p=163232"},"modified":"2026-09-04T14:08:13","modified_gmt":"2026-09-04T17:08:13","slug":"justicia-bonaerense-el-ministro-juan-martin-mena-anuncio-que-se-esta-terminando-de-trabajar-en-casi-200-nuevos-cargos-para-el-poder-judicial","status":"publish","type":"post","link":"https:\/\/infoecos.com.ar\/index.php\/justicia-bonaerense-el-ministro-juan-martin-mena-anuncio-que-se-esta-terminando-de-trabajar-en-casi-200-nuevos-cargos-para-el-poder-judicial\/","title":{"rendered":"#Justicia bonaerense: El ministro Juan Mart\u00edn Mena anunci\u00f3 que se est\u00e1 terminando de trabajar en casi 200 nuevos cargos para el Poder Judicial"},"content":{"rendered":"\n<figure class=\"wp-block-image size-full\"><img loading=\"lazy\" decoding=\"async\" width=\"1200\" height=\"800\" src=\"https:\/\/infoecos.com.ar\/wp-content\/uploads\/2026\/09\/image-32.png\" alt=\"\" class=\"wp-image-163233\" srcset=\"https:\/\/infoecos.com.ar\/wp-content\/uploads\/2026\/09\/image-32.png 1200w, https:\/\/infoecos.com.ar\/wp-content\/uploads\/2026\/09\/image-32-800x533.png 800w, https:\/\/infoecos.com.ar\/wp-content\/uploads\/2026\/09\/image-32-768x512.png 768w, https:\/\/infoecos.com.ar\/wp-content\/uploads\/2026\/09\/image-32-1023x682.png 1023w\" sizes=\"auto, (max-width: 1200px) 100vw, 1200px\" \/><\/figure>\n\n\n\n<p class=\"wp-block-paragraph\">El ministro de Justicia bonaerense, Juan Mart\u00edn Mena, anunci\u00f3 que el Ejecutivo est\u00e1 terminando de trabajar en casi 200 nuevos cargos para el Poder Judicial. \u201cEsperamos muy pronto estar concretando casi unas 200 vacantes m\u00e1s que estamos terminando de trabajar\u201d, afirm\u00f3.<\/p>\n\n\n\n<p class=\"wp-block-paragraph\">\u201cNo nos quedamos con el logro de las 412 vacantes que pudimos sanear con el gobernador y el Senado de la provincia de Buenos Aires el a\u00f1o pasado, sino que estamos permanentemente trabajando\u201d, sostuvo el funcionario.<\/p>\n\n\n\n<p class=\"wp-block-paragraph\">La falta de recursos tambi\u00e9n apareci\u00f3 en el discurso del ministro cuando habl\u00f3 de infraestructura. \u201cUna de las grandes deudas que yo llevo y que compartimos los que estamos aqu\u00ed es el t\u00e9rmino infraestructura\u201d, reconoci\u00f3. Mena sostuvo que la Provincia vio reducida su capacidad presupuestaria desde diciembre de 2023 y que esa situaci\u00f3n repercute en la construcci\u00f3n de nuevos espacios judiciales. \u201cNo alcanza para el despliegue que tiene esta hermosa pero gigante provincia de Buenos Aires\u201d, afirm\u00f3<\/p>\n\n\n\n<p class=\"wp-block-paragraph\">El anuncio de Mena fue durante el XXII Congreso provincial de Funcionarios y Funcionarias del Poder Judicial de la provincia.<\/p>\n\n\n\n<p class=\"wp-block-paragraph\"><strong>Fuente: codigobaires.com.ar <\/strong><\/p>\n\n\n\n<p class=\"wp-block-paragraph\"><strong>Foto: latecla.info<\/strong><\/p>\n","protected":false},"excerpt":{"rendered":"<p>El ministro de Justicia bonaerense, Juan Mart\u00edn Mena, anunci\u00f3 que el Ejecutivo est\u00e1 terminando de&#8230;<\/p>\n","protected":false},"author":2,"featured_media":163233,"comment_status":"closed","ping_status":"open","sticky":false,"template":"","format":"standard","meta":{"footnotes":""},"categories":[1612],"tags":[10298,6831],"class_list":["post-163232","post","type-post","status-publish","format-standard","has-post-thumbnail","hentry","category-noticia-principal","tag-bloque-inferior","tag-servicios-comunitarios"],"featured_image_urls":{"full":["https:\/\/infoecos.com.ar\/wp-content\/uploads\/2026\/09\/image-32.png",1200,800,false],"thumbnail":["https:\/\/infoecos.com.ar\/wp-content\/uploads\/2026\/09\/image-32-300x150.png",300,150,true],"medium":["https:\/\/infoecos.com.ar\/wp-content\/uploads\/2026\/09\/image-32-800x533.png",800,533,true],"medium_large":["https:\/\/infoecos.com.ar\/wp-content\/uploads\/2026\/09\/image-32-768x512.png",640,427,true],"large":["https:\/\/infoecos.com.ar\/wp-content\/uploads\/2026\/09\/image-32.png",640,427,false],"1536x1536":["https:\/\/infoecos.com.ar\/wp-content\/uploads\/2026\/09\/image-32.png",1200,800,false],"2048x2048":["https:\/\/infoecos.com.ar\/wp-content\/uploads\/2026\/09\/image-32.png",1200,800,false],"covernews-slider-full":["https:\/\/infoecos.com.ar\/wp-content\/uploads\/2026\/09\/image-32-1115x715.png",1115,715,true],"covernews-slider-center":["https:\/\/infoecos.com.ar\/wp-content\/uploads\/2026\/09\/image-32-800x500.png",800,500,true],"covernews-featured":["https:\/\/infoecos.com.ar\/wp-content\/uploads\/2026\/09\/image-32-1023x682.png",1023,682,true],"covernews-medium":["https:\/\/infoecos.com.ar\/wp-content\/uploads\/2026\/09\/image-32-540x340.png",540,340,true],"covernews-medium-square":["https:\/\/infoecos.com.ar\/wp-content\/uploads\/2026\/09\/image-32-400x250.png",400,250,true]},"author_info":{"info":["Jorge Matheus"]},"category_info":"<a href=\"https:\/\/infoecos.com.ar\/index.php\/category\/noticia-principal\/\" rel=\"category tag\">Noticia Principal<\/a>","tag_info":"Noticia Principal","comment_count":"0","_links":{"self":[{"href":"https:\/\/infoecos.com.ar\/index.php\/wp-json\/wp\/v2\/posts\/163232","targetHints":{"allow":["GET"]}}],"collection":[{"href":"https:\/\/infoecos.com.ar\/index.php\/wp-json\/wp\/v2\/posts"}],"about":[{"href":"https:\/\/infoecos.com.ar\/index.php\/wp-json\/wp\/v2\/types\/post"}],"author":[{"embeddable":true,"href":"https:\/\/infoecos.com.ar\/index.php\/wp-json\/wp\/v2\/users\/2"}],"replies":[{"embeddable":true,"href":"https:\/\/infoecos.com.ar\/index.php\/wp-json\/wp\/v2\/comments?post=163232"}],"version-history":[{"count":1,"href":"https:\/\/infoecos.com.ar\/index.php\/wp-json\/wp\/v2\/posts\/163232\/revisions"}],"predecessor-version":[{"id":163234,"href":"https:\/\/infoecos.com.ar\/index.php\/wp-json\/wp\/v2\/posts\/163232\/revisions\/163234"}],"wp:featuredmedia":[{"embeddable":true,"href":"https:\/\/infoecos.com.ar\/index.php\/wp-json\/wp\/v2\/media\/163233"}],"wp:attachment":[{"href":"https:\/\/infoecos.com.ar\/index.php\/wp-json\/wp\/v2\/media?parent=163232"}],"wp:term":[{"taxonomy":"category","embeddable":true,"href":"https:\/\/infoecos.com.ar\/index.php\/wp-json\/wp\/v2\/categories?post=163232"},{"taxonomy":"post_tag","embeddable":true,"href":"https:\/\/infoecos.com.ar\/index.php\/wp-json\/wp\/v2\/tags?post=163232"}],"curies":[{"name":"wp","href":"https:\/\/api.w.org\/{rel}","templated":true}]}}