{"id":163235,"date":"2026-09-04T14:18:47","date_gmt":"2026-09-04T17:18:47","guid":{"rendered":"https:\/\/infoecos.com.ar\/?p=163235"},"modified":"2026-09-04T14:24:45","modified_gmt":"2026-09-04T17:24:45","slug":"desde-este-sabado-la-muestra-agropecuaria-ganadera-y-comercial-mas-reconocida-del-interior-de-la-provincia-de-buenos-aires-expo-bolivar","status":"publish","type":"post","link":"https:\/\/infoecos.com.ar\/index.php\/desde-este-sabado-la-muestra-agropecuaria-ganadera-y-comercial-mas-reconocida-del-interior-de-la-provincia-de-buenos-aires-expo-bolivar\/","title":{"rendered":"#Desde este s\u00e1bado: La muestra agropecuaria, ganadera y comercial m\u00e1s reconocida del interior de la provincia de Buenos Aires, Expo Bol\u00edvar"},"content":{"rendered":"\n<figure class=\"wp-block-image size-full\"><img loading=\"lazy\" decoding=\"async\" width=\"1006\" height=\"566\" src=\"https:\/\/infoecos.com.ar\/wp-content\/uploads\/2026\/09\/image-33.png\" alt=\"\" class=\"wp-image-163236\" srcset=\"https:\/\/infoecos.com.ar\/wp-content\/uploads\/2026\/09\/image-33.png 1006w, https:\/\/infoecos.com.ar\/wp-content\/uploads\/2026\/09\/image-33-800x450.png 800w, https:\/\/infoecos.com.ar\/wp-content\/uploads\/2026\/09\/image-33-768x432.png 768w\" sizes=\"auto, (max-width: 1006px) 100vw, 1006px\" \/><\/figure>\n\n\n\n<p class=\"wp-block-paragraph\">Comienza este s\u00e1bado, a las 11:00 horas, la muestra agropecuaria, ganadera y comercial m\u00e1s reconocida del interior de la provincia de Buenos Aires: La Expo Bol\u00edvar. Se extender\u00e1 durante 9 d\u00edas. <\/p>\n\n\n\n<p class=\"wp-block-paragraph\">La entrada ser\u00e1 libre y gratuita de lunes a s\u00e1bado mientras que el primer domingo tendr\u00e1 un valor de $25.000 y el segundo de $20.000, aunque habr\u00e1 ingreso gratuito para menores de 13 a\u00f1os.<\/p>\n\n\n\n<p class=\"wp-block-paragraph\">El programa de actividades:<\/p>\n\n\n\n<p class=\"wp-block-paragraph\"><strong>S\u00e1bado 5:<br>11:00:&nbsp;<\/strong>Apertura de la Expo y recorrida por el predio.<br><strong>12:00:&nbsp;<\/strong>Cierre de ingreso de equinos mansos de la prueba de mansedumbre, potros que no van a la venta, SPC y potrillos que salen a venta.<br><strong>13.30:&nbsp;<\/strong>Pruebas de manejo off.road. Organiza Alra Sur.<br><strong>14:00:&nbsp;<\/strong>Prueba de equinos para mansedumbre.<br><strong>15:00:&nbsp;<\/strong>Actividad art\u00edstica: F\u00e1brica de Caras. Organiza Uniendo Sonrisas.<br>Patio central. 20:00 Hs.: Presentaci\u00f3n musical de Hern\u00e1n Caraballo. Patio de Comidas.<\/p>\n\n\n\n<p class=\"wp-block-paragraph\"><strong>Domingo 6:<br><\/strong><strong>08:00:&nbsp;<\/strong>Comienzo de concurso de asadores.<br><strong>11:00:<\/strong>&nbsp;Venta de potrillos para la prueba de mansedumbre 2027.<br><strong>14:00:<\/strong>&nbsp;Inauguraci\u00f3n oficial de la muestra comercial. A continuaci\u00f3n Jineteada con la animaci\u00f3n de Gustavo Andrade y el Payador Facundo Quiroga. Colabora Salinas Grandes.<br><strong>15:00:&nbsp;<\/strong>Actividad art\u00edstica: Creando Paisajes. Organiza Uniendo Sonrisas. Patio central.<br><strong>17:00:&nbsp;<\/strong>Venta de equinos prueba de mansedumbre y SPC.<br><strong>20:00:&nbsp;<\/strong>Presentaci\u00f3n musical de Grupo Campero. Patio de Comidas.<\/p>\n\n\n\n<p class=\"wp-block-paragraph\"><strong>Lunes 7:<br>15:00:<\/strong>&nbsp;Actividad l\u00fadica libre. Organiza Uniendo Sonrisas. Patio central.<br><strong>18:00:&nbsp;<\/strong>Ciclo de Charlas: \u00bfLo peor ya pas\u00f3? \u00bfQu\u00e9 ven los mercados y los consumidores? \u00bfHabr\u00e1 convergencia? \u00bfQu\u00e9 escenarios tenemos para adelantes?. Disertante: Economista Luis Secco. Sala de conferencias Santiago Gal\u00e1z.<br><strong>20:00:<\/strong>&nbsp;Ciclo de Charlas: Ma\u00edz BMR en Nutrici\u00f3n Animal: M\u00e1s Fibra-M\u00e1s Producci\u00f3n. Disertante: Ing.Agr. Sebasti\u00e1n Tellaeche.Sala de conferencias Santiago Gal\u00e1z.<br><strong>20:00.<\/strong>: Animaci\u00f3n de Juan Orsetti. Show de \u00abEl loco Juan\u00bb. Patio de Comidas.<\/p>\n\n\n\n<p class=\"wp-block-paragraph\"><strong>Martes 8:<\/strong><br><strong>09:00:<\/strong>&nbsp;Charla motivacional sobre Educaci\u00f3n Financiera para alumnos de Escuelas Secundarias. Disertante Influencer en econom\u00eda Mart\u00edn Monteverde. Sal\u00f3n \u00abEl Fog\u00f3n\u00bb.<br><strong>15:30:<\/strong>&nbsp;Actividad art\u00edstica: Escondidos en el papel. Organiza Uniendo Sonrisas. Patio central.<br><strong>16:00:<\/strong>&nbsp;Empresas familiares: Proyecto de reforma a la Ley General de Sociedades. Disertante: Doctor\/Profesor Patricio Mc Inerny. Sala de conferencias Santiago Gal\u00e1z.<br><strong>18:00:<\/strong>&nbsp;Ciclo de charlas: Vaca Viva. Crecer en carne, un buen negocio para la Argentina. Disertante: Ing. Agr. Fernando Canosa. Sala de conferencias Santiago Gal\u00e1z.<br><strong>18:00:<\/strong>&nbsp;Cierre de admisi\u00f3n bovinos para Remate Especial de Vientres.<br><strong>20:00:<\/strong>&nbsp;Ciclo de Charlas: Decisiones que rinden. Gen\u00e9tica Illinois &amp; Don Mario. Disertante: Bautista Arata. Sala de conferencias Santiago Gal\u00e1z.<br><strong>20:00:<\/strong>&nbsp;Animaci\u00f3n de Juan Orsetti. Show de \u00abEl loco Juan\u00bb. Patio de Comidas.<\/p>\n\n\n\n<p class=\"wp-block-paragraph\"><strong>Mi\u00e9rcoles 9:<\/strong><br><strong>13:00:<\/strong>&nbsp;Remate Especial de Vientres.<br><strong>15:30:<\/strong>&nbsp;Actividad l\u00fadicas libres. Organiza Uniendo Sonrisas. Patio central.<br><strong>16:00:<\/strong>&nbsp;Ciclo de Charlas: Aprend\u00e9 a actuar: Capacitaci\u00f3n Te\u00f3rico-Pr\u00e1ctica RCP, Maniobra de Heimlich y uso de DEA. Disertantes: Tiago Pato y Erik Campitelli. Sala de conferencias Santiago Gal\u00e1z.<br><strong>18:00:<\/strong>&nbsp;Ciclo de Charlas: Recursos Humanos: \u00bfQu\u00e9 tan atractivo es trabajar en tu empresa? Disertante: Agust\u00edn Seisdedos.Sala de conferencias Santiago Gal\u00e1z.<br><strong>18:30:<\/strong>&nbsp;Ciclo de Charlas: XXXIV Jornada de Producci\u00f3n Animal. Adaptaci\u00f3n de los recursos forrajeros al contexto clim\u00e1tico actual. Disertantes: Ing. Agr. Carolina Estelrrich \/ Ing. Agr. Gonzalo Perez. Manejo estacional de gram\u00edneas templadas: productividad y persistencia. Disertantes: Ing. Agr. Mat\u00edas Burattini \/ Ing. Agr. Fabi\u00e1n Morales. Organiza: Agencia de Extensi\u00f3n Rural INTA Bol\u00edvar. Sala de conferencias Santiago Gal\u00e1z.<br><strong>20:00:&nbsp;<\/strong>Animaci\u00f3n de Juan Orsetti. Show de \u00abEl loco Juan\u00bb. Patio de Comidas.<\/p>\n\n\n\n<p class=\"wp-block-paragraph\"><strong>Jueves 10:<\/strong><strong><br><\/strong><strong>09:00:<\/strong>&nbsp;XXXIV Jornada de Producci\u00f3n Animal. Taller de pastoreo a campo: herramientas pr\u00e1cticas para mejorar la cosecha de pasto. Organiza: Agencia de Extensi\u00f3n Rural INTA Bol\u00edvar.<br><strong>15:30:<\/strong>&nbsp;Actividad l\u00fadico-art\u00edstica: Adivin\u00e1 el cuento. Organiza Uniendo Sonrisas. Patio central.<br><strong>16:00:<\/strong>&nbsp;Ciclo de Charlas: DEPs y Gen\u00f3mica. Importancia de los registros de producci\u00f3n y la evaluaci\u00f3n gen\u00f3mica. Disertante: Ing. en producci\u00f3n agropecuaria Agust\u00edn Curuchet.Sala de conferencias Santiago Gal\u00e1z.<br><strong>18:00:<\/strong>&nbsp;Ganader\u00eda: Inteligencia aumentada en ganader\u00eda. Disertante: Raimundo Pe\u00f1afort. Sala de conferencias Santiago Gal\u00e1z.<br><strong>18:00:<\/strong>&nbsp;Cierre de Admisi\u00f3n Bovinos.<br><strong>19:30:&nbsp;<\/strong>Presentaci\u00f3n oficial de LV BEEF para conocer el universo de la carne WAGYU, con 10 sommeliers de carne. Cupos limitados.<br><strong>20:00:<\/strong>&nbsp;Clima. \u00bfLlega el super ni\u00f1o? \u00bfC\u00f3mo nos puede impactar en la regi\u00f3n. Disertante: Leonardo De Benedictis. Sala de conferencias Santiago Gal\u00e1z.<br><strong>20:00:<\/strong>&nbsp;Pe\u00f1a Folkl\u00f3rica + Cierre con la presentaci\u00f3n de Fronteras Libres. Patio de Comidas.<\/p>\n\n\n\n<p class=\"wp-block-paragraph\"><strong>Viernes 11:<\/strong><br><strong>09:00:<\/strong>&nbsp;Jura de clasificaci\u00f3n en lotes de bovinos Circuito Angus Bonaerense.<br><strong>09:00:<\/strong>&nbsp;Jura de clasificaci\u00f3n en lotes de bovinos Nacional Shorthorn.<br><strong>12:00:<\/strong>&nbsp;Cierre de admisi\u00f3n equinos de trabajo.<br><strong>14:00:<\/strong>&nbsp;Jura de clasificaci\u00f3n individuales de bovinos Circuito Angus Bonaerense.<br><strong>14:00:<\/strong>&nbsp;Jura de clasificaci\u00f3n individuales de bovinos Nacional Shorthorn.<br><strong>14:00:<\/strong>&nbsp;Ciclo de Charlas: Finanzas y Comunicaci\u00f3n con IA. Finanzas inteligentes + comunicaci\u00f3n efectiva. Disertantes: Anal\u00eda Carbajo y Daiana P\u00e9rez. Sala de conferencias Santiago Gal\u00e1z.<br><strong>15:00:<\/strong>&nbsp;Show de magia: Mago NIcol\u00e1s Zaccardi. Organiza Uniendo Sonrisas. Patio central.<br><strong>17:45:<\/strong>&nbsp;Concurso de jurados juniors, a cargo de Luciano Macaroni. Organiza Ateneo Shorthorn.<br><strong>18:00:<\/strong>&nbsp;Ciclo de Charlas: Pastoreo racional intensivo: Herramientas para control de empaste. Disertante: Tiburcio Imaz. Sala de conferencias Santiago Gal\u00e1z.<br><strong>18:00:<\/strong>&nbsp;Cierre de admisi\u00f3n aves y conejos; porcinos y ovinos.<br><strong>20:00:<\/strong>&nbsp;Ciclo de Charlas: Ganader\u00eda. Del precio al resultado. Disertante: Analista ganadero Diego Ponti. Sala de conferencias Santiago Gal\u00e1z.<br><strong>18:00:<\/strong>&nbsp;Cierre de admisi\u00f3n de ovinos y de vaquillonas Holando Pre\u00f1adas<br><strong>20:00:<\/strong>&nbsp;Animaci\u00f3n de Juan Orsetti. Show de \u00abEl loco Juan\u00bb. Patio de Comidas.<\/p>\n\n\n\n<p class=\"wp-block-paragraph\"><strong>S\u00e1bado 12:<\/strong><br><strong>09:00:<\/strong>&nbsp;Jura de clasificaci\u00f3n aves y conejos.<br><strong>09:00:<\/strong>&nbsp;Jura de clasificaci\u00f3n ovinos.<br><strong>14:00:<\/strong>&nbsp;Jura de clasificaci\u00f3n de Porcinos.<br><strong>14:00:<\/strong>&nbsp;Jura de Clasificaci\u00f3n de equinos de trabajo.<br><strong>11:00:<\/strong>&nbsp;Remate especial de vaquillonas razas lecheras.<br><strong>11:00:<\/strong>&nbsp;Remate bovinos Angus, Shorthorn, Polled Hereford, Hereford y dem\u00e1s razas a martillo corrido hasta terminar.<br><strong>11:00:<\/strong>&nbsp;Ciclo de charlas: Barismo. El sabor de la experiencia. Disertante: Tom\u00e1s Serra. Sala de Conferencias \u00abSantiago Galaz\u00bb.<br><strong>15:00:<\/strong>&nbsp;Ciclo de Charlas: Aprend\u00e9 a actuar: Capacitaci\u00f3n Te\u00f3rico-Pr\u00e1ctica RCP, Maniobra de Heimlich y uso de DEA. Disertantes: Tiago Pato y Erik Campitelli. Sala de conferencias Santiago Gal\u00e1z. 15:00 Hs.: Actividad art\u00edstica: Pintemos un mural: Crear, imaginar y compartir. Organiza Uniendo Sonrisas. Patio central.<br><strong>17:00:<\/strong>&nbsp;Remate de ovinos.<br><strong>20:00:<\/strong>&nbsp;Presentaci\u00f3n de CHER y de Agust\u00edn Russillo. Patio de Comidas.<br><strong>21:00:<\/strong>&nbsp;Gran Cena Show &#8211; Noche de Humor con Anita Mart\u00ednez. Musicalizaci\u00f3n DJ. Juanjo S\u00e1nchez.<\/p>\n\n\n\n<p class=\"wp-block-paragraph\"><strong>Domingo 13:<\/strong><strong><br><\/strong><strong>13:00:<\/strong>&nbsp;Remate de aves y afines.<br><strong>14:00:<\/strong>&nbsp;Inauguraci\u00f3n oficial de la muestra de Ganader\u00eda, Agricultura y Granja. A continuaci\u00f3n desfile criollo y entrevero de tropillas con la animaci\u00f3n de Milton Pino.<br><strong>15:00:<\/strong>&nbsp;Actividades l\u00fadicas libres. Organiza Uniendo Sonrisas. Patio central.<br><strong>15:00:<\/strong>&nbsp;Demostraci\u00f3n de trabajo con perros arrieros promoviendo el bienestar animal. A cargo de Lucas Moriones (Integrante de Sociedad Argentina de Perros Arrieros)<br><strong>16:30:<\/strong>&nbsp;Remate de equinos de trabajo.<br><strong>17:30:<\/strong>&nbsp;Remate de porcinos.<br><strong>20:00:<\/strong>&nbsp;Presentaci\u00f3n de Grupo Campero. Patio de Comidas.<\/p>\n\n\n\n<p class=\"wp-block-paragraph\"><strong>Lunes 16:<\/strong><strong><br><\/strong>Cierre de la muestra.<\/p>\n\n\n\n<p class=\"wp-block-paragraph\"><strong>Foto: diariolamanana.com.ar <\/strong><\/p>\n","protected":false},"excerpt":{"rendered":"<p>Comienza este s\u00e1bado, a las 11:00 horas, la muestra agropecuaria, ganadera y comercial m\u00e1s reconocida&#8230;<\/p>\n","protected":false},"author":2,"featured_media":163236,"comment_status":"closed","ping_status":"open","sticky":false,"template":"","format":"standard","meta":{"footnotes":""},"categories":[1612],"tags":[10298,6831],"class_list":["post-163235","post","type-post","status-publish","format-standard","has-post-thumbnail","hentry","category-noticia-principal","tag-bloque-inferior","tag-servicios-comunitarios"],"featured_image_urls":{"full":["https:\/\/infoecos.com.ar\/wp-content\/uploads\/2026\/09\/image-33.png",1006,566,false],"thumbnail":["https:\/\/infoecos.com.ar\/wp-content\/uploads\/2026\/09\/image-33-300x150.png",300,150,true],"medium":["https:\/\/infoecos.com.ar\/wp-content\/uploads\/2026\/09\/image-33-800x450.png",800,450,true],"medium_large":["https:\/\/infoecos.com.ar\/wp-content\/uploads\/2026\/09\/image-33-768x432.png",640,360,true],"large":["https:\/\/infoecos.com.ar\/wp-content\/uploads\/2026\/09\/image-33.png",640,360,false],"1536x1536":["https:\/\/infoecos.com.ar\/wp-content\/uploads\/2026\/09\/image-33.png",1006,566,false],"2048x2048":["https:\/\/infoecos.com.ar\/wp-content\/uploads\/2026\/09\/image-33.png",1006,566,false],"covernews-slider-full":["https:\/\/infoecos.com.ar\/wp-content\/uploads\/2026\/09\/image-33.png",1006,566,false],"covernews-slider-center":["https:\/\/infoecos.com.ar\/wp-content\/uploads\/2026\/09\/image-33-800x500.png",800,500,true],"covernews-featured":["https:\/\/infoecos.com.ar\/wp-content\/uploads\/2026\/09\/image-33.png",1006,566,false],"covernews-medium":["https:\/\/infoecos.com.ar\/wp-content\/uploads\/2026\/09\/image-33-540x340.png",540,340,true],"covernews-medium-square":["https:\/\/infoecos.com.ar\/wp-content\/uploads\/2026\/09\/image-33-400x250.png",400,250,true]},"author_info":{"info":["Jorge Matheus"]},"category_info":"<a href=\"https:\/\/infoecos.com.ar\/index.php\/category\/noticia-principal\/\" rel=\"category tag\">Noticia Principal<\/a>","tag_info":"Noticia Principal","comment_count":"0","_links":{"self":[{"href":"https:\/\/infoecos.com.ar\/index.php\/wp-json\/wp\/v2\/posts\/163235","targetHints":{"allow":["GET"]}}],"collection":[{"href":"https:\/\/infoecos.com.ar\/index.php\/wp-json\/wp\/v2\/posts"}],"about":[{"href":"https:\/\/infoecos.com.ar\/index.php\/wp-json\/wp\/v2\/types\/post"}],"author":[{"embeddable":true,"href":"https:\/\/infoecos.com.ar\/index.php\/wp-json\/wp\/v2\/users\/2"}],"replies":[{"embeddable":true,"href":"https:\/\/infoecos.com.ar\/index.php\/wp-json\/wp\/v2\/comments?post=163235"}],"version-history":[{"count":1,"href":"https:\/\/infoecos.com.ar\/index.php\/wp-json\/wp\/v2\/posts\/163235\/revisions"}],"predecessor-version":[{"id":163237,"href":"https:\/\/infoecos.com.ar\/index.php\/wp-json\/wp\/v2\/posts\/163235\/revisions\/163237"}],"wp:featuredmedia":[{"embeddable":true,"href":"https:\/\/infoecos.com.ar\/index.php\/wp-json\/wp\/v2\/media\/163236"}],"wp:attachment":[{"href":"https:\/\/infoecos.com.ar\/index.php\/wp-json\/wp\/v2\/media?parent=163235"}],"wp:term":[{"taxonomy":"category","embeddable":true,"href":"https:\/\/infoecos.com.ar\/index.php\/wp-json\/wp\/v2\/categories?post=163235"},{"taxonomy":"post_tag","embeddable":true,"href":"https:\/\/infoecos.com.ar\/index.php\/wp-json\/wp\/v2\/tags?post=163235"}],"curies":[{"name":"wp","href":"https:\/\/api.w.org\/{rel}","templated":true}]}}