{"id":163238,"date":"2026-09-04T14:31:06","date_gmt":"2026-09-04T17:31:06","guid":{"rendered":"https:\/\/infoecos.com.ar\/?p=163238"},"modified":"2026-09-04T15:20:23","modified_gmt":"2026-09-04T18:20:23","slug":"trenque-lauquen-y-la-region-este-viernes-v-jornada-regional-de-innovacion-y-desarrollo-territorial","status":"publish","type":"post","link":"https:\/\/infoecos.com.ar\/index.php\/trenque-lauquen-y-la-region-este-viernes-v-jornada-regional-de-innovacion-y-desarrollo-territorial\/","title":{"rendered":"#Trenque Lauquen y la Regi\u00f3n: V Jornada Regional de Innovaci\u00f3n y Desarrollo Territorial"},"content":{"rendered":"\n<p class=\"wp-block-paragraph\">Con la mirada puesta en el desarrollo regional y bajo el lema \u201cEl desarrollo lo hacemos entre todos\u201d, se desarrolla la V Jornada Regional de Innovaci\u00f3n y Desarrollo Territorial con la participaci\u00f3n del intendente Francisco Recoulat, intendentes y funcionarios de distritos de la regi\u00f3n, empresarios, emprendedores, productores agropecuarios, estudiantes de carreras afines y referentes de distintas instituciones.<\/p>\n\n\n\n<figure class=\"wp-block-gallery has-nested-images columns-default is-cropped wp-block-gallery-1 is-layout-flex wp-block-gallery-is-layout-flex\">\n<figure class=\"wp-block-image size-full\"><img loading=\"lazy\" decoding=\"async\" width=\"1600\" height=\"900\" data-id=\"163240\" src=\"https:\/\/infoecos.com.ar\/wp-content\/uploads\/2026\/09\/Jornada-Innovacion-Crecer-2.jpeg\" alt=\"\" class=\"wp-image-163240\" srcset=\"https:\/\/infoecos.com.ar\/wp-content\/uploads\/2026\/09\/Jornada-Innovacion-Crecer-2.jpeg 1600w, https:\/\/infoecos.com.ar\/wp-content\/uploads\/2026\/09\/Jornada-Innovacion-Crecer-2-800x450.jpeg 800w, https:\/\/infoecos.com.ar\/wp-content\/uploads\/2026\/09\/Jornada-Innovacion-Crecer-2-1536x864.jpeg 1536w, https:\/\/infoecos.com.ar\/wp-content\/uploads\/2026\/09\/Jornada-Innovacion-Crecer-2-1024x576.jpeg 1024w\" sizes=\"auto, (max-width: 1600px) 100vw, 1600px\" \/><\/figure>\n\n\n\n<figure class=\"wp-block-image size-full\"><img loading=\"lazy\" decoding=\"async\" width=\"1600\" height=\"900\" data-id=\"163241\" src=\"https:\/\/infoecos.com.ar\/wp-content\/uploads\/2026\/09\/Jornada-Innovacion-Crecer-3.jpeg\" alt=\"\" class=\"wp-image-163241\" srcset=\"https:\/\/infoecos.com.ar\/wp-content\/uploads\/2026\/09\/Jornada-Innovacion-Crecer-3.jpeg 1600w, https:\/\/infoecos.com.ar\/wp-content\/uploads\/2026\/09\/Jornada-Innovacion-Crecer-3-1536x864.jpeg 1536w, https:\/\/infoecos.com.ar\/wp-content\/uploads\/2026\/09\/Jornada-Innovacion-Crecer-3-1024x576.jpeg 1024w\" sizes=\"auto, (max-width: 1600px) 100vw, 1600px\" \/><\/figure>\n\n\n\n<figure class=\"wp-block-image size-full\"><img loading=\"lazy\" decoding=\"async\" width=\"1600\" height=\"900\" data-id=\"163239\" src=\"https:\/\/infoecos.com.ar\/wp-content\/uploads\/2026\/09\/Jornada-Innovacion-Crecer-4.jpeg\" alt=\"\" class=\"wp-image-163239\" srcset=\"https:\/\/infoecos.com.ar\/wp-content\/uploads\/2026\/09\/Jornada-Innovacion-Crecer-4.jpeg 1600w, https:\/\/infoecos.com.ar\/wp-content\/uploads\/2026\/09\/Jornada-Innovacion-Crecer-4-800x450.jpeg 800w, https:\/\/infoecos.com.ar\/wp-content\/uploads\/2026\/09\/Jornada-Innovacion-Crecer-4-768x432.jpeg 768w, https:\/\/infoecos.com.ar\/wp-content\/uploads\/2026\/09\/Jornada-Innovacion-Crecer-4-1536x864.jpeg 1536w, https:\/\/infoecos.com.ar\/wp-content\/uploads\/2026\/09\/Jornada-Innovacion-Crecer-4-1024x576.jpeg 1024w\" sizes=\"auto, (max-width: 1600px) 100vw, 1600px\" \/><\/figure>\n<\/figure>\n\n\n\n<p class=\"wp-block-paragraph\">El encuentro propone generar un espacio para compartir experiencias, intercambiar miradas y fortalecer el trabajo articulado en torno a las oportunidades y desaf\u00edos que atraviesan los territorios.<\/p>\n\n\n\n<p class=\"wp-block-paragraph\">Las palabras de apertura estuvieron a cargo del intendente de Trenque Lauquen, Francisco Recoulat; Luis Cohen, integrante de Crecer Comunidades Rurales en Red; la Mg. Mar\u00eda Bel\u00e9n Nieto, de la Universidad Nacional del Sur (UNS); y el Ing. Guillermo Mart\u00edn, del INTA, quienes coincidieron en destacar la importancia de estos espacios de encuentro, reflexi\u00f3n y construcci\u00f3n colectiva. (se informa por separado).<\/p>\n\n\n\n<p class=\"wp-block-paragraph\">La V Jornada busca, de este modo, poner en di\u00e1logo las distintas experiencias y perspectivas que forman parte del desarrollo regional, promoviendo la articulaci\u00f3n entre el sector p\u00fablico, las instituciones, el sector productivo y las organizaciones de la comunidad.<\/p>\n\n\n\n<figure class=\"wp-block-embed is-type-video is-provider-youtube wp-block-embed-youtube wp-embed-aspect-16-9 wp-has-aspect-ratio\"><div class=\"wp-block-embed__wrapper\">\n<iframe loading=\"lazy\" title=\"V Jornada Regional de Innovaci\u00f3n y Desarrollo Territorial\" width=\"640\" height=\"360\" src=\"https:\/\/www.youtube.com\/embed\/hq5fuKLsBzs?feature=oembed\" frameborder=\"0\" allow=\"accelerometer; autoplay; clipboard-write; encrypted-media; gyroscope; picture-in-picture; web-share\" referrerpolicy=\"strict-origin-when-cross-origin\" allowfullscreen><\/iframe>\n<\/div><\/figure>\n","protected":false},"excerpt":{"rendered":"<p>Con la mirada puesta en el desarrollo regional y bajo el lema \u201cEl desarrollo lo&#8230;<\/p>\n","protected":false},"author":2,"featured_media":163241,"comment_status":"closed","ping_status":"open","sticky":false,"template":"","format":"standard","meta":{"footnotes":""},"categories":[1612],"tags":[10298,1750],"class_list":["post-163238","post","type-post","status-publish","format-standard","has-post-thumbnail","hentry","category-noticia-principal","tag-bloque-inferior","tag-deporte"],"featured_image_urls":{"full":["https:\/\/infoecos.com.ar\/wp-content\/uploads\/2026\/09\/Jornada-Innovacion-Crecer-3.jpeg",1600,900,false],"thumbnail":["https:\/\/infoecos.com.ar\/wp-content\/uploads\/2026\/09\/Jornada-Innovacion-Crecer-3-300x150.jpeg",300,150,true],"medium":["https:\/\/infoecos.com.ar\/wp-content\/uploads\/2026\/09\/Jornada-Innovacion-Crecer-3.jpeg",800,450,false],"medium_large":["https:\/\/infoecos.com.ar\/wp-content\/uploads\/2026\/09\/Jornada-Innovacion-Crecer-3.jpeg",640,360,false],"large":["https:\/\/infoecos.com.ar\/wp-content\/uploads\/2026\/09\/Jornada-Innovacion-Crecer-3.jpeg",640,360,false],"1536x1536":["https:\/\/infoecos.com.ar\/wp-content\/uploads\/2026\/09\/Jornada-Innovacion-Crecer-3-1536x864.jpeg",1536,864,true],"2048x2048":["https:\/\/infoecos.com.ar\/wp-content\/uploads\/2026\/09\/Jornada-Innovacion-Crecer-3.jpeg",1600,900,false],"covernews-slider-full":["https:\/\/infoecos.com.ar\/wp-content\/uploads\/2026\/09\/Jornada-Innovacion-Crecer-3-1115x715.jpeg",1115,715,true],"covernews-slider-center":["https:\/\/infoecos.com.ar\/wp-content\/uploads\/2026\/09\/Jornada-Innovacion-Crecer-3-800x500.jpeg",800,500,true],"covernews-featured":["https:\/\/infoecos.com.ar\/wp-content\/uploads\/2026\/09\/Jornada-Innovacion-Crecer-3-1024x576.jpeg",1024,576,true],"covernews-medium":["https:\/\/infoecos.com.ar\/wp-content\/uploads\/2026\/09\/Jornada-Innovacion-Crecer-3-540x340.jpeg",540,340,true],"covernews-medium-square":["https:\/\/infoecos.com.ar\/wp-content\/uploads\/2026\/09\/Jornada-Innovacion-Crecer-3-400x250.jpeg",400,250,true]},"author_info":{"info":["Jorge Matheus"]},"category_info":"<a href=\"https:\/\/infoecos.com.ar\/index.php\/category\/noticia-principal\/\" rel=\"category tag\">Noticia Principal<\/a>","tag_info":"Noticia Principal","comment_count":"0","_links":{"self":[{"href":"https:\/\/infoecos.com.ar\/index.php\/wp-json\/wp\/v2\/posts\/163238","targetHints":{"allow":["GET"]}}],"collection":[{"href":"https:\/\/infoecos.com.ar\/index.php\/wp-json\/wp\/v2\/posts"}],"about":[{"href":"https:\/\/infoecos.com.ar\/index.php\/wp-json\/wp\/v2\/types\/post"}],"author":[{"embeddable":true,"href":"https:\/\/infoecos.com.ar\/index.php\/wp-json\/wp\/v2\/users\/2"}],"replies":[{"embeddable":true,"href":"https:\/\/infoecos.com.ar\/index.php\/wp-json\/wp\/v2\/comments?post=163238"}],"version-history":[{"count":2,"href":"https:\/\/infoecos.com.ar\/index.php\/wp-json\/wp\/v2\/posts\/163238\/revisions"}],"predecessor-version":[{"id":163255,"href":"https:\/\/infoecos.com.ar\/index.php\/wp-json\/wp\/v2\/posts\/163238\/revisions\/163255"}],"wp:featuredmedia":[{"embeddable":true,"href":"https:\/\/infoecos.com.ar\/index.php\/wp-json\/wp\/v2\/media\/163241"}],"wp:attachment":[{"href":"https:\/\/infoecos.com.ar\/index.php\/wp-json\/wp\/v2\/media?parent=163238"}],"wp:term":[{"taxonomy":"category","embeddable":true,"href":"https:\/\/infoecos.com.ar\/index.php\/wp-json\/wp\/v2\/categories?post=163238"},{"taxonomy":"post_tag","embeddable":true,"href":"https:\/\/infoecos.com.ar\/index.php\/wp-json\/wp\/v2\/tags?post=163238"}],"curies":[{"name":"wp","href":"https:\/\/api.w.org\/{rel}","templated":true}]}}