{"id":163243,"date":"2026-09-04T15:01:30","date_gmt":"2026-09-04T18:01:30","guid":{"rendered":"https:\/\/infoecos.com.ar\/?p=163243"},"modified":"2026-09-04T15:18:24","modified_gmt":"2026-09-04T18:18:24","slug":"elogios-y-trabajo-mancomunado-para-la-asociacion-civil-crecer-de-trenque-lauquen-que-ahora-tiene-su-propia-personeria-juridica","status":"publish","type":"post","link":"https:\/\/infoecos.com.ar\/index.php\/elogios-y-trabajo-mancomunado-para-la-asociacion-civil-crecer-de-trenque-lauquen-que-ahora-tiene-su-propia-personeria-juridica\/","title":{"rendered":"#Elogios: Para la Asociaci\u00f3n Civil \u00abCrecer\u00bb de Trenque Lauquen, que ahora tiene su propia personer\u00eda jur\u00eddica"},"content":{"rendered":"\n<p class=\"wp-block-paragraph\">V Jornada Regional de Innovaci\u00f3n y Desarrollo Territorial.<\/p>\n\n\n\n<figure class=\"wp-block-image aligncenter size-full is-resized\"><img loading=\"lazy\" decoding=\"async\" width=\"1600\" height=\"900\" src=\"https:\/\/infoecos.com.ar\/wp-content\/uploads\/2026\/09\/Jornada-Innovacion-Crecer-4-1.jpeg\" alt=\"\" class=\"wp-image-163244\" style=\"width:566px;height:auto\" srcset=\"https:\/\/infoecos.com.ar\/wp-content\/uploads\/2026\/09\/Jornada-Innovacion-Crecer-4-1.jpeg 1600w, https:\/\/infoecos.com.ar\/wp-content\/uploads\/2026\/09\/Jornada-Innovacion-Crecer-4-1-800x450.jpeg 800w, https:\/\/infoecos.com.ar\/wp-content\/uploads\/2026\/09\/Jornada-Innovacion-Crecer-4-1-768x432.jpeg 768w, https:\/\/infoecos.com.ar\/wp-content\/uploads\/2026\/09\/Jornada-Innovacion-Crecer-4-1-1536x864.jpeg 1536w, https:\/\/infoecos.com.ar\/wp-content\/uploads\/2026\/09\/Jornada-Innovacion-Crecer-4-1-1024x576.jpeg 1024w\" sizes=\"auto, (max-width: 1600px) 100vw, 1600px\" \/><\/figure>\n\n\n\n<p class=\"wp-block-paragraph\"><strong>Puntos sobresalientes del discurso del intendente Recoulat:<\/strong><\/p>\n\n\n\n<ul class=\"wp-block-list\">\n<li>\u00abRecuerdo la primera jornada, cuando el Grupo Crecer empezaba a dar sus primeros pasos, y creo que hoy es momento de hacer un balance, mirar lo construido y tambi\u00e9n los desaf\u00edos que tenemos por delante\u201d<\/li>\n<\/ul>\n\n\n\n<ul class=\"wp-block-list\">\n<li>\u201cNo hay nada m\u00e1s lindo que ver un proyecto que nace, c\u00f3mo crece y c\u00f3mo hoy se transforma en una Asociaci\u00f3n Civil con personer\u00eda jur\u00eddica. Esto implica una responsabilidad, pero tambi\u00e9n demuestra que el proyecto viene creciendo y se ha consolidado. Es un punto de inflexi\u00f3n, porque marca que lleg\u00f3 para quedarse y seguir creciendo\u201d<\/li>\n<\/ul>\n\n\n\n<ul class=\"wp-block-list\">\n<li>\u201cEn mi paso como intendente, con el grupo, con su organizaci\u00f3n y su distribuci\u00f3n en todas las localidades, siempre llegan demandas. Eso es lo m\u00e1s f\u00e1cil. Pero lo que destaco de Crecer es que, adem\u00e1s de traer las demandas, se involucran, se comprometen y llevan adelante acciones para buscar soluciones\u201d.<\/li>\n<\/ul>\n\n\n\n<ul class=\"wp-block-list\">\n<li>\u201cLa globalizaci\u00f3n tiende hacia las grandes ciudades\u201d. En este sentido, puso en valor que el trabajo de la organizaci\u00f3n permiti\u00f3 visibilizar las problem\u00e1ticas de las localidades y, al mismo tiempo, \u201cdetectar virtudes, talentos y posicionamientos\u201d. Entre los ejemplos, mencion\u00f3 el trabajo desarrollado en L\u00e9rtora, a trav\u00e9s de La Casita de L\u00e9rtora y sus talleres, y el proceso que llev\u00f3 a Beruti a ser declarado Pueblo Tur\u00edstico de la provincia de Buenos Aires.<\/li>\n<\/ul>\n\n\n\n<ul class=\"wp-block-list\">\n<li>\u201cCuando uno se encuentra con gente que, adem\u00e1s de pedir, pone el cuerpo y se involucra, eso permite avanzar en el desarrollo\u201d.<\/li>\n<\/ul>\n\n\n\n<ul class=\"wp-block-list\">\n<li>Valor\u00f3 el acompa\u00f1amiento de la Universidad Nacional del Sur y del INTA, a trav\u00e9s de sus distintos aportes, y destac\u00f3 especialmente la presencia de intendentes de la regi\u00f3n que participan del encuentro, poniendo el foco en la importancia de pensar el desarrollo desde una perspectiva regional.<\/li>\n<\/ul>\n\n\n\n<ul class=\"wp-block-list\">\n<li>\u201cSi bien cada Municipio tiene sus demandas y cada uno de nosotros nos debemos a nuestros propios vecinos, en los temas troncales o generales vamos a tener una estrategia en conjunto\u201d. \u201cLas localidades comparten much\u00edsimo m\u00e1s de lo que nosotros pensamos\u201d.<\/li>\n<\/ul>\n\n\n\n<p class=\"wp-block-paragraph\"><strong>Luis Cohen, integrante de Crecer:<\/strong><\/p>\n\n\n\n<figure class=\"wp-block-image aligncenter size-full\"><img loading=\"lazy\" decoding=\"async\" width=\"610\" height=\"469\" src=\"https:\/\/infoecos.com.ar\/wp-content\/uploads\/2026\/09\/image-34.png\" alt=\"\" class=\"wp-image-163246\"\/><\/figure>\n\n\n\n<ul class=\"wp-block-list\">\n<li>\u201cEn estas V Jornadas es importante recordar que somos un grupo de voluntarios que desde hace 10 a\u00f1os venimos trabajando en el territorio rural de nuestro distrito, implementando diferentes acciones con el objetivo de favorecer el desarrollo y la calidad de vida de sus habitantes\u201d.<\/li>\n<\/ul>\n\n\n\n<ul class=\"wp-block-list\">\n<li>\u201cTodo este trabajo cuenta con el inestimable apoyo de instituciones como el INTA, que tiene equipos t\u00e9cnicos y profesionales comprometidos con el desarrollo rural\u201d.<\/li>\n<\/ul>\n\n\n\n<ul class=\"wp-block-list\">\n<li>Destac\u00f3 el acompa\u00f1amiento del Municipio de Trenque Lauquen, al se\u00f1alar que \u201cnos escucha y apoya en las iniciativas que planteamos\u201d. En este punto, consider\u00f3 que \u201ctener la decisi\u00f3n pol\u00edtica es un pilar fundamental para un desarrollo arm\u00f3nico del distrito\u201d.<\/li>\n<\/ul>\n\n\n\n<ul class=\"wp-block-list\">\n<li>Remarc\u00f3 el aporte del Centro de Estudios y Desarrollo Territorial del Departamento de Geograf\u00eda y Turismo de la Universidad Nacional del Sur (UNS), que acompa\u00f1a a Crecer desde la primera edici\u00f3n de las jornadas y \u201cnos aporta su visi\u00f3n desde lo acad\u00e9mico\u201d.<\/li>\n<\/ul>\n\n\n\n<ul class=\"wp-block-list\">\n<li>Enfatiz\u00f3 en: \u201cNos hemos constituido como Asociaci\u00f3n Civil y esperamos seguir profundizando y ampliando nuestros horizontes de trabajo colectivo\u201d, concluy\u00f3.<\/li>\n<\/ul>\n\n\n\n<p class=\"wp-block-paragraph\"><strong>Palabras de Mar\u00eda Bel\u00e9n Nieto, integrante del Centro de Estudios y Desarrollo Territorial de la Universidad Nacional del Sur (UNS) <\/strong><\/p>\n\n\n\n<figure class=\"wp-block-image aligncenter size-full\"><img loading=\"lazy\" decoding=\"async\" width=\"619\" height=\"488\" src=\"https:\/\/infoecos.com.ar\/wp-content\/uploads\/2026\/09\/image-35.png\" alt=\"\" class=\"wp-image-163247\"\/><\/figure>\n\n\n\n<ul class=\"wp-block-list\">\n<li>\u201cEn el a\u00f1o 2020, en plena pandemia, empezamos a organizar acciones. En aquel momento hicimos un conversatorio y todav\u00eda no nos conoc\u00edamos f\u00edsicamente, pero la verdad es que fue un impulso muy importante. A partir de ah\u00ed participamos en las primeras jornadas, as\u00ed que para nosotros estar ac\u00e1 hoy es una alegr\u00eda enorme\u201d.<\/li>\n<\/ul>\n\n\n\n<ul class=\"wp-block-list\">\n<li>\u201cCuando hablamos de innovaci\u00f3n no hablamos solamente de innovaci\u00f3n tecnol\u00f3gica. Tambi\u00e9n hablamos de innovaci\u00f3n social, que no solamente se crea en un laboratorio, sino que puede nacer en una escuela rural, en una cooperativa, en el INTA, en las pr\u00e1cticas y en la gesti\u00f3n territorial, en el rol que desempe\u00f1an las mujeres y en lo que hacemos d\u00eda a d\u00eda, incluso en un aula\u201d.<\/li>\n<\/ul>\n\n\n\n<ul class=\"wp-block-list\">\n<li>Plante\u00f3 la necesidad de pensar el desarrollo desde una mirada integral, que contemple tanto las comunidades rurales como las urbanas y que permita construir estrategias de manera colectiva.<\/li>\n<\/ul>\n\n\n\n<ul class=\"wp-block-list\">\n<li>\u201cTrenque Lauquen no es solamente un punto en el mapa, es un lugar que se construye colectivamente a partir de escuchar diferentes voces\u201d.<\/li>\n<\/ul>\n\n\n\n<p class=\"wp-block-paragraph\"><strong>Guillermo Mart\u00edn, representante del INTA: <\/strong><\/p>\n\n\n\n<figure class=\"wp-block-image aligncenter size-full\"><img loading=\"lazy\" decoding=\"async\" width=\"618\" height=\"499\" src=\"https:\/\/infoecos.com.ar\/wp-content\/uploads\/2026\/09\/image-36.png\" alt=\"\" class=\"wp-image-163248\"\/><\/figure>\n\n\n\n<ul class=\"wp-block-list\">\n<li>\u201cPara nosotros es muy importante estar ac\u00e1 porque el INTA fue la incubadora de Crecer hace m\u00e1s de 10 a\u00f1os\u201d.<\/li>\n<\/ul>\n\n\n\n<ul class=\"wp-block-list\">\n<li>Para una instituci\u00f3n como el INTA es especialmente significativo observar c\u00f3mo un proyecto que naci\u00f3 en su seno logr\u00f3 consolidarse y adquirir autonom\u00eda. \u201cCuando una instituci\u00f3n ve que algo que naci\u00f3 en su seno echa ra\u00edces y da sus frutos, el \u00e9xito se ve como compartido, porque ese proyecto ya tiene autonom\u00eda, identidad propia y hace su camino\u201d.<\/li>\n<\/ul>\n\n\n\n<p class=\"wp-block-paragraph\"><strong>Paneles y Disertaciones: <\/strong><\/p>\n\n\n\n<p class=\"wp-block-paragraph\">Durante la jornada se presentaron tres paneles de intercambio y reflexi\u00f3n. El primero, denominado \u201cUna mirada local del desarrollo regional\u201d, reuni\u00f3 a intendentes y representantes de los municipios de Trenque Lauquen, Pellegrini, Tres Lomas y Rivadavia.<\/p>\n\n\n\n<p class=\"wp-block-paragraph\">Luego, el panel \u201cProducci\u00f3n, innovaci\u00f3n y desarrollo en el medio rural\u201d cont\u00f3 con la participaci\u00f3n de productores y emprendedores de la regi\u00f3n, quienes compartieron experiencias vinculadas al desarrollo productivo y la innovaci\u00f3n en el \u00e1mbito rural.<\/p>\n\n\n\n<p class=\"wp-block-paragraph\">Finalmente, se present\u00f3 el panel \u201cImpacto de la Red Crecer en el territorio (2017-2026)\u201d, con representantes y referentes de las localidades que integran la red, quienes realizaron un recorrido por el trabajo desarrollado durante estos a\u00f1os.<\/p>\n\n\n\n<p class=\"wp-block-paragraph\">La jornada es impulsada por el grupo Crecer \u2013Comunidades Rurales en Red Trenque Lauquen- Mar Verde, Crea, Beruti Pueblo Tur\u00edstico, la Municipalidad de Trenque Lauquen, a trav\u00e9s de la oficina de Promoci\u00f3n Tur\u00edstica que depende de la subsecretar\u00eda de Desarrollo Econ\u00f3mico y Producci\u00f3n, y cuenta con el acompa\u00f1amiento del INTA, Universidad Nacional del Sur, Adeter, (Acci\u00f3n y Desarrollo Territorial) y la Direcci\u00f3n de Cultura y Educaci\u00f3n de la provincia de Buenos Aires. Tambi\u00e9n colaboran el Banco Credicoop, Centro Sinclair y La Pataca.<\/p>\n\n\n\n<figure class=\"wp-block-gallery has-nested-images columns-default is-cropped wp-block-gallery-1 is-layout-flex wp-block-gallery-is-layout-flex\">\n<figure class=\"wp-block-image size-full\"><img loading=\"lazy\" decoding=\"async\" width=\"1600\" height=\"900\" data-id=\"163251\" src=\"https:\/\/infoecos.com.ar\/wp-content\/uploads\/2026\/09\/Crecer-acta-constitutiva-1.jpeg\" alt=\"\" class=\"wp-image-163251\" srcset=\"https:\/\/infoecos.com.ar\/wp-content\/uploads\/2026\/09\/Crecer-acta-constitutiva-1.jpeg 1600w, https:\/\/infoecos.com.ar\/wp-content\/uploads\/2026\/09\/Crecer-acta-constitutiva-1-800x450.jpeg 800w, https:\/\/infoecos.com.ar\/wp-content\/uploads\/2026\/09\/Crecer-acta-constitutiva-1-768x432.jpeg 768w, https:\/\/infoecos.com.ar\/wp-content\/uploads\/2026\/09\/Crecer-acta-constitutiva-1-1024x576.jpeg 1024w, https:\/\/infoecos.com.ar\/wp-content\/uploads\/2026\/09\/Crecer-acta-constitutiva-1-1536x864.jpeg 1536w\" sizes=\"auto, (max-width: 1600px) 100vw, 1600px\" \/><\/figure>\n\n\n\n<figure class=\"wp-block-image size-full\"><img loading=\"lazy\" decoding=\"async\" width=\"1600\" height=\"900\" data-id=\"163249\" src=\"https:\/\/infoecos.com.ar\/wp-content\/uploads\/2026\/09\/Crecer-acta-constitutiva-2-1.jpeg\" alt=\"\" class=\"wp-image-163249\" srcset=\"https:\/\/infoecos.com.ar\/wp-content\/uploads\/2026\/09\/Crecer-acta-constitutiva-2-1.jpeg 1600w, https:\/\/infoecos.com.ar\/wp-content\/uploads\/2026\/09\/Crecer-acta-constitutiva-2-1-800x450.jpeg 800w, https:\/\/infoecos.com.ar\/wp-content\/uploads\/2026\/09\/Crecer-acta-constitutiva-2-1-768x432.jpeg 768w, https:\/\/infoecos.com.ar\/wp-content\/uploads\/2026\/09\/Crecer-acta-constitutiva-2-1-1536x864.jpeg 1536w, https:\/\/infoecos.com.ar\/wp-content\/uploads\/2026\/09\/Crecer-acta-constitutiva-2-1-1024x576.jpeg 1024w\" sizes=\"auto, (max-width: 1600px) 100vw, 1600px\" \/><\/figure>\n\n\n\n<figure class=\"wp-block-image size-full\"><img loading=\"lazy\" decoding=\"async\" width=\"1600\" height=\"900\" data-id=\"163250\" src=\"https:\/\/infoecos.com.ar\/wp-content\/uploads\/2026\/09\/Jornada-Innovacion-Crecer-1.jpeg\" alt=\"\" class=\"wp-image-163250\" srcset=\"https:\/\/infoecos.com.ar\/wp-content\/uploads\/2026\/09\/Jornada-Innovacion-Crecer-1.jpeg 1600w, https:\/\/infoecos.com.ar\/wp-content\/uploads\/2026\/09\/Jornada-Innovacion-Crecer-1-800x450.jpeg 800w, https:\/\/infoecos.com.ar\/wp-content\/uploads\/2026\/09\/Jornada-Innovacion-Crecer-1-768x432.jpeg 768w, https:\/\/infoecos.com.ar\/wp-content\/uploads\/2026\/09\/Jornada-Innovacion-Crecer-1-1536x864.jpeg 1536w, https:\/\/infoecos.com.ar\/wp-content\/uploads\/2026\/09\/Jornada-Innovacion-Crecer-1-1024x576.jpeg 1024w\" sizes=\"auto, (max-width: 1600px) 100vw, 1600px\" \/><\/figure>\n<\/figure>\n","protected":false},"excerpt":{"rendered":"<p>V Jornada Regional de Innovaci\u00f3n y Desarrollo Territorial. Puntos sobresalientes del discurso del intendente Recoulat:&#8230;<\/p>\n","protected":false},"author":2,"featured_media":163251,"comment_status":"closed","ping_status":"open","sticky":false,"template":"","format":"standard","meta":{"footnotes":""},"categories":[1613],"tags":[10298,1750],"class_list":["post-163243","post","type-post","status-publish","format-standard","has-post-thumbnail","hentry","category-noticia-secundaria","tag-bloque-inferior","tag-deporte"],"featured_image_urls":{"full":["https:\/\/infoecos.com.ar\/wp-content\/uploads\/2026\/09\/Crecer-acta-constitutiva-1.jpeg",1600,900,false],"thumbnail":["https:\/\/infoecos.com.ar\/wp-content\/uploads\/2026\/09\/Crecer-acta-constitutiva-1-300x150.jpeg",300,150,true],"medium":["https:\/\/infoecos.com.ar\/wp-content\/uploads\/2026\/09\/Crecer-acta-constitutiva-1-800x450.jpeg",800,450,true],"medium_large":["https:\/\/infoecos.com.ar\/wp-content\/uploads\/2026\/09\/Crecer-acta-constitutiva-1-768x432.jpeg",640,360,true],"large":["https:\/\/infoecos.com.ar\/wp-content\/uploads\/2026\/09\/Crecer-acta-constitutiva-1.jpeg",640,360,false],"1536x1536":["https:\/\/infoecos.com.ar\/wp-content\/uploads\/2026\/09\/Crecer-acta-constitutiva-1-1536x864.jpeg",1536,864,true],"2048x2048":["https:\/\/infoecos.com.ar\/wp-content\/uploads\/2026\/09\/Crecer-acta-constitutiva-1.jpeg",1600,900,false],"covernews-slider-full":["https:\/\/infoecos.com.ar\/wp-content\/uploads\/2026\/09\/Crecer-acta-constitutiva-1-1115x715.jpeg",1115,715,true],"covernews-slider-center":["https:\/\/infoecos.com.ar\/wp-content\/uploads\/2026\/09\/Crecer-acta-constitutiva-1-800x500.jpeg",800,500,true],"covernews-featured":["https:\/\/infoecos.com.ar\/wp-content\/uploads\/2026\/09\/Crecer-acta-constitutiva-1-1024x576.jpeg",1024,576,true],"covernews-medium":["https:\/\/infoecos.com.ar\/wp-content\/uploads\/2026\/09\/Crecer-acta-constitutiva-1-540x340.jpeg",540,340,true],"covernews-medium-square":["https:\/\/infoecos.com.ar\/wp-content\/uploads\/2026\/09\/Crecer-acta-constitutiva-1-400x250.jpeg",400,250,true]},"author_info":{"info":["Jorge Matheus"]},"category_info":"<a href=\"https:\/\/infoecos.com.ar\/index.php\/category\/noticia-secundaria\/\" rel=\"category tag\">Noticia Secundaria<\/a>","tag_info":"Noticia Secundaria","comment_count":"0","_links":{"self":[{"href":"https:\/\/infoecos.com.ar\/index.php\/wp-json\/wp\/v2\/posts\/163243","targetHints":{"allow":["GET"]}}],"collection":[{"href":"https:\/\/infoecos.com.ar\/index.php\/wp-json\/wp\/v2\/posts"}],"about":[{"href":"https:\/\/infoecos.com.ar\/index.php\/wp-json\/wp\/v2\/types\/post"}],"author":[{"embeddable":true,"href":"https:\/\/infoecos.com.ar\/index.php\/wp-json\/wp\/v2\/users\/2"}],"replies":[{"embeddable":true,"href":"https:\/\/infoecos.com.ar\/index.php\/wp-json\/wp\/v2\/comments?post=163243"}],"version-history":[{"count":2,"href":"https:\/\/infoecos.com.ar\/index.php\/wp-json\/wp\/v2\/posts\/163243\/revisions"}],"predecessor-version":[{"id":163254,"href":"https:\/\/infoecos.com.ar\/index.php\/wp-json\/wp\/v2\/posts\/163243\/revisions\/163254"}],"wp:featuredmedia":[{"embeddable":true,"href":"https:\/\/infoecos.com.ar\/index.php\/wp-json\/wp\/v2\/media\/163251"}],"wp:attachment":[{"href":"https:\/\/infoecos.com.ar\/index.php\/wp-json\/wp\/v2\/media?parent=163243"}],"wp:term":[{"taxonomy":"category","embeddable":true,"href":"https:\/\/infoecos.com.ar\/index.php\/wp-json\/wp\/v2\/categories?post=163243"},{"taxonomy":"post_tag","embeddable":true,"href":"https:\/\/infoecos.com.ar\/index.php\/wp-json\/wp\/v2\/tags?post=163243"}],"curies":[{"name":"wp","href":"https:\/\/api.w.org\/{rel}","templated":true}]}}