{"id":163256,"date":"2026-09-04T15:55:07","date_gmt":"2026-09-04T18:55:07","guid":{"rendered":"https:\/\/infoecos.com.ar\/?p=163256"},"modified":"2026-09-04T16:54:16","modified_gmt":"2026-09-04T19:54:16","slug":"opinion-autorizada-el-diputado-nacional-aldo-leiva-excombatiente-de-la-guerra-de-malvinas-opino-sobre-el-discurso-del-presidente-milei","status":"publish","type":"post","link":"https:\/\/infoecos.com.ar\/index.php\/opinion-autorizada-el-diputado-nacional-aldo-leiva-excombatiente-de-la-guerra-de-malvinas-opino-sobre-el-discurso-del-presidente-milei\/","title":{"rendered":"#Opini\u00f3n autorizada: El diputado nacional Aldo Leiva excombatiente de la Guerra de Malvinas, opin\u00f3 sobre el discurso del presidente Milei"},"content":{"rendered":"\n<p class=\"wp-block-paragraph\">El diputado nacional Aldo Leiva, legislador de Uni\u00f3n por la Patria por la provincia del Chaco y excombatiente de la Guerra de Malvinas, en agosto de 2026 durante una sesi\u00f3n en la C\u00e1mara de Diputados, se dirigi\u00f3 muy ofuscado hacia el presidente del cuerpo, Mart\u00edn Menem.<\/p>\n\n\n\n<p class=\"wp-block-paragraph\">Leiva asisti\u00f3 a la sesi\u00f3n portando un saco bordado con la inscripci\u00f3n \u00abLas Malvinas son argentinas\u00bb. El diputado denunci\u00f3 p\u00fablicamente que esto provoc\u00f3 burlas, gestos y comentarios despectivos (como ser tratado de \u00abpayaso\u00bb o \u00abrid\u00edculo\u00bb) por parte de legisladores de La Libertad Avanza.<\/p>\n\n\n\n<figure class=\"wp-block-gallery has-nested-images columns-default is-cropped wp-block-gallery-1 is-layout-flex wp-block-gallery-is-layout-flex\">\n<figure class=\"wp-block-image size-full\"><img loading=\"lazy\" decoding=\"async\" width=\"590\" height=\"393\" data-id=\"163258\" src=\"https:\/\/infoecos.com.ar\/wp-content\/uploads\/2026\/09\/aldoleiva.jpg\" alt=\"\" class=\"wp-image-163258\"\/><\/figure>\n\n\n\n<figure class=\"wp-block-image size-full\"><img loading=\"lazy\" decoding=\"async\" width=\"590\" height=\"393\" data-id=\"163257\" src=\"https:\/\/infoecos.com.ar\/wp-content\/uploads\/2026\/09\/aldoleiva1.jpg\" alt=\"\" class=\"wp-image-163257\"\/><\/figure>\n<\/figure>\n\n\n\n<p class=\"has-text-align-center wp-block-paragraph\"><strong>PRESIDENTE, LE FALT\u00d3 DECIR: SI QUIEREN VENIR QUE VENGAN.<\/strong><\/p>\n\n\n\n<p class=\"has-text-align-center wp-block-paragraph\"><strong>CON MALVINAS NO SE JUEGA<\/strong><\/p>\n\n\n\n<p class=\"wp-block-paragraph\">Escuch\u00e9 atentamente al presidente Javier Milei hablar de nuestras Islas Malvinas. Como argentino, como chaque\u00f1o y, fundamentalmente, como excombatiente, quiero decir algo con absoluta claridad: cualquier paso que contribuya a recuperar el ejercicio pleno de nuestra soberan\u00eda por la v\u00eda pac\u00edfica y diplom\u00e1tica ser\u00e1 bienvenido.<\/p>\n\n\n\n<p class=\"wp-block-paragraph\">Pero tampoco podemos ser ingenuos.<\/p>\n\n\n\n<p class=\"wp-block-paragraph\">Estados Unidos no empez\u00f3 a interesarse de repente por Malvinas porque descubri\u00f3 la justicia del reclamo argentino. En el Atl\u00e1ntico Sur existen enormes intereses geopol\u00edticos, militares, energ\u00e9ticos y econ\u00f3micos.<\/p>\n\n\n\n<p class=\"wp-block-paragraph\">Por eso, si detr\u00e1s de una b\u00fasqueda de soluci\u00f3n dentro del marco diplom\u00e1tico lo que realmente existe es un acuerdo para reemplazar la influencia brit\u00e1nica por la norteamericana, conmigo no cuenten.<\/p>\n\n\n\n<p class=\"wp-block-paragraph\">Malvinas no puede ser moneda de cambio entre Donald Trump y el Reino Unido.<\/p>\n\n\n\n<p class=\"wp-block-paragraph\">Tampoco alcanza con anunciar una gran Base Naval Integrada mientras nuestros hombres y mujeres de las Fuerzas Armadas atraviesan enormes dificultades salariales y su obra social se encuentra en una situaci\u00f3n cr\u00edtica. La soberan\u00eda no se construye solamente con anuncios. Se construye fortaleciendo nuestras Fuerzas Armadas, defendiendo nuestros recursos naturales y sosteniendo una pol\u00edtica exterior verdaderamente independiente.<\/p>\n\n\n\n<p class=\"wp-block-paragraph\">Cuando Estados Unidos reconozca, sin condicionamientos y de manera inequ\u00edvoca, la soberan\u00eda argentina sobre las Islas Malvinas, podremos hablar de un verdadero avance diplom\u00e1tico. Hasta entonces, prudencia.<\/p>\n\n\n\n<p class=\"wp-block-paragraph\">No queremos cambiar de patr\u00f3n.<\/p>\n\n\n\n<p class=\"wp-block-paragraph\">Queremos ser soberanos.<\/p>\n\n\n\n<p class=\"wp-block-paragraph\">Las Malvinas no son brit\u00e1nicas.<\/p>\n\n\n\n<p class=\"wp-block-paragraph\">Tampoco son norteamericanas.<\/p>\n\n\n\n<p class=\"wp-block-paragraph\">LAS MALVINAS SON ARGENTINAS<\/p>\n","protected":false},"excerpt":{"rendered":"<p>El diputado nacional Aldo Leiva, legislador de Uni\u00f3n por la Patria por la provincia del&#8230;<\/p>\n","protected":false},"author":2,"featured_media":163257,"comment_status":"closed","ping_status":"open","sticky":false,"template":"","format":"standard","meta":{"footnotes":""},"categories":[1],"tags":[10304,10298],"class_list":["post-163256","post","type-post","status-publish","format-standard","has-post-thumbnail","hentry","category-sin-categoria","tag-actualidad","tag-bloque-inferior"],"featured_image_urls":{"full":["https:\/\/infoecos.com.ar\/wp-content\/uploads\/2026\/09\/aldoleiva1.jpg",590,393,false],"thumbnail":["https:\/\/infoecos.com.ar\/wp-content\/uploads\/2026\/09\/aldoleiva1-300x150.jpg",300,150,true],"medium":["https:\/\/infoecos.com.ar\/wp-content\/uploads\/2026\/09\/aldoleiva1.jpg",590,393,false],"medium_large":["https:\/\/infoecos.com.ar\/wp-content\/uploads\/2026\/09\/aldoleiva1.jpg",590,393,false],"large":["https:\/\/infoecos.com.ar\/wp-content\/uploads\/2026\/09\/aldoleiva1.jpg",590,393,false],"1536x1536":["https:\/\/infoecos.com.ar\/wp-content\/uploads\/2026\/09\/aldoleiva1.jpg",590,393,false],"2048x2048":["https:\/\/infoecos.com.ar\/wp-content\/uploads\/2026\/09\/aldoleiva1.jpg",590,393,false],"covernews-slider-full":["https:\/\/infoecos.com.ar\/wp-content\/uploads\/2026\/09\/aldoleiva1.jpg",590,393,false],"covernews-slider-center":["https:\/\/infoecos.com.ar\/wp-content\/uploads\/2026\/09\/aldoleiva1.jpg",590,393,false],"covernews-featured":["https:\/\/infoecos.com.ar\/wp-content\/uploads\/2026\/09\/aldoleiva1.jpg",590,393,false],"covernews-medium":["https:\/\/infoecos.com.ar\/wp-content\/uploads\/2026\/09\/aldoleiva1-540x340.jpg",540,340,true],"covernews-medium-square":["https:\/\/infoecos.com.ar\/wp-content\/uploads\/2026\/09\/aldoleiva1-400x250.jpg",400,250,true]},"author_info":{"info":["Jorge Matheus"]},"category_info":"<a href=\"https:\/\/infoecos.com.ar\/index.php\/category\/sin-categoria\/\" rel=\"category tag\">Sin categor\u00eda<\/a>","tag_info":"Sin categor\u00eda","comment_count":"0","_links":{"self":[{"href":"https:\/\/infoecos.com.ar\/index.php\/wp-json\/wp\/v2\/posts\/163256","targetHints":{"allow":["GET"]}}],"collection":[{"href":"https:\/\/infoecos.com.ar\/index.php\/wp-json\/wp\/v2\/posts"}],"about":[{"href":"https:\/\/infoecos.com.ar\/index.php\/wp-json\/wp\/v2\/types\/post"}],"author":[{"embeddable":true,"href":"https:\/\/infoecos.com.ar\/index.php\/wp-json\/wp\/v2\/users\/2"}],"replies":[{"embeddable":true,"href":"https:\/\/infoecos.com.ar\/index.php\/wp-json\/wp\/v2\/comments?post=163256"}],"version-history":[{"count":1,"href":"https:\/\/infoecos.com.ar\/index.php\/wp-json\/wp\/v2\/posts\/163256\/revisions"}],"predecessor-version":[{"id":163259,"href":"https:\/\/infoecos.com.ar\/index.php\/wp-json\/wp\/v2\/posts\/163256\/revisions\/163259"}],"wp:featuredmedia":[{"embeddable":true,"href":"https:\/\/infoecos.com.ar\/index.php\/wp-json\/wp\/v2\/media\/163257"}],"wp:attachment":[{"href":"https:\/\/infoecos.com.ar\/index.php\/wp-json\/wp\/v2\/media?parent=163256"}],"wp:term":[{"taxonomy":"category","embeddable":true,"href":"https:\/\/infoecos.com.ar\/index.php\/wp-json\/wp\/v2\/categories?post=163256"},{"taxonomy":"post_tag","embeddable":true,"href":"https:\/\/infoecos.com.ar\/index.php\/wp-json\/wp\/v2\/tags?post=163256"}],"curies":[{"name":"wp","href":"https:\/\/api.w.org\/{rel}","templated":true}]}}