{"id":163260,"date":"2026-09-04T21:31:01","date_gmt":"2026-09-05T00:31:01","guid":{"rendered":"https:\/\/infoecos.com.ar\/?p=163260"},"modified":"2026-09-04T21:31:01","modified_gmt":"2026-09-05T00:31:01","slug":"clima-estimacion-de-baja-considerable-de-la-temperatura-con-minima-de-2-grados-bajo-cero-para-el-domingo-y-lunes","status":"publish","type":"post","link":"https:\/\/infoecos.com.ar\/index.php\/clima-estimacion-de-baja-considerable-de-la-temperatura-con-minima-de-2-grados-bajo-cero-para-el-domingo-y-lunes\/","title":{"rendered":"#Clima: Estimaci\u00f3n de baja considerable de la temperatura, con m\u00ednima de 2 grados bajo cero para el domingo y lunes"},"content":{"rendered":"\n<p class=\"has-text-align-center wp-block-paragraph\"><strong>Servicio Meteorol\u00f3gico Nacional<\/strong><\/p>\n\n\n\n<p class=\"wp-block-paragraph\"><strong><mark style=\"background-color:rgba(0, 0, 0, 0)\" class=\"has-inline-color has-vivid-red-color\">Estimaci\u00f3n de baja considerable de la temperatura, con m\u00ednima de 2 grados bajo cero para el domingo y lunes.<\/mark><\/strong><\/p>\n\n\n\n<figure class=\"wp-block-image aligncenter size-full\"><img loading=\"lazy\" decoding=\"async\" width=\"433\" height=\"222\" src=\"https:\/\/infoecos.com.ar\/wp-content\/uploads\/2026\/09\/image-37.png\" alt=\"\" class=\"wp-image-163261\"\/><\/figure>\n\n\n\n<figure class=\"wp-block-image aligncenter size-full\"><img loading=\"lazy\" decoding=\"async\" width=\"223\" height=\"300\" src=\"https:\/\/infoecos.com.ar\/wp-content\/uploads\/2024\/06\/image-404.png\" alt=\"\" class=\"wp-image-126501\"\/><\/figure>\n","protected":false},"excerpt":{"rendered":"<p>Servicio Meteorol\u00f3gico Nacional Estimaci\u00f3n de baja considerable de la temperatura, con m\u00ednima de 2 grados&#8230;<\/p>\n","protected":false},"author":2,"featured_media":126501,"comment_status":"closed","ping_status":"open","sticky":false,"template":"","format":"standard","meta":{"footnotes":""},"categories":[1612],"tags":[10298,1750],"class_list":["post-163260","post","type-post","status-publish","format-standard","has-post-thumbnail","hentry","category-noticia-principal","tag-bloque-inferior","tag-deporte"],"featured_image_urls":{"full":["https:\/\/infoecos.com.ar\/wp-content\/uploads\/2024\/06\/image-404.png",223,300,false],"thumbnail":["https:\/\/infoecos.com.ar\/wp-content\/uploads\/2024\/06\/image-404-223x150.png",223,150,true],"medium":["https:\/\/infoecos.com.ar\/wp-content\/uploads\/2024\/06\/image-404.png",223,300,false],"medium_large":["https:\/\/infoecos.com.ar\/wp-content\/uploads\/2024\/06\/image-404.png",223,300,false],"large":["https:\/\/infoecos.com.ar\/wp-content\/uploads\/2024\/06\/image-404.png",223,300,false],"1536x1536":["https:\/\/infoecos.com.ar\/wp-content\/uploads\/2024\/06\/image-404.png",223,300,false],"2048x2048":["https:\/\/infoecos.com.ar\/wp-content\/uploads\/2024\/06\/image-404.png",223,300,false],"covernews-slider-full":["https:\/\/infoecos.com.ar\/wp-content\/uploads\/2024\/06\/image-404.png",223,300,false],"covernews-slider-center":["https:\/\/infoecos.com.ar\/wp-content\/uploads\/2024\/06\/image-404.png",223,300,false],"covernews-featured":["https:\/\/infoecos.com.ar\/wp-content\/uploads\/2024\/06\/image-404.png",223,300,false],"covernews-medium":["https:\/\/infoecos.com.ar\/wp-content\/uploads\/2024\/06\/image-404.png",223,300,false],"covernews-medium-square":["https:\/\/infoecos.com.ar\/wp-content\/uploads\/2024\/06\/image-404-223x250.png",223,250,true]},"author_info":{"info":["Jorge Matheus"]},"category_info":"<a href=\"https:\/\/infoecos.com.ar\/index.php\/category\/noticia-principal\/\" rel=\"category tag\">Noticia Principal<\/a>","tag_info":"Noticia Principal","comment_count":"0","_links":{"self":[{"href":"https:\/\/infoecos.com.ar\/index.php\/wp-json\/wp\/v2\/posts\/163260","targetHints":{"allow":["GET"]}}],"collection":[{"href":"https:\/\/infoecos.com.ar\/index.php\/wp-json\/wp\/v2\/posts"}],"about":[{"href":"https:\/\/infoecos.com.ar\/index.php\/wp-json\/wp\/v2\/types\/post"}],"author":[{"embeddable":true,"href":"https:\/\/infoecos.com.ar\/index.php\/wp-json\/wp\/v2\/users\/2"}],"replies":[{"embeddable":true,"href":"https:\/\/infoecos.com.ar\/index.php\/wp-json\/wp\/v2\/comments?post=163260"}],"version-history":[{"count":1,"href":"https:\/\/infoecos.com.ar\/index.php\/wp-json\/wp\/v2\/posts\/163260\/revisions"}],"predecessor-version":[{"id":163262,"href":"https:\/\/infoecos.com.ar\/index.php\/wp-json\/wp\/v2\/posts\/163260\/revisions\/163262"}],"wp:featuredmedia":[{"embeddable":true,"href":"https:\/\/infoecos.com.ar\/index.php\/wp-json\/wp\/v2\/media\/126501"}],"wp:attachment":[{"href":"https:\/\/infoecos.com.ar\/index.php\/wp-json\/wp\/v2\/media?parent=163260"}],"wp:term":[{"taxonomy":"category","embeddable":true,"href":"https:\/\/infoecos.com.ar\/index.php\/wp-json\/wp\/v2\/categories?post=163260"},{"taxonomy":"post_tag","embeddable":true,"href":"https:\/\/infoecos.com.ar\/index.php\/wp-json\/wp\/v2\/tags?post=163260"}],"curies":[{"name":"wp","href":"https:\/\/api.w.org\/{rel}","templated":true}]}}