{"id":163268,"date":"2026-09-04T22:12:54","date_gmt":"2026-09-05T01:12:54","guid":{"rendered":"https:\/\/infoecos.com.ar\/?p=163268"},"modified":"2026-09-04T22:12:55","modified_gmt":"2026-09-05T01:12:55","slug":"avanzara-cargill-argentina-reanudara-sus-actividades-en-la-planta-de-acopio-en-la-localidad-de-arribenos-distrito-de-general-arenales","status":"publish","type":"post","link":"https:\/\/infoecos.com.ar\/index.php\/avanzara-cargill-argentina-reanudara-sus-actividades-en-la-planta-de-acopio-en-la-localidad-de-arribenos-distrito-de-general-arenales\/","title":{"rendered":"#Avanzar\u00e1: Cargill Argentina reanudar\u00e1 sus actividades en la planta de acopio en la localidad de Arribe\u00f1os, distrito de General Arenales"},"content":{"rendered":"\n<p class=\"wp-block-paragraph\">Cargill Argentina decidi\u00f3 avanzar con una reanudaci\u00f3n controlada de las actividades de su planta de acopio en la localidad de Arribe\u00f1os a partir del 10 de septiembre. Esta decisi\u00f3n se adopta luego de las medidas extraordinarias de seguridad implementadas por las autoridades competentes.<\/p>\n\n\n\n<p class=\"wp-block-paragraph\">La situaci\u00f3n que dio origen a este escenario contin\u00faa siendo ajena a Cargill y responde a diferencias entre actores del sector del transporte. La reanudaci\u00f3n de las actividades no implica que dicho conflicto haya sido resuelto ni constituye una soluci\u00f3n definitiva. En ese sentido, Cargill valora el trabajo realizado por las autoridades e insta a las partes involucradas a alcanzar una soluci\u00f3n definitiva&nbsp;y sostenible que permita superar esta situaci\u00f3n de manera duradera.&nbsp;<\/p>\n\n\n\n<p class=\"wp-block-paragraph\">Las medidas extraordinarias actualmente vigentes ser\u00e1n monitoreadas permanentemente por la compa\u00f1\u00eda. La continuidad de la operaci\u00f3n depender\u00e1 de que existan condiciones seguras, estables y sostenibles en el tiempo.<\/p>\n\n\n\n<figure class=\"wp-block-image size-full\"><img loading=\"lazy\" decoding=\"async\" width=\"880\" height=\"512\" src=\"https:\/\/infoecos.com.ar\/wp-content\/uploads\/2024\/12\/image-59.png\" alt=\"\" class=\"wp-image-133899\" srcset=\"https:\/\/infoecos.com.ar\/wp-content\/uploads\/2024\/12\/image-59.png 880w, https:\/\/infoecos.com.ar\/wp-content\/uploads\/2024\/12\/image-59-800x465.png 800w, https:\/\/infoecos.com.ar\/wp-content\/uploads\/2024\/12\/image-59-768x447.png 768w\" sizes=\"auto, (max-width: 880px) 100vw, 880px\" \/><\/figure>\n","protected":false},"excerpt":{"rendered":"<p>Cargill Argentina decidi\u00f3 avanzar con una reanudaci\u00f3n controlada de las actividades de su planta de&#8230;<\/p>\n","protected":false},"author":2,"featured_media":133899,"comment_status":"closed","ping_status":"open","sticky":false,"template":"","format":"standard","meta":{"footnotes":""},"categories":[1],"tags":[10304,10298,10290],"class_list":["post-163268","post","type-post","status-publish","format-standard","has-post-thumbnail","hentry","category-sin-categoria","tag-actualidad","tag-bloque-inferior","tag-entretenimiento"],"featured_image_urls":{"full":["https:\/\/infoecos.com.ar\/wp-content\/uploads\/2024\/12\/image-59.png",880,512,false],"thumbnail":["https:\/\/infoecos.com.ar\/wp-content\/uploads\/2024\/12\/image-59-300x150.png",300,150,true],"medium":["https:\/\/infoecos.com.ar\/wp-content\/uploads\/2024\/12\/image-59-800x465.png",800,465,true],"medium_large":["https:\/\/infoecos.com.ar\/wp-content\/uploads\/2024\/12\/image-59-768x447.png",640,373,true],"large":["https:\/\/infoecos.com.ar\/wp-content\/uploads\/2024\/12\/image-59.png",640,372,false],"1536x1536":["https:\/\/infoecos.com.ar\/wp-content\/uploads\/2024\/12\/image-59.png",880,512,false],"2048x2048":["https:\/\/infoecos.com.ar\/wp-content\/uploads\/2024\/12\/image-59.png",880,512,false],"covernews-slider-full":["https:\/\/infoecos.com.ar\/wp-content\/uploads\/2024\/12\/image-59.png",880,512,false],"covernews-slider-center":["https:\/\/infoecos.com.ar\/wp-content\/uploads\/2024\/12\/image-59-800x500.png",800,500,true],"covernews-featured":["https:\/\/infoecos.com.ar\/wp-content\/uploads\/2024\/12\/image-59.png",880,512,false],"covernews-medium":["https:\/\/infoecos.com.ar\/wp-content\/uploads\/2024\/12\/image-59-540x340.png",540,340,true],"covernews-medium-square":["https:\/\/infoecos.com.ar\/wp-content\/uploads\/2024\/12\/image-59-400x250.png",400,250,true]},"author_info":{"info":["Jorge Matheus"]},"category_info":"<a href=\"https:\/\/infoecos.com.ar\/index.php\/category\/sin-categoria\/\" rel=\"category tag\">Sin categor\u00eda<\/a>","tag_info":"Sin categor\u00eda","comment_count":"0","_links":{"self":[{"href":"https:\/\/infoecos.com.ar\/index.php\/wp-json\/wp\/v2\/posts\/163268","targetHints":{"allow":["GET"]}}],"collection":[{"href":"https:\/\/infoecos.com.ar\/index.php\/wp-json\/wp\/v2\/posts"}],"about":[{"href":"https:\/\/infoecos.com.ar\/index.php\/wp-json\/wp\/v2\/types\/post"}],"author":[{"embeddable":true,"href":"https:\/\/infoecos.com.ar\/index.php\/wp-json\/wp\/v2\/users\/2"}],"replies":[{"embeddable":true,"href":"https:\/\/infoecos.com.ar\/index.php\/wp-json\/wp\/v2\/comments?post=163268"}],"version-history":[{"count":1,"href":"https:\/\/infoecos.com.ar\/index.php\/wp-json\/wp\/v2\/posts\/163268\/revisions"}],"predecessor-version":[{"id":163269,"href":"https:\/\/infoecos.com.ar\/index.php\/wp-json\/wp\/v2\/posts\/163268\/revisions\/163269"}],"wp:featuredmedia":[{"embeddable":true,"href":"https:\/\/infoecos.com.ar\/index.php\/wp-json\/wp\/v2\/media\/133899"}],"wp:attachment":[{"href":"https:\/\/infoecos.com.ar\/index.php\/wp-json\/wp\/v2\/media?parent=163268"}],"wp:term":[{"taxonomy":"category","embeddable":true,"href":"https:\/\/infoecos.com.ar\/index.php\/wp-json\/wp\/v2\/categories?post=163268"},{"taxonomy":"post_tag","embeddable":true,"href":"https:\/\/infoecos.com.ar\/index.php\/wp-json\/wp\/v2\/tags?post=163268"}],"curies":[{"name":"wp","href":"https:\/\/api.w.org\/{rel}","templated":true}]}}