{"id":163280,"date":"2026-09-05T14:30:21","date_gmt":"2026-09-05T17:30:21","guid":{"rendered":"https:\/\/infoecos.com.ar\/?p=163280"},"modified":"2026-09-05T14:30:22","modified_gmt":"2026-09-05T17:30:22","slug":"alarmante-en-los-primeros-ocho-meses-de-2026-se-registraron-169-victimas-fatales-de-violencia-de-genero-en-argentina","status":"publish","type":"post","link":"https:\/\/infoecos.com.ar\/index.php\/alarmante-en-los-primeros-ocho-meses-de-2026-se-registraron-169-victimas-fatales-de-violencia-de-genero-en-argentina\/","title":{"rendered":"#Alarmante: En los primeros ocho meses de 2026 se registraron 169 v\u00edctimas fatales de violencia de g\u00e9nero en Argentina"},"content":{"rendered":"\n<p class=\"wp-block-paragraph\">Organizaciones de la sociedad civil y observatorios de violencia de g\u00e9nero encendieron las alarmas al revelar que en los primeros ocho meses de 2026 se registraron 169 v\u00edctimas fatales de violencia de g\u00e9nero en Argentina, 349 intentos de femicidio y 203 hijos e hijas que quedaron sin madre, de los cuales el 57% son menores de edad.<\/p>\n\n\n\n<p class=\"wp-block-paragraph\">Seg\u00fan los relevamientos, solo el 16% de las mujeres agredidas ten\u00eda denuncia previa, lo que evidencia la persistente falta de acceso a la justicia y la ineficacia de los mecanismos de protecci\u00f3n.<\/p>\n\n\n\n<p class=\"wp-block-paragraph\">En un comunicado, las organizaciones exigieron el cumplimiento efectivo de las leyes nacionales vigentes, entre ellas la Ley 26.485 de Violencia de G\u00e9nero, la Ley Micaela (27.499), la Ley de Reparaci\u00f3n Econ\u00f3mica \u00abBrisa\u00bb (27.452), la Ley de Abogados para V\u00edctimas (27.210) y la Ley de Trata (26.364).<\/p>\n\n\n\n<p class=\"wp-block-paragraph\">Se\u00f1alaron que \u00abel poder ejecutivo insiste en la disminuci\u00f3n de la violencia ignorando estas cifras\u00bb, y recordaron las declaraciones del presidente Javier Milei, quien afirm\u00f3 en una entrevista que \u00abpulveriz\u00f3 la violencia contra la mujer\u00bb y que \u00absi alguien hizo algo por el bienestar de las mujeres fuimos nosotros\u00bb.<\/p>\n\n\n\n<p class=\"wp-block-paragraph\">Las organizaciones cuestionaron duramente esas afirmaciones: \u00abNi la \u2018pulverizaci\u00f3n\u2019 de la violencia, ni la baja de la natalidad por la Ley de aborto son verdaderas; lo \u00fanico real es la falta de gesti\u00f3n y cumplimiento de leyes vigentes\u00bb.<\/p>\n\n\n\n<p class=\"wp-block-paragraph\">Exigieron \u00abun Estado que act\u00fae y no destruya; un Estado que transforme\u00bb, y pidieron a la Legislatura Nacional que \u00abcomprenda la urgencia y se ocupe de que las leyes que ya existen se cumplan\u00bb. \u00abNo naturalicemos las violencias: no son solo datos, detr\u00e1s de cada v\u00edctima hay cientos de v\u00edctimas colaterales. \u00a1No m\u00e1s femicidios!\u00bb, concluyeron, y recordaron que la violencia de g\u00e9nero \u00abes un tema de Derechos Humanos y no de inseguridad\u00bb.&nbsp;<strong>(InfoGEI)<\/strong><\/p>\n","protected":false},"excerpt":{"rendered":"<p>Seg\u00fan un relevamiento del Observatorio de Femicidios en Argentina \u201cAdriana Marisel Zambrano\u201d, en lo que va de 2026 se registraron 169 femicidios, 349 intentos de femicidio, y que el 57% de los 203 hijos e hijas que quedaron hu\u00e9rfanos son menores de edad, mientras el Gobierno nacional insiste en que \u00abpulveriz\u00f3\u00bb la violencia contra la mujer y desatiende el cumplimiento de las leyes vigentes<\/p>\n","protected":false},"author":2,"featured_media":163281,"comment_status":"closed","ping_status":"open","sticky":false,"template":"","format":"standard","meta":{"footnotes":""},"categories":[1612],"tags":[10298,10290],"class_list":["post-163280","post","type-post","status-publish","format-standard","has-post-thumbnail","hentry","category-noticia-principal","tag-bloque-inferior","tag-entretenimiento"],"featured_image_urls":{"full":["https:\/\/infoecos.com.ar\/wp-content\/uploads\/2026\/09\/Femicidios-en-argentina-2026.jpg",640,356,false],"thumbnail":["https:\/\/infoecos.com.ar\/wp-content\/uploads\/2026\/09\/Femicidios-en-argentina-2026-300x150.jpg",300,150,true],"medium":["https:\/\/infoecos.com.ar\/wp-content\/uploads\/2026\/09\/Femicidios-en-argentina-2026.jpg",640,356,false],"medium_large":["https:\/\/infoecos.com.ar\/wp-content\/uploads\/2026\/09\/Femicidios-en-argentina-2026.jpg",640,356,false],"large":["https:\/\/infoecos.com.ar\/wp-content\/uploads\/2026\/09\/Femicidios-en-argentina-2026.jpg",640,356,false],"1536x1536":["https:\/\/infoecos.com.ar\/wp-content\/uploads\/2026\/09\/Femicidios-en-argentina-2026.jpg",640,356,false],"2048x2048":["https:\/\/infoecos.com.ar\/wp-content\/uploads\/2026\/09\/Femicidios-en-argentina-2026.jpg",640,356,false],"covernews-slider-full":["https:\/\/infoecos.com.ar\/wp-content\/uploads\/2026\/09\/Femicidios-en-argentina-2026.jpg",640,356,false],"covernews-slider-center":["https:\/\/infoecos.com.ar\/wp-content\/uploads\/2026\/09\/Femicidios-en-argentina-2026.jpg",640,356,false],"covernews-featured":["https:\/\/infoecos.com.ar\/wp-content\/uploads\/2026\/09\/Femicidios-en-argentina-2026.jpg",640,356,false],"covernews-medium":["https:\/\/infoecos.com.ar\/wp-content\/uploads\/2026\/09\/Femicidios-en-argentina-2026-540x340.jpg",540,340,true],"covernews-medium-square":["https:\/\/infoecos.com.ar\/wp-content\/uploads\/2026\/09\/Femicidios-en-argentina-2026-400x250.jpg",400,250,true]},"author_info":{"info":["Jorge Matheus"]},"category_info":"<a href=\"https:\/\/infoecos.com.ar\/index.php\/category\/noticia-principal\/\" rel=\"category tag\">Noticia Principal<\/a>","tag_info":"Noticia Principal","comment_count":"0","_links":{"self":[{"href":"https:\/\/infoecos.com.ar\/index.php\/wp-json\/wp\/v2\/posts\/163280","targetHints":{"allow":["GET"]}}],"collection":[{"href":"https:\/\/infoecos.com.ar\/index.php\/wp-json\/wp\/v2\/posts"}],"about":[{"href":"https:\/\/infoecos.com.ar\/index.php\/wp-json\/wp\/v2\/types\/post"}],"author":[{"embeddable":true,"href":"https:\/\/infoecos.com.ar\/index.php\/wp-json\/wp\/v2\/users\/2"}],"replies":[{"embeddable":true,"href":"https:\/\/infoecos.com.ar\/index.php\/wp-json\/wp\/v2\/comments?post=163280"}],"version-history":[{"count":1,"href":"https:\/\/infoecos.com.ar\/index.php\/wp-json\/wp\/v2\/posts\/163280\/revisions"}],"predecessor-version":[{"id":163282,"href":"https:\/\/infoecos.com.ar\/index.php\/wp-json\/wp\/v2\/posts\/163280\/revisions\/163282"}],"wp:featuredmedia":[{"embeddable":true,"href":"https:\/\/infoecos.com.ar\/index.php\/wp-json\/wp\/v2\/media\/163281"}],"wp:attachment":[{"href":"https:\/\/infoecos.com.ar\/index.php\/wp-json\/wp\/v2\/media?parent=163280"}],"wp:term":[{"taxonomy":"category","embeddable":true,"href":"https:\/\/infoecos.com.ar\/index.php\/wp-json\/wp\/v2\/categories?post=163280"},{"taxonomy":"post_tag","embeddable":true,"href":"https:\/\/infoecos.com.ar\/index.php\/wp-json\/wp\/v2\/tags?post=163280"}],"curies":[{"name":"wp","href":"https:\/\/api.w.org\/{rel}","templated":true}]}}