{"id":163283,"date":"2026-09-05T14:41:20","date_gmt":"2026-09-05T17:41:20","guid":{"rendered":"https:\/\/infoecos.com.ar\/?p=163283"},"modified":"2026-09-05T14:41:25","modified_gmt":"2026-09-05T17:41:25","slug":"entre-pares-ciclo-de-talleres-en-el-municipio-de-rivadavia-para-abordar-la-salud-mental-y-el-suicidio","status":"publish","type":"post","link":"https:\/\/infoecos.com.ar\/index.php\/entre-pares-ciclo-de-talleres-en-el-municipio-de-rivadavia-para-abordar-la-salud-mental-y-el-suicidio\/","title":{"rendered":"#Entre Pares: Ciclo de talleres en el municipio de Rivadavia para abordar la salud mental y el suicidio"},"content":{"rendered":"\n<figure class=\"wp-block-image aligncenter size-full\"><img loading=\"lazy\" decoding=\"async\" width=\"354\" height=\"356\" src=\"https:\/\/infoecos.com.ar\/wp-content\/uploads\/2026\/09\/image-43.png\" alt=\"\" class=\"wp-image-163285\"\/><\/figure>\n\n\n\n<p class=\"wp-block-paragraph\">En el marco de las actividades planificadas para septiembre -mes dedicado a la prevenci\u00f3n de la salud mental y del suicidio, cuyo d\u00eda mundial se conmemora el 10 de este mes-, el Municipio de Rivadavia pone en marcha el ciclo de talleres \u00abEntre Pares\u00bb.\u00a0<\/p>\n\n\n\n<p class=\"wp-block-paragraph\">Esta propuesta interdisciplinaria, dise\u00f1ada de manera conjunta entre el \u00e1rea de Juventud y la Secretar\u00eda de Salud local, funcionar\u00e1 todos los jueves de septiembre a partir de las 19:00 horas en el Departamento de la Juventud, en la ciudad de Am\u00e9rica. <\/p>\n\n\n\n<p class=\"wp-block-paragraph\">Los encuentros son independientes y no tienen una secuencia obligatoria, por lo que cualquier interesado puede sumarse de forma libre a una sola jornada o participar de las cuatro sesiones planificadas.<\/p>\n\n\n\n<p class=\"wp-block-paragraph\">Lejos de la estructura de una conferencia r\u00edgida, \u00abEntre Pares\u00bb utilizar\u00e1 una din\u00e1mica l\u00fadica y participativa. Mediante el formato taller, los coordinadores recrear\u00e1n situaciones cotidianas y an\u00f3nimas de manera interactiva para reflexionar sobre mitos instalados y ensayar respuestas de acompa\u00f1amiento efectivas, explic\u00f3 a rivadaviaonline.com.ar la funcionaria y docente Abigail Hillcoat.<\/p>\n\n\n\n<figure class=\"wp-block-video\"><video height=\"850\" style=\"aspect-ratio: 478 \/ 850;\" width=\"478\" controls src=\"https:\/\/infoecos.com.ar\/wp-content\/uploads\/2026\/09\/RIVADAVIA-ENTRE-PARES.mp4\"><\/video><\/figure>\n\n\n\n<p class=\"wp-block-paragraph\"><strong>Fuentes: Municipalidad de Rivadavia y rivadaviaonline.com.ar <\/strong><\/p>\n\n\n\n<p class=\"wp-block-paragraph\"><\/p>\n","protected":false},"excerpt":{"rendered":"<p>En el marco de las actividades planificadas para septiembre -mes dedicado a la prevenci\u00f3n de&#8230;<\/p>\n","protected":false},"author":2,"featured_media":163285,"comment_status":"closed","ping_status":"open","sticky":false,"template":"","format":"standard","meta":{"footnotes":""},"categories":[1612],"tags":[10298],"class_list":["post-163283","post","type-post","status-publish","format-standard","has-post-thumbnail","hentry","category-noticia-principal","tag-bloque-inferior"],"featured_image_urls":{"full":["https:\/\/infoecos.com.ar\/wp-content\/uploads\/2026\/09\/image-43.png",354,356,false],"thumbnail":["https:\/\/infoecos.com.ar\/wp-content\/uploads\/2026\/09\/image-43-300x150.png",300,150,true],"medium":["https:\/\/infoecos.com.ar\/wp-content\/uploads\/2026\/09\/image-43.png",354,356,false],"medium_large":["https:\/\/infoecos.com.ar\/wp-content\/uploads\/2026\/09\/image-43.png",354,356,false],"large":["https:\/\/infoecos.com.ar\/wp-content\/uploads\/2026\/09\/image-43.png",354,356,false],"1536x1536":["https:\/\/infoecos.com.ar\/wp-content\/uploads\/2026\/09\/image-43.png",354,356,false],"2048x2048":["https:\/\/infoecos.com.ar\/wp-content\/uploads\/2026\/09\/image-43.png",354,356,false],"covernews-slider-full":["https:\/\/infoecos.com.ar\/wp-content\/uploads\/2026\/09\/image-43.png",354,356,false],"covernews-slider-center":["https:\/\/infoecos.com.ar\/wp-content\/uploads\/2026\/09\/image-43.png",354,356,false],"covernews-featured":["https:\/\/infoecos.com.ar\/wp-content\/uploads\/2026\/09\/image-43.png",354,356,false],"covernews-medium":["https:\/\/infoecos.com.ar\/wp-content\/uploads\/2026\/09\/image-43-354x340.png",354,340,true],"covernews-medium-square":["https:\/\/infoecos.com.ar\/wp-content\/uploads\/2026\/09\/image-43-354x250.png",354,250,true]},"author_info":{"info":["Jorge Matheus"]},"category_info":"<a href=\"https:\/\/infoecos.com.ar\/index.php\/category\/noticia-principal\/\" rel=\"category tag\">Noticia Principal<\/a>","tag_info":"Noticia Principal","comment_count":"0","_links":{"self":[{"href":"https:\/\/infoecos.com.ar\/index.php\/wp-json\/wp\/v2\/posts\/163283","targetHints":{"allow":["GET"]}}],"collection":[{"href":"https:\/\/infoecos.com.ar\/index.php\/wp-json\/wp\/v2\/posts"}],"about":[{"href":"https:\/\/infoecos.com.ar\/index.php\/wp-json\/wp\/v2\/types\/post"}],"author":[{"embeddable":true,"href":"https:\/\/infoecos.com.ar\/index.php\/wp-json\/wp\/v2\/users\/2"}],"replies":[{"embeddable":true,"href":"https:\/\/infoecos.com.ar\/index.php\/wp-json\/wp\/v2\/comments?post=163283"}],"version-history":[{"count":1,"href":"https:\/\/infoecos.com.ar\/index.php\/wp-json\/wp\/v2\/posts\/163283\/revisions"}],"predecessor-version":[{"id":163286,"href":"https:\/\/infoecos.com.ar\/index.php\/wp-json\/wp\/v2\/posts\/163283\/revisions\/163286"}],"wp:featuredmedia":[{"embeddable":true,"href":"https:\/\/infoecos.com.ar\/index.php\/wp-json\/wp\/v2\/media\/163285"}],"wp:attachment":[{"href":"https:\/\/infoecos.com.ar\/index.php\/wp-json\/wp\/v2\/media?parent=163283"}],"wp:term":[{"taxonomy":"category","embeddable":true,"href":"https:\/\/infoecos.com.ar\/index.php\/wp-json\/wp\/v2\/categories?post=163283"},{"taxonomy":"post_tag","embeddable":true,"href":"https:\/\/infoecos.com.ar\/index.php\/wp-json\/wp\/v2\/tags?post=163283"}],"curies":[{"name":"wp","href":"https:\/\/api.w.org\/{rel}","templated":true}]}}