{"id":163287,"date":"2026-09-05T14:57:49","date_gmt":"2026-09-05T17:57:49","guid":{"rendered":"https:\/\/infoecos.com.ar\/?p=163287"},"modified":"2026-09-05T14:57:50","modified_gmt":"2026-09-05T17:57:50","slug":"dos-tractores-nuevos-succurro-transmitio-la-satisfaccion-por-la-compra-de-dos-nuevos-tractores-los-que-estan-completamente-pagos","status":"publish","type":"post","link":"https:\/\/infoecos.com.ar\/index.php\/dos-tractores-nuevos-succurro-transmitio-la-satisfaccion-por-la-compra-de-dos-nuevos-tractores-los-que-estan-completamente-pagos\/","title":{"rendered":"#Dos tractores nuevos: Succurro transmiti\u00f3 la satisfacci\u00f3n por la compra de dos nuevos tractores, los que est\u00e1n completamente pagos"},"content":{"rendered":"\n<p class=\"wp-block-paragraph\">El intendente municipal de Salliquel\u00f3 anunci\u00f3 el inicio de la compra de maquinar\u00eda. <\/p>\n\n\n\n<p class=\"wp-block-paragraph\">Ariel Succurro comunic\u00f3 la incorporaci\u00f3n de dos nuevos tractores, que ya fueron adquiridos y se encuentran totalmente pagados.<\/p>\n\n\n\n<figure class=\"wp-block-gallery has-nested-images columns-default is-cropped wp-block-gallery-1 is-layout-flex wp-block-gallery-is-layout-flex\">\n<figure class=\"wp-block-image size-full\"><img loading=\"lazy\" decoding=\"async\" width=\"354\" height=\"263\" data-id=\"163288\" src=\"https:\/\/infoecos.com.ar\/wp-content\/uploads\/2026\/09\/salliquelo-tractores-2.jpeg\" alt=\"\" class=\"wp-image-163288\"\/><\/figure>\n\n\n\n<figure class=\"wp-block-image size-full\"><img loading=\"lazy\" decoding=\"async\" width=\"366\" height=\"398\" data-id=\"163289\" src=\"https:\/\/infoecos.com.ar\/wp-content\/uploads\/2026\/09\/salliquelo-tractores-3.jpeg\" alt=\"\" class=\"wp-image-163289\"\/><\/figure>\n<\/figure>\n\n\n\n<p class=\"wp-block-paragraph\">El mandatario comunal en un video que puede verse expres\u00f3 que \u00abestamos invirtiendo los recursos provenientes de las tasas que pagan nuestros vecinos y contamos tambi\u00e9n con el acompa\u00f1amiento y la ayuda del Gobierno de la Provincia de Buenos Aires\u00bb.<\/p>\n\n\n\n<p class=\"wp-block-paragraph\">Sucurro tuvo un p\u00e1rrafo aparte para \u201cBeto\u201d Dom\u00ednguez y a su familia, quienes durante un tiempo pusieron a disposici\u00f3n un tractor de su propiedad para colaborar con las tareas municipales.<\/p>\n\n\n\n<p class=\"wp-block-paragraph\">\u00abEn tiempos dif\u00edciles, poder concretar una adquisici\u00f3n de estas caracter\u00edsticas representa un logro muy importante para toda la comunidad\u00bb, enfatiz\u00f3.<\/p>\n\n\n\n<p class=\"wp-block-paragraph\"><\/p>\n","protected":false},"excerpt":{"rendered":"<p>El intendente municipal de Salliquel\u00f3 anunci\u00f3 el inicio de la compra de maquinar\u00eda. Ariel Succurro&#8230;<\/p>\n","protected":false},"author":2,"featured_media":163290,"comment_status":"closed","ping_status":"open","sticky":false,"template":"","format":"standard","meta":{"footnotes":""},"categories":[1612],"tags":[10298],"class_list":["post-163287","post","type-post","status-publish","format-standard","has-post-thumbnail","hentry","category-noticia-principal","tag-bloque-inferior"],"featured_image_urls":{"full":["https:\/\/infoecos.com.ar\/wp-content\/uploads\/2026\/09\/sucurro-anuncio.jpeg",347,334,false],"thumbnail":["https:\/\/infoecos.com.ar\/wp-content\/uploads\/2026\/09\/sucurro-anuncio-300x150.jpeg",300,150,true],"medium":["https:\/\/infoecos.com.ar\/wp-content\/uploads\/2026\/09\/sucurro-anuncio.jpeg",347,334,false],"medium_large":["https:\/\/infoecos.com.ar\/wp-content\/uploads\/2026\/09\/sucurro-anuncio.jpeg",347,334,false],"large":["https:\/\/infoecos.com.ar\/wp-content\/uploads\/2026\/09\/sucurro-anuncio.jpeg",347,334,false],"1536x1536":["https:\/\/infoecos.com.ar\/wp-content\/uploads\/2026\/09\/sucurro-anuncio.jpeg",347,334,false],"2048x2048":["https:\/\/infoecos.com.ar\/wp-content\/uploads\/2026\/09\/sucurro-anuncio.jpeg",347,334,false],"covernews-slider-full":["https:\/\/infoecos.com.ar\/wp-content\/uploads\/2026\/09\/sucurro-anuncio.jpeg",347,334,false],"covernews-slider-center":["https:\/\/infoecos.com.ar\/wp-content\/uploads\/2026\/09\/sucurro-anuncio.jpeg",347,334,false],"covernews-featured":["https:\/\/infoecos.com.ar\/wp-content\/uploads\/2026\/09\/sucurro-anuncio.jpeg",347,334,false],"covernews-medium":["https:\/\/infoecos.com.ar\/wp-content\/uploads\/2026\/09\/sucurro-anuncio.jpeg",347,334,false],"covernews-medium-square":["https:\/\/infoecos.com.ar\/wp-content\/uploads\/2026\/09\/sucurro-anuncio-347x250.jpeg",347,250,true]},"author_info":{"info":["Jorge Matheus"]},"category_info":"<a href=\"https:\/\/infoecos.com.ar\/index.php\/category\/noticia-principal\/\" rel=\"category tag\">Noticia Principal<\/a>","tag_info":"Noticia Principal","comment_count":"0","_links":{"self":[{"href":"https:\/\/infoecos.com.ar\/index.php\/wp-json\/wp\/v2\/posts\/163287","targetHints":{"allow":["GET"]}}],"collection":[{"href":"https:\/\/infoecos.com.ar\/index.php\/wp-json\/wp\/v2\/posts"}],"about":[{"href":"https:\/\/infoecos.com.ar\/index.php\/wp-json\/wp\/v2\/types\/post"}],"author":[{"embeddable":true,"href":"https:\/\/infoecos.com.ar\/index.php\/wp-json\/wp\/v2\/users\/2"}],"replies":[{"embeddable":true,"href":"https:\/\/infoecos.com.ar\/index.php\/wp-json\/wp\/v2\/comments?post=163287"}],"version-history":[{"count":1,"href":"https:\/\/infoecos.com.ar\/index.php\/wp-json\/wp\/v2\/posts\/163287\/revisions"}],"predecessor-version":[{"id":163291,"href":"https:\/\/infoecos.com.ar\/index.php\/wp-json\/wp\/v2\/posts\/163287\/revisions\/163291"}],"wp:featuredmedia":[{"embeddable":true,"href":"https:\/\/infoecos.com.ar\/index.php\/wp-json\/wp\/v2\/media\/163290"}],"wp:attachment":[{"href":"https:\/\/infoecos.com.ar\/index.php\/wp-json\/wp\/v2\/media?parent=163287"}],"wp:term":[{"taxonomy":"category","embeddable":true,"href":"https:\/\/infoecos.com.ar\/index.php\/wp-json\/wp\/v2\/categories?post=163287"},{"taxonomy":"post_tag","embeddable":true,"href":"https:\/\/infoecos.com.ar\/index.php\/wp-json\/wp\/v2\/tags?post=163287"}],"curies":[{"name":"wp","href":"https:\/\/api.w.org\/{rel}","templated":true}]}}